{"id":84047,"date":"2025-12-23T10:46:08","date_gmt":"2025-12-23T10:46:08","guid":{"rendered":"https:\/\/www.europesays.com\/lv\/84047\/"},"modified":"2025-12-23T10:46:08","modified_gmt":"2025-12-23T10:46:08","slug":"marta-andzane-ar-21-vietu-uzlabo-rezultatu-dartai-neimanei-nesekmejas-lente-lv","status":"publish","type":"post","link":"https:\/\/www.europesays.com\/lv\/84047\/","title":{"rendered":"Marta And\u017e\u0101ne ar 21. vietu uzlabo rezult\u0101tu, D\u0101rtai Neimanei nesekm\u0113jas\u00a0\u2014\u00a0Lente.lv"},"content":{"rendered":"<p>Intriga Siguldas tras\u0113: S\u0101cies Skeletona Pasaules kausa posms<\/p>\n<p>Latvijas ziemas sporta cien\u012bt\u0101jiem aizvad\u012bt\u0101s ned\u0113\u013cas nogale un jaun\u0101 ned\u0113\u013ca Siguldas ledus tras\u0113 pied\u0101v\u0101ja spraigas Pasaules kausa (PK) sacens\u012bbas skeleton\u0101. \u0160is posms ir \u012bpa\u0161i noz\u012bm\u012bgs, jo sportisti c\u012bn\u0101s par punktiem, kas nepiecie\u0161ami ce\u013caz\u012bmju nodro\u0161in\u0101\u0161anai uz 2026. gada Ziemas Olimpiskaj\u0101m sp\u0113l\u0113m Mil\u0101n\u0101 un Kort\u012bn\u0101 d&#8217;Ampeco. Sacens\u012bbu norise m\u0101j\u0101s sportistiem rada gan priek\u0161roc\u012bbas tehnisko zin\u0101\u0161anu zi\u0146\u0101, gan papildu spiedienu sasniegt augstus rezult\u0101tus.<\/p>\n<p>And\u017e\u0101ne pak\u0101pjas p\u0113c otr\u0101 brauciena<\/p>\n<p>Latvijas skeletoniste Marta And\u017e\u0101ne Ceturtdien, sacen\u0161oties tre\u0161aj\u0101 PK posm\u0101, sp\u0113ja demonstr\u0113t uzlabojumu sniegum\u0101. Lai gan pirmaj\u0101 sl\u012bd\u0113jum\u0101 vi\u0146a ie\u0146\u0113ma 25. vietu, And\u017e\u0101ne otraj\u0101 braucien\u0101 uzr\u0101d\u012bja iev\u0113rojami lab\u0101ku laiku, kas \u013c\u0101va kopv\u0113rt\u0113jum\u0101 pak\u0101pties un fini\u0161\u0113t 21. poz\u012bcij\u0101 no 31 start\u0113ju\u0161\u0101s sportistes. \u0160\u0101ds rezult\u0101ts liecina par sp\u0113ju piel\u0101goties trases apst\u0101k\u013ciem sacens\u012bbu gait\u0101.<\/p>\n<p>Neimanei neizdodas iek\u013c\u016bt fin\u0101lam<\/p>\n<p>Citai Latvijas p\u0101rst\u0101vei, D\u0101rtai Neimanei, sacens\u012bbas izv\u0113rt\u0101s krietni sare\u017e\u0123\u012bt\u0101kas. P\u0113c pirm\u0101 brauciena vi\u0146a atrad\u0101s 29. viet\u0101 un nesp\u0113ja kvalific\u0113ties lab\u0101ko 25 skait\u0101, kas nodro\u0161in\u0101tu dal\u012bbu otraj\u0101 braucien\u0101. T\u0101d\u0113j\u0101di Neimane palika \u0101rpus fin\u0101la c\u012b\u0146as un kopv\u0113rt\u0113jum\u0101 ierindoj\u0101s 29. viet\u0101. Lai gan Neimane gada s\u0101kum\u0101 Siguld\u0101 bija triumf\u0113jusi U-20 Eiropas \u010dempion\u0101t\u0101, \u0161oreiz PK posm\u0101 punktus g\u016bt neizdev\u0101s.<\/p>\n<p>Starptautisk\u0101 konkurence un n\u0101kamie posmi<\/p>\n<p>Tre\u0161\u0101 PK posma uzvar\u0113t\u0101jas godu izc\u012bn\u012bja Kima Meilemansa no Be\u013c\u0123ijas, kura ar lielisku sniegumu otraj\u0101 sl\u012bd\u0113jum\u0101 apsteidza konkurentes, p\u0101rsp\u0113jot \u010dehieti Annu Fern\u0161tedtu un britu skeletonisti Am\u0113liju Koltmani. Sacens\u012bbas Siguld\u0101 \u0161osezon ir papildin\u0101tas ar no Insbrukas p\u0101rceltu ceturto posmu, sniedzot papildu iesp\u0113jas sportistiem. Latvie\u0161u skeletonistes turpin\u0101s c\u012b\u0146u par olimpiskajiem punktiem n\u0101kamajos etapos Vinterberg\u0101, Sanktmoric\u0101 un Altenberg\u0101 p\u0113c Jaun\u0101 gada.<\/p>\n","protected":false},"excerpt":{"rendered":"Intriga Siguldas tras\u0113: S\u0101cies Skeletona Pasaules kausa posms Latvijas ziemas sporta cien\u012bt\u0101jiem aizvad\u012bt\u0101s ned\u0113\u013cas nogale un jaun\u0101 ned\u0113\u013ca&hellip;\n","protected":false},"author":2,"featured_media":84048,"comment_status":"","ping_status":"","sticky":false,"template":"","format":"standard","meta":{"footnotes":""},"categories":[17],"tags":[18087,35,39,38,36,37,34,40,18088,2560,615,11526,67],"class_list":{"0":"post-84047","1":"post","2":"type-post","3":"status-publish","4":"format-standard","5":"has-post-thumbnail","7":"category-sports","8":"tag-darta-neimane","9":"tag-latvia","10":"tag-latvian","11":"tag-latviesu","12":"tag-latviesu-valoda","13":"tag-latviesuvaloda","14":"tag-latvija","15":"tag-lv","16":"tag-marta-andzane","17":"tag-pasaules-kauss","18":"tag-sigulda","19":"tag-skeletons","20":"tag-sports"},"share_on_mastodon":{"url":"https:\/\/pubeurope.com\/@lv\/115768484371637035","error":""},"_links":{"self":[{"href":"https:\/\/www.europesays.com\/lv\/wp-json\/wp\/v2\/posts\/84047","targetHints":{"allow":["GET"]}}],"collection":[{"href":"https:\/\/www.europesays.com\/lv\/wp-json\/wp\/v2\/posts"}],"about":[{"href":"https:\/\/www.europesays.com\/lv\/wp-json\/wp\/v2\/types\/post"}],"author":[{"embeddable":true,"href":"https:\/\/www.europesays.com\/lv\/wp-json\/wp\/v2\/users\/2"}],"replies":[{"embeddable":true,"href":"https:\/\/www.europesays.com\/lv\/wp-json\/wp\/v2\/comments?post=84047"}],"version-history":[{"count":0,"href":"https:\/\/www.europesays.com\/lv\/wp-json\/wp\/v2\/posts\/84047\/revisions"}],"wp:featuredmedia":[{"embeddable":true,"href":"https:\/\/www.europesays.com\/lv\/wp-json\/wp\/v2\/media\/84048"}],"wp:attachment":[{"href":"https:\/\/www.europesays.com\/lv\/wp-json\/wp\/v2\/media?parent=84047"}],"wp:term":[{"taxonomy":"category","embeddable":true,"href":"https:\/\/www.europesays.com\/lv\/wp-json\/wp\/v2\/categories?post=84047"},{"taxonomy":"post_tag","embeddable":true,"href":"https:\/\/www.europesays.com\/lv\/wp-json\/wp\/v2\/tags?post=84047"}],"curies":[{"name":"wp","href":"https:\/\/api.w.org\/{rel}","templated":true}]}}