{"id":84049,"date":"2025-12-23T10:48:15","date_gmt":"2025-12-23T10:48:15","guid":{"rendered":"https:\/\/www.europesays.com\/lv\/84049\/"},"modified":"2025-12-23T10:48:15","modified_gmt":"2025-12-23T10:48:15","slug":"tallinas-tirdzniecibas-centra-spradziens-ir-atsevisks-incidents-terorisms-pagaidam-izslegts-lente-lv","status":"publish","type":"post","link":"https:\/\/www.europesays.com\/lv\/84049\/","title":{"rendered":"Tallinas tirdzniec\u012bbas centra spr\u0101dziens ir atsevi\u0161\u0137s incidents, terorisms pagaid\u0101m izsl\u0113gts\u00a0\u2014\u00a0Lente.lv"},"content":{"rendered":"<p>Insidenta apst\u0101k\u013ci un s\u0101kotn\u0113j\u0101 izmekl\u0113\u0161ana<\/p>\n<p>Igaunijas iek\u0161\u0113j\u0101s dro\u0161\u012bbas dienesti, tostarp Igaunijas Dro\u0161\u012bbas policija (KaPo), ir publiski pazi\u0146oju\u0161i, ka sestdien Tallinas liel\u0101kaj\u0101 tirdzniec\u012bbas centr\u0101 \u201c\u00dclemiste\u201d notiku\u0161ais spr\u0101dziens tiek v\u0113rt\u0113ts k\u0101 atsevi\u0161\u0137s incidents. \u0160is pazi\u0146ojums sniedz zin\u0101mu skaidr\u012bbu p\u0113c notikuma, kas izrais\u012bja satraukumu sabiedr\u012bb\u0101, \u012bpa\u0161i \u0146emot v\u0113r\u0101, ka tas notika \u012bsi pirms sv\u0113tku laika.<\/p>\n<p>Eksplozija, kas notika atkritumu tvertn\u0113, ievainoja vienu cilv\u0113ku \u2013 tirdzniec\u012bbas centra darbinieku, kur\u0161 tika nog\u0101d\u0101ts slimn\u012bc\u0101. Par laimi, vi\u0146a ievainojumi nav dz\u012bv\u012bbai b\u012bstami. Incidenta viet\u0101, kas, k\u0101 zi\u0146ots, bija pie p\u0101rtikas veikala \u201cRimi\u201d vai net\u0101lu no bankom\u0101tiem tirdzniec\u012bbas centra pirmaj\u0101 st\u0101v\u0101, nekav\u0113joties ierad\u0101s gl\u0101b\u0113ji, policija un sapieri.<\/p>\n<p>Dro\u0161\u012bbas iest\u0101des uzsv\u0113ru\u0161as, ka pagaid\u0101m nav atrastas liec\u012bbas, kas \u0161o gad\u012bjumu saist\u012btu ar terorismu vai ekstr\u0113mismu. Igaunijas Dro\u0161\u012bbas policijas \u0123ener\u0101ldirektors Margo Pallosons apstiprin\u0101ja, ka draudu l\u012bmenis nav paaugstin\u0101ts un pa\u0161reiz\u0113jie pier\u0101d\u012bjumi nor\u0101da uz izol\u0113tu notikumu.<\/p>\n<p>Aiztur\u0113tais un iesp\u0113jamais mot\u012bvs<\/p>\n<p>Izmekl\u0113\u0161anas gait\u0101 policija ir r\u012bkojusies \u0101tri un sestdienas vakar\u0101 aiztur\u0113jusi 60 gadus vecu v\u012brieti, kur\u0161 tiek tur\u0113ts aizdom\u0101s par spr\u0101dziena sar\u012bko\u0161anu. Igaunijas \u0123ener\u0101lprokurore Astr\u012bda Asi sniedza preciz\u0113jumu par aizdom\u0101s tur\u0113to, nor\u0101dot, ka persona dz\u012bvo Tallin\u0101, iepriek\u0161 bijusi sod\u012bta un nav Igaunijas pilsonis.<\/p>\n<p>Prokurat\u016bra nor\u0101d\u012bjusi uz iesp\u0113jamo nozieguma mot\u012bvu. \u0122ener\u0101lprokurore atkl\u0101ja, ka past\u0101v pamats uzskat\u012bt, ka spr\u0101dziena m\u0113r\u0137is bijis personiska atrieb\u012bba, kas izriet no iepriek\u0161\u0113j\u0101m sait\u0113m ar pa\u0161u tirdzniec\u012bbas centru. T\u0101d\u0113j\u0101di galven\u0101 versija pagaid\u0101m ir v\u0113rsta uz kait\u0113juma nodar\u012b\u0161anu konkr\u0113tam \u012bpa\u0161umam, nevis pla\u0161\u0101ka m\u0113roga teroraktu.<\/p>\n<blockquote><p>&#8220;Ir pamats dom\u0101t, ka nodar\u012bjuma mot\u012bvs bija personiska atrieb\u012bba, kas izriet\u0113ja no iepriek\u0161\u0113j\u0101s saiknes ar \u0161o tirdzniec\u012bbas centru. Bija v\u0113lme nodar\u012bt kait\u0113jumu tirdzniec\u012bbas centram,&#8221; sac\u012bja Igaunijas \u0123ener\u0101lprokurore Astr\u012bda Asi.<\/p><\/blockquote>\n<p>Tiek zi\u0146ots, ka izmantotais spridzeklis bija pa\u0161tais\u012bts, kas atbilst priv\u0101ta, nevis organiz\u0113ta noziedz\u012bga grup\u0113juma darb\u012bbas modelim.<\/p>\n<p>Reakcija un dro\u0161\u012bbas pas\u0101kumi tirdzniec\u012bbas centros<\/p>\n<p>Notikums, kas notika sestdienas vakar\u0101 ap pulksten 18:47, izrais\u012bja nepiecie\u0161am\u012bbu evaku\u0113t tirdzniec\u012bbas centra apmekl\u0113t\u0101jus un darbiniekus. Aculiecinieki zi\u0146oja par ska\u013cu bl\u012bk\u0161\u0137i, kas s\u0101kotn\u0113ji izrais\u012bja \u012bslaic\u012bgu apjukumu un paniku. Cilv\u0113ki, \u012bpa\u0161i autost\u0101vviet\u0101, uz laiku tika satur\u0113ti, kam\u0113r dro\u0161\u012bbas dienesti p\u0101rbaud\u012bja situ\u0101ciju.<\/p>\n<p>Tallinas m\u0113rs Peeters Raudseps uzsv\u0113ra, ka dro\u0161\u012bbas dienesti rea\u0123\u0113ju\u0161i \u0101tri un profesion\u0101li. Pils\u0113tas pa\u0161vald\u012bba nodro\u0161in\u0101ja papildu autobusus, lai izmitin\u0101tu evaku\u0113tos cilv\u0113kus siltum\u0101. Savuk\u0101rt Igaunijas Policijas un robe\u017esardzes departamenta \u0123ener\u0101ldirektors Egerts Be\u013ci\u010devs atzina, ka spr\u0101dziens ned\u0113\u013cu pirms Ziemassv\u0113tkiem saprotami rada bailes un apjukumu.<\/p>\n<p>Lai uztur\u0113tu sabiedr\u012bbas dro\u0161\u012bbas saj\u016btu sv\u0113tku laik\u0101, tika pie\u0146emts l\u0113mums par pastiprin\u0101tu policijas kl\u0101tb\u016btni vis\u0101s p\u0101rpild\u012btaj\u0101s viet\u0101s. Policija ar\u012b sazin\u0101j\u0101s ar tirdzniec\u012bbas centru vad\u012bbu vis\u0101 Igaunij\u0101, lai sniegtu jaun\u0101k\u0101s r\u012bc\u012bbas vadl\u012bnijas un pastiprin\u0101tu dro\u0161\u012bbas proced\u016bras.<\/p>\n<p>\u201c\u00dclemiste\u201d centra atjaunot\u0101 darb\u012bba un Latvijas poz\u012bcija<\/p>\n<p>P\u0113c nakts p\u0101rbaudes, kuras laik\u0101 netika atkl\u0101ti nek\u0101di papildu draudi, tirdzniec\u012bbas centrs \u201c\u00dclemiste\u201d, kas ir viens no Igaunijas liel\u0101kajiem, sv\u0113tdien ats\u0101ka darbu. Tirdzniec\u012bbas centra p\u0101rst\u0101vji paudu\u0161i, ka apmekl\u0113t\u0101ju un darbinieku dro\u0161\u012bba ir augst\u0101k\u0101 priorit\u0101te, un tiek cie\u0161i sadarbojusies ar izmekl\u0113\u0161anas iest\u0101d\u0113m.<\/p>\n<p>Latvijas \u0100rlietu ministrija (\u0100M) rea\u0123\u0113ja uz notiku\u0161o, inform\u0113jot, ka, sazinoties ar Latvijas v\u0113stniec\u012bbu Igaunij\u0101, nav g\u016btas zi\u0146as par Latvijas valstspieder\u012bgo cietu\u0161ajiem \u0161aj\u0101 incident\u0101. Tas ir noz\u012bm\u012bgs apstiprin\u0101jums, \u0146emot v\u0113r\u0101 tuv\u0101s attiec\u012bbas un daudzo Latvijas iedz\u012bvot\u0101ju apmekl\u0113jumus kaimi\u0146valsts galvaspils\u0113t\u0101.<\/p>\n<p>Pla\u0161\u0101ks konteksts un dro\u0161\u012bbas vides v\u0113rt\u0113jums<\/p>\n<p>\u0160is incidents notiek laik\u0101, kad Baltijas valst\u012bs un pla\u0161\u0101k\u0101 Eiropas re\u0123ion\u0101 dro\u0161\u012bbas situ\u0101cija tiek v\u0113rt\u0113ta paaugstin\u0101tas uzman\u012bbas re\u017e\u012bm\u0101. Pat ja KaPo uzsver, ka spr\u0101dziens nav terorisms, atsevi\u0161\u0137i incidenti, \u012bpa\u0161i tirdzniec\u012bbas centros, atg\u0101dina par nepiecie\u0161am\u012bbu past\u0101v\u012bgi uztur\u0113t augstu modr\u012bbu.<\/p>\n<p>Igaunijas dro\u0161\u012bbas iest\u0101des publiski aicin\u0101ja iedz\u012bvot\u0101jus jebk\u0101du aizdom\u012bgu priek\u0161metu vai uzved\u012bbas paman\u012b\u0161anas gad\u012bjum\u0101 nekav\u0113joties zi\u0146ot policijai. \u0160\u0101da prevent\u012bva komunik\u0101cija ir svar\u012bga, lai mazin\u0101tu sabiedr\u012bbas ba\u017eas un nodro\u0161in\u0101tu, ka iedz\u012bvot\u0101ji neizr\u0101da p\u0101rm\u0113r\u012bgu piesardz\u012bbu vai tie\u0161i pret\u0113ji \u2013 neignor\u0113 potenci\u0101los riskus, \u012bpa\u0161i, uzs\u0101koties sv\u0113tku iepirk\u0161an\u0101s sezona. Izmekl\u0113\u0161ana turpin\u0101s, lai piln\u012bb\u0101 noskaidrotu visus spr\u0101dziena apst\u0101k\u013cus un nodro\u0161in\u0101tu, ka atrieb\u012bbas mot\u012bvs ir vien\u012bgais \u0161\u012b notikuma skaidrojums.<\/p>\n","protected":false},"excerpt":{"rendered":"Insidenta apst\u0101k\u013ci un s\u0101kotn\u0113j\u0101 izmekl\u0113\u0161ana Igaunijas iek\u0161\u0113j\u0101s dro\u0161\u012bbas dienesti, tostarp Igaunijas Dro\u0161\u012bbas policija (KaPo), ir publiski pazi\u0146oju\u0161i, ka&hellip;\n","protected":false},"author":2,"featured_media":84050,"comment_status":"","ping_status":"","sticky":false,"template":"","format":"standard","meta":{"footnotes":""},"categories":[14],"tags":[23,57,28,29,32,33,22,21196,21198,30,31,35,39,38,36,37,34,40,20,26,27,21200,21197,21199,24,25,54,55,56,21,58],"class_list":{"0":"post-84049","1":"post","2":"type-post","3":"status-publish","4":"format-standard","5":"has-post-thumbnail","7":"category-zinas-no-arvalstim","8":"tag-aktualitates","9":"tag-arvalstim","10":"tag-breaking-news","11":"tag-breakingnews","12":"tag-featured-news","13":"tag-featurednews","14":"tag-headlines","15":"tag-igaunijas-drosibas-policija","16":"tag-kapo","17":"tag-latest-news","18":"tag-latestnews","19":"tag-latvia","20":"tag-latvian","21":"tag-latviesu","22":"tag-latviesu-valoda","23":"tag-latviesuvaloda","24":"tag-latvija","25":"tag-lv","26":"tag-news","27":"tag-popularakas-zinas","28":"tag-popularakaszinas","29":"tag-spradziens-tallina","30":"tag-tallinas-spradziens","31":"tag-tirdzniecibas-centrs-ulemiste","32":"tag-top-stories","33":"tag-topstories","34":"tag-world","35":"tag-world-news","36":"tag-worldnews","37":"tag-zinas","38":"tag-zinas-no-arvalstim"},"share_on_mastodon":{"url":"","error":"Validation failed: Text character limit of 500 exceeded"},"_links":{"self":[{"href":"https:\/\/www.europesays.com\/lv\/wp-json\/wp\/v2\/posts\/84049","targetHints":{"allow":["GET"]}}],"collection":[{"href":"https:\/\/www.europesays.com\/lv\/wp-json\/wp\/v2\/posts"}],"about":[{"href":"https:\/\/www.europesays.com\/lv\/wp-json\/wp\/v2\/types\/post"}],"author":[{"embeddable":true,"href":"https:\/\/www.europesays.com\/lv\/wp-json\/wp\/v2\/users\/2"}],"replies":[{"embeddable":true,"href":"https:\/\/www.europesays.com\/lv\/wp-json\/wp\/v2\/comments?post=84049"}],"version-history":[{"count":0,"href":"https:\/\/www.europesays.com\/lv\/wp-json\/wp\/v2\/posts\/84049\/revisions"}],"wp:featuredmedia":[{"embeddable":true,"href":"https:\/\/www.europesays.com\/lv\/wp-json\/wp\/v2\/media\/84050"}],"wp:attachment":[{"href":"https:\/\/www.europesays.com\/lv\/wp-json\/wp\/v2\/media?parent=84049"}],"wp:term":[{"taxonomy":"category","embeddable":true,"href":"https:\/\/www.europesays.com\/lv\/wp-json\/wp\/v2\/categories?post=84049"},{"taxonomy":"post_tag","embeddable":true,"href":"https:\/\/www.europesays.com\/lv\/wp-json\/wp\/v2\/tags?post=84049"}],"curies":[{"name":"wp","href":"https:\/\/api.w.org\/{rel}","templated":true}]}}