{"id":84051,"date":"2025-12-23T10:51:13","date_gmt":"2025-12-23T10:51:13","guid":{"rendered":"https:\/\/www.europesays.com\/lv\/84051\/"},"modified":"2025-12-23T10:51:13","modified_gmt":"2025-12-23T10:51:13","slug":"tv3-un-star-fm-aicina-uz-grandiozu-jaungada-sovu-nakamais-bus-vel-labaks-jubilejas-gads-vainagojas-ar-zvaigznu-prieksnesumiem-lente-lv","status":"publish","type":"post","link":"https:\/\/www.europesays.com\/lv\/84051\/","title":{"rendered":"TV3 un Star FM aicina uz grandiozu Jaungada \u0161ovu \u201cN\u0101kamais b\u016bs v\u0113l lab\u0101ks!\u201d: jubilejas gads vainagojas ar zvaig\u017e\u0146u priek\u0161nesumiem &#8211; Lente.lv"},"content":{"rendered":"<ol>\n<li><a href=\"https:\/\/news.google.com\/rss\/articles\/CBMi_gFBVV95cUxNX3dveGFoUnkxRXZKb3ctN3d1UVQ5ZWIyanhQRmtoSGY1TzZMcElfN0FxRl9CTGs1V09mM3V3SWlZWE9kQ1hsT3VxWkxNUkh6ZkRUUnVIZTdkZG5oeHJfbzlsTmRiYjM1aHNWTTNiT3NPSnlMaXdaZGFYMWpKRGJqbWdxczZFSmowUl9vY1Q2NjM5MHFaMnlXb0VuNXA5TG50Y1VGaGxNMVoyTWZGdkFPNGp0eDRCTVFrSWRIT3pjRzZaREtKbVhyOFM5VkVLYWV4Y1IweGwyRWN5ZnBDSVc0REcycTJ1eXdsOXVvQW9yR1luM3NKbk5BUFZEUTVodw?oc=5\" target=\"_blank\" rel=\"nofollow noopener\">TV3 un Star FM aicina uz grandiozu Jaungada \u0161ovu \u201cN\u0101kamais b\u016bs v\u0113l lab\u0101ks!\u201d: jubilejas gads vainagojas ar zvaig\u017e\u0146u priek\u0161nesumiem<\/a>&nbsp;&nbsp;Lente.lv<\/li>\n<li><a href=\"https:\/\/news.google.com\/rss\/articles\/CBMikgFBVV95cUxNTzhWWmxDdm9ZSHl4VVhIenFGNU5IdHEwd29OSnYxRm5CdDBRVDZBZTc0aFZaaWxDZ2pJb3Q1Vnluc3N4a0dST0Q2RlhqS1hheGUzRFdLaDhpdGxPTC1HV0JvLTJiamt1QlZfaHBqdk1IVmFOR3cyRmY3WmN5TURPZG5HTDN3MmRCSGtBcWZWcjVGZw?oc=5\" target=\"_blank\" rel=\"nofollow noopener\">TV3 un Star FM aicina uz jaungada \u0161ovu \u201cN\u0101kamais b\u016bs v\u0113l lab\u0101ks\u201d<\/a>&nbsp;&nbsp;tv3.lv<\/li>\n<li><a href=\"https:\/\/news.google.com\/rss\/articles\/CBMiqwFBVV95cUxPTDVQZW5SWFBLMEhVc1JyZUtmeGFNQ014RDhzaXRUU3VHVVRQWFRRQ0p3TWJ0U2JNY0NXUE1leGpiMHVqUXJzcmlSeGF4S0FERWlRUE0yVzdLTUZKWUdrbmFrbFhwMGJRaG5ibFctQlNZY2tuQjFnaTFUZkpNYUlVdDFhcWR3WVh5bERLMjk0eUlVZmMtSFViMGZzTXlfaDd4QmJpS2o2cTV0bTA?oc=5\" target=\"_blank\" rel=\"nofollow noopener\">Izzi\u0146ota Jaungada \u0161ova \u201cN\u0101kamais b\u016bs v\u0113l lab\u0101ks!\u201d iespaid\u012bg\u0101 m\u0101kslinieku bu\u0137ete<\/a>&nbsp;&nbsp;Sejas.lv<\/li>\n<li><a href=\"https:\/\/news.google.com\/rss\/articles\/CBMihgFBVV95cUxQbFpiWUdmbFdvZG5GNzJNQ1Y4cURRVDh5ZS01LUFGZTlYbURkOFV6SU1IVldTNGlnVDJZcm9vSjdpNk5BZVlaVEs4Q0VCZzZpTmVNUENFb2NpUE13OGFGbUZYVkZIY3lMT1pnRlplamo4LWw4TVB0UXZtdTI2SjFmVElYbVdNUQ?oc=5\" target=\"_blank\" rel=\"nofollow noopener\">Kr\u0101\u0161\u0146aj\u0101 TV3 un \u201cSTAR FM\u201d Jaungada \u0161ov\u0101 \u201cN\u0101kamais b\u016bs v\u0113l lab\u0101ks!\u201d pulc\u0113sies popul\u0101r\u0101kie m\u0101kslinieki<\/a>&nbsp;&nbsp;LA.LV<\/li>\n<li><a href=\"https:\/\/news.google.com\/rss\/articles\/CBMizAFBVV95cUxQR1F2TDBIZVFZcE9iTlZ5MVpZVlZ2d2NNWUUxWHo4UlBNY0N5dXUxWldJWkhIejBUR2FHQVhEYkNUT2pjMXp2aXpnQ2daN1dKWUJBNUNrR3NPdkFYbWtPdGZpX1c3S1FUUzdMSUE2UzJQUF9JUnJudHpBX20xMV9HUU4wWFdzR2ZhXzctMlIwY3E3RkgzY0htWkRoRXhvRm9vZ0c4LUEzZVZxRDNKb1dGZGR3Q0tnMDZ3M0Rfc0hxOUR6NXkxQ1NHd0hqVC0?oc=5\" target=\"_blank\" rel=\"nofollow noopener\">Kr\u0101\u0161\u0146aj\u0101 TV3 un &#8220;STAR FM&#8221; Jaungada \u0161ov\u0101 &#8220;N\u0101kamais b\u016bs v\u0113l lab\u0101ks!&#8221; pulc\u0113sies popul\u0101r\u0101kie m\u0101kslinieki<\/a>&nbsp;&nbsp;tv3.lv<\/li>\n<\/ol>\n","protected":false},"excerpt":{"rendered":"TV3 un Star FM aicina uz grandiozu Jaungada \u0161ovu \u201cN\u0101kamais b\u016bs v\u0113l lab\u0101ks!\u201d: jubilejas gads vainagojas ar zvaig\u017e\u0146u&hellip;\n","protected":false},"author":2,"featured_media":80292,"comment_status":"","ping_status":"","sticky":false,"template":"","format":"standard","meta":{"footnotes":""},"categories":[19],"tags":[89,90,35,39,38,36,37,34,40],"class_list":{"0":"post-84051","1":"post","2":"type-post","3":"status-publish","4":"format-standard","5":"has-post-thumbnail","7":"category-izklaide","8":"tag-entertainment","9":"tag-izklaide","10":"tag-latvia","11":"tag-latvian","12":"tag-latviesu","13":"tag-latviesu-valoda","14":"tag-latviesuvaloda","15":"tag-latvija","16":"tag-lv"},"share_on_mastodon":{"url":"https:\/\/pubeurope.com\/@lv\/115768504193035494","error":""},"_links":{"self":[{"href":"https:\/\/www.europesays.com\/lv\/wp-json\/wp\/v2\/posts\/84051","targetHints":{"allow":["GET"]}}],"collection":[{"href":"https:\/\/www.europesays.com\/lv\/wp-json\/wp\/v2\/posts"}],"about":[{"href":"https:\/\/www.europesays.com\/lv\/wp-json\/wp\/v2\/types\/post"}],"author":[{"embeddable":true,"href":"https:\/\/www.europesays.com\/lv\/wp-json\/wp\/v2\/users\/2"}],"replies":[{"embeddable":true,"href":"https:\/\/www.europesays.com\/lv\/wp-json\/wp\/v2\/comments?post=84051"}],"version-history":[{"count":0,"href":"https:\/\/www.europesays.com\/lv\/wp-json\/wp\/v2\/posts\/84051\/revisions"}],"wp:featuredmedia":[{"embeddable":true,"href":"https:\/\/www.europesays.com\/lv\/wp-json\/wp\/v2\/media\/80292"}],"wp:attachment":[{"href":"https:\/\/www.europesays.com\/lv\/wp-json\/wp\/v2\/media?parent=84051"}],"wp:term":[{"taxonomy":"category","embeddable":true,"href":"https:\/\/www.europesays.com\/lv\/wp-json\/wp\/v2\/categories?post=84051"},{"taxonomy":"post_tag","embeddable":true,"href":"https:\/\/www.europesays.com\/lv\/wp-json\/wp\/v2\/tags?post=84051"}],"curies":[{"name":"wp","href":"https:\/\/api.w.org\/{rel}","templated":true}]}}