{"id":84052,"date":"2025-12-23T10:52:08","date_gmt":"2025-12-23T10:52:08","guid":{"rendered":"https:\/\/www.europesays.com\/lv\/84052\/"},"modified":"2025-12-23T10:52:08","modified_gmt":"2025-12-23T10:52:08","slug":"bvkb-un-pieaicinatie-inzenieri-akustiki-norada-ka-piepusamas-futbola-halles-kupola-raditais-troksnis-neparsniedz-normativo-aktu-prasibas","status":"publish","type":"post","link":"https:\/\/www.europesays.com\/lv\/84052\/","title":{"rendered":"BVKB un pieaicin\u0101tie in\u017eenieri-akusti\u0137i nor\u0101da, ka piep\u016b\u0161am\u0101s futbola halles kupola rad\u012btais troksnis nep\u0101rsniedz normat\u012bvo aktu pras\u012bbas"},"content":{"rendered":"<p>\t\t        \t<a href=\"https:\/\/www.daugavpils.lv\/assets\/upload\/news\/2025\/12\/dji-0129_max.jpg\" rel=\"nofollow noopener\" target=\"_blank\"><img decoding=\"async\" src=\"https:\/\/www.europesays.com\/lv\/wp-content\/uploads\/2025\/12\/dji-0129_sml.jpg\" class=\"news-image\" title=\"BVKB un pieaicin\u0101tie in\u017eenieri-akusti\u0137i nor\u0101da, ka piep\u016b\u0161am\u0101s futbola halles kupola rad\u012btais troksnis nep\u0101rsniedz normat\u012bvo aktu pras\u012bbas\" alt=\"BVKB un pieaicin\u0101tie in\u017eenieri-akusti\u0137i nor\u0101da, ka piep\u016b\u0161am\u0101s futbola halles kupola rad\u012btais troksnis nep\u0101rsniedz normat\u012bvo aktu pras\u012bbas\"\/><\/a><\/p>\n<p>Daugavpils valstspils\u0113tas pa\u0161vald\u012bba kop\u0101 ar Latvijas Futbola feder\u0101ciju \u012bsteno kop\u012bgu projektu &#8211; piep\u016b\u0161am\u0101s futbola halles izb\u016bvi Daugavpils Draudz\u012bg\u0101 aicin\u0101juma vidusskolas stadion\u0101. Saska\u0146\u0101 ar sadarb\u012bbas l\u012bgumu pa\u0161vald\u012bba sedz projekt\u0113\u0161anas un b\u016bvdarbu izmaksas, ko veic uz\u0146\u0113mums \u201cBelmast B\u016bve\u201d, savuk\u0101rt Latvijas Futbola feder\u0101cija ar Eiropas Futbola asoci\u0101ciju savien\u012bbas (UEFA) atbalstu finans\u0113 kupola membr\u0101nas un tehnolo\u0123isk\u0101 apr\u012bkojuma, tostarp ventil\u0101cijas iek\u0101rtu, ieg\u0101di un uzst\u0101d\u012b\u0161anu aptuveni 900 t\u016bksto\u0161u eiro apm\u0113r\u0101.<\/p>\n<p>&#13;<\/p>\n<p>Jau projekt\u0113\u0161anas laik\u0101, p\u0113c SIA \u201cK IDEA\u201d pas\u016bt\u012bjuma, SIA \u201cAkukon-B\u016bvakustika\u201d in\u017eenierakustikas eksperts Arturs P\u0113rkons (sert. Nr. 20-7816) veica trok\u0161\u0146a izkliedes model\u0113\u0161anu sl\u0113gt\u0101 futbola laukuma ventil\u0101cijas iek\u0101rt\u0101m konkr\u0113taj\u0101 apkaim\u0113, izv\u0113rt\u0113jot to ietekmi uz vidi un iedz\u012bvot\u0101ju labb\u016bt\u012bbu. Saska\u0146\u0101 ar apr\u0113\u0137iniem tehnolo\u0123isko iek\u0101rtu trok\u0161\u0146a l\u012bmenis atbilst Ministru kabineta noteikumu Nr. 16 \u201cTrok\u0161\u0146a nov\u0113rt\u0113\u0161anas un p\u0101rvald\u012bbas k\u0101rt\u012bba\u201d pras\u012bb\u0101m.<\/p>\n<p>&#13;<\/p>\n<p>Neskatoties uz sertific\u0113tu ekspertu atzinumu par to, ka Latvijas Futbola feder\u0101cijas pieg\u0101d\u0101t\u0101s iek\u0101rtas un to rad\u012btais trok\u0161\u0146a l\u012bmenis nerad\u012bs Ministru kabineta noteikumos izvirz\u012bto vides trok\u0161\u0146a robe\u017elieluma pras\u012bbu p\u0101rk\u0101pumu, projekta ietvaros tika nolemts veikt papildus pas\u0101kumus, kas samazina trok\u0161\u0146a r\u0101d\u012bt\u0101ja v\u0113rt\u012bbu &#8211; veidot papildus ietvaru iek\u0101rt\u0101m, lai ierobe\u017eotu trok\u0161\u0146a izplat\u012bbu un rad\u012bto diskomfortu. \u0160ie darbi tiks pabeigti l\u012bdz objekta nodo\u0161anai ekspluat\u0101cij\u0101, kas pl\u0101nota 2026. gada janv\u0101r\u012b\/febru\u0101r\u012b.<\/p>\n<p>&#13;<\/p>\n<p>Projekta \u012bsteno\u0161anas gait\u0101 pa\u0161vald\u012bba veica atk\u0101rtotu p\u0101rbaudi gan projekt\u0101, gan objekt\u0101, piesaistot SIA \u201c3D-arc\u201d sertific\u0113tu arhitektu Ivaru Di\u0161ereiti (sert. Nr. 1-00915) un in\u017eenierakustikas ekspertu Dr. sc. ing. Denisu Mironovu (LBS sert. Nr. 20-7815), k\u0101 ar\u012b nodro\u0161inot B\u016bvniec\u012bbas valsts kontroles biroja p\u0101rbaudi objekt\u0101.<\/p>\n<p>&#13;<\/p>\n<p>B\u016bves p\u0101rbaudes atzinum\u0101 konstat\u0113ts, ka:<\/p>\n<p>&#13;<\/p>\n<ul>&#13;<\/p>\n<li>no iek\u0101rt\u0101m netiek rad\u012btas vibr\u0101cijas;<\/li>\n<p>&#13;<\/p>\n<li>trok\u0161\u0146a l\u012bmenis atbilst Ministru kabineta noteikumu Nr. 16 noteiktaj\u0101m robe\u017ev\u0113rt\u012bb\u0101m.<\/li>\n<p>&#13;\n<\/ul>\n<p>&#13;<\/p>\n<p>Lai gan trok\u0161\u0146a l\u012bmenis atbilst normat\u012bvaj\u0101m pras\u012bb\u0101m, pa\u0161vald\u012bba l\u012bdz objekta nodo\u0161anai ekspluat\u0101cij\u0101 \u012bstenos jau iepriek\u0161 pl\u0101noto akustisko sienu izb\u016bvi un izv\u0113rt\u0113s papildu risin\u0101jumus, kas v\u0113l vair\u0101k mazin\u0101tu ietekmi uz apk\u0101rt\u0113j\u0101s vides ska\u0146as ainavu.<\/p>\n<p>&#13;<\/p>\n<p>Ar trok\u0161\u0146a l\u012bme\u0146a m\u0113r\u012bjumiem var iepaz\u012bties <a class=\"pdf\" href=\"https:\/\/www.daugavpils.lv\/assets\/upload\/dokumenti\/2025\/Daugavpils Ave\u0146u iela 40 Trok\u0161\u0146a m\u0113r\u012bjumi un akustisk\u0101 barjera.pdf\" rel=\"nofollow noopener\" target=\"_blank\">\u0161eit<\/a>.<\/p>\n<p>&#13;<\/p>\n<p>\u00a0<\/p>\n<p>&#13;<\/p>\n<p>Inform\u0101ciju sagatavoja<\/p>\n<p>&#13;<\/p>\n<p>Daugavpils valstspils\u0113tas pa\u0161vald\u012bbas<\/p>\n<p>&#13;<\/p>\n<p>Sabiedrisko attiec\u012bbu noda\u013ca<\/p>\n","protected":false},"excerpt":{"rendered":"Daugavpils valstspils\u0113tas pa\u0161vald\u012bba kop\u0101 ar Latvijas Futbola feder\u0101ciju \u012bsteno kop\u012bgu projektu &#8211; piep\u016b\u0161am\u0101s futbola halles izb\u016bvi Daugavpils Draudz\u012bg\u0101&hellip;\n","protected":false},"author":2,"featured_media":84053,"comment_status":"","ping_status":"","sticky":false,"template":"","format":"standard","meta":{"footnotes":""},"categories":[17],"tags":[35,39,38,36,37,34,40,67],"class_list":{"0":"post-84052","1":"post","2":"type-post","3":"status-publish","4":"format-standard","5":"has-post-thumbnail","7":"category-sports","8":"tag-latvia","9":"tag-latvian","10":"tag-latviesu","11":"tag-latviesu-valoda","12":"tag-latviesuvaloda","13":"tag-latvija","14":"tag-lv","15":"tag-sports"},"share_on_mastodon":{"url":"https:\/\/pubeurope.com\/@lv\/115768508080802599","error":""},"_links":{"self":[{"href":"https:\/\/www.europesays.com\/lv\/wp-json\/wp\/v2\/posts\/84052","targetHints":{"allow":["GET"]}}],"collection":[{"href":"https:\/\/www.europesays.com\/lv\/wp-json\/wp\/v2\/posts"}],"about":[{"href":"https:\/\/www.europesays.com\/lv\/wp-json\/wp\/v2\/types\/post"}],"author":[{"embeddable":true,"href":"https:\/\/www.europesays.com\/lv\/wp-json\/wp\/v2\/users\/2"}],"replies":[{"embeddable":true,"href":"https:\/\/www.europesays.com\/lv\/wp-json\/wp\/v2\/comments?post=84052"}],"version-history":[{"count":0,"href":"https:\/\/www.europesays.com\/lv\/wp-json\/wp\/v2\/posts\/84052\/revisions"}],"wp:featuredmedia":[{"embeddable":true,"href":"https:\/\/www.europesays.com\/lv\/wp-json\/wp\/v2\/media\/84053"}],"wp:attachment":[{"href":"https:\/\/www.europesays.com\/lv\/wp-json\/wp\/v2\/media?parent=84052"}],"wp:term":[{"taxonomy":"category","embeddable":true,"href":"https:\/\/www.europesays.com\/lv\/wp-json\/wp\/v2\/categories?post=84052"},{"taxonomy":"post_tag","embeddable":true,"href":"https:\/\/www.europesays.com\/lv\/wp-json\/wp\/v2\/tags?post=84052"}],"curies":[{"name":"wp","href":"https:\/\/api.w.org\/{rel}","templated":true}]}}