{"id":84063,"date":"2025-12-23T11:01:14","date_gmt":"2025-12-23T11:01:14","guid":{"rendered":"https:\/\/www.europesays.com\/lv\/84063\/"},"modified":"2025-12-23T11:01:14","modified_gmt":"2025-12-23T11:01:14","slug":"bluka-vakars-vecriga-pulce-maskotus-telus-simbolizejot-veca-gada-aizvadisanu-lente-lv","status":"publish","type":"post","link":"https:\/\/www.europesays.com\/lv\/84063\/","title":{"rendered":"Blu\u0137a Vakars Vecr\u012bg\u0101 Pulc\u0113 Maskotus T\u0113lus, Simboliz\u0113jot Vec\u0101 Gada Aizvad\u012b\u0161anu\u00a0\u2014\u00a0Lente.lv"},"content":{"rendered":"<p>Vecr\u012bg\u0101 atskan Ziemas Saulgrie\u017eu trad\u012bcijas<\/p>\n<p>Pag\u0101ju\u0161\u0101s piektdienas, 19. decembra, vakar\u0101 Vecr\u012bgas bru\u0123\u0113t\u0101s ielas atkal atdz\u012bvoj\u0101s \u012bpa\u0161\u0101, ritu\u0101l\u0101 sv\u0113tku noska\u0146\u0101 \u2013 notika tradicion\u0101lais Blu\u0137a vakars, ko \u0161oreiz papildin\u0101ja kr\u0101\u0161\u0146s masku g\u0101jiens. K\u0101 inform\u0113 Latvijas Sabiedriskie Mediji, pas\u0101kums pulc\u0113ja gan viet\u0113jos r\u012bdziniekus, gan pils\u0113tas viesus, pildot centr\u0101lo vecpils\u0113tas da\u013cu ar tautasdziesm\u0101m, d\u016bmakas smar\u0161u un sen\u0101m trad\u012bcij\u0101m. Blu\u0137a vakars ir viens no b\u016btisk\u0101kajiem latvie\u0161u ziemas saulgrie\u017eu ritu\u0101liem, kas simboliski iez\u012bm\u0113 robe\u017eu \u2013 atvad\u012b\u0161anos no visa novecoju\u0161\u0101 un nevajadz\u012bg\u0101, lai sagaid\u012btu jauno Saules gadu.<\/p>\n<p>\u0160is vakars, kas sasaucas ar gada tum\u0161\u0101ko laiku, kad visgar\u0101k\u0101 nakts satiekas ar vis\u012bs\u0101ko dienu, tiek uzskat\u012bts par pagrieziena punktu laika rit\u0113jum\u0101, kad atkal s\u0101k atgriezties gaisma. Blu\u0137a vilk\u0161ana ir sena augl\u012bbas un aizsardz\u012bbas trad\u012bcija, ko veiku\u0161i sen\u010du \u013caudis, velkot smago blu\u0137i ap s\u0113tu un m\u0101ju, l\u016bdzot sv\u0113t\u012bbu un atvairot nedienas. Vecr\u012bga, k\u013c\u016bstot par \u0161o ritu\u0101lu epicentru, \u013cauj \u0161ai trad\u012bcijai sasniegt pla\u0161\u0101ku auditoriju, pied\u0101v\u0101jot iesp\u0113ju caur ma\u0123isku p\u0101rtap\u0161anu \u2013 mask\u0101m \u2013 piedz\u012bvot kop\u012bbas saj\u016btu.<\/p>\n<p>Masku G\u0101jiens: Tuv\u0101k Sen\u010du Cer\u012bb\u0101m un Ritu\u0101liem<\/p>\n<p>Pas\u0101kuma centr\u0101lais elements bija kr\u0101\u0161\u0146ais masku g\u0101jiens. Ziemassv\u0113tku laiks tradicion\u0101li ir p\u0101rtap\u0161anas periods, kad cilv\u0113ki iej\u016btas da\u017e\u0101dos mask\u0101s, lai p\u0101rnestu sev\u012b k\u0101das \u012bpa\u0161as \u012bpa\u0161\u012bbas vai vienk\u0101r\u0161i \u2013 lai aizbaid\u012btu \u013caunos garus. Vecr\u012bg\u0101 \u0161\u012b trad\u012bcija guva jaunu elpu, vienojot desmitiem dal\u012bbnieku no da\u017e\u0101d\u0101m folkloras kop\u0101m. \u0160ogad g\u0101jiena mar\u0161ruts bija r\u016bp\u012bgi izpl\u0101nots, lai \u013cautu iedz\u012bvot\u0101jiem un t\u016bristiem just l\u012bdzi ritu\u0101la gaitai cauri pils\u0113tas sen\u0101kaj\u0101m da\u013c\u0101m. Blu\u0137a vilk\u0161ana, kas parasti simboliz\u0113 visa slikt\u0101 sav\u0101k\u0161anu un att\u012br\u012b\u0161anu, \u0161ogad notika pa prec\u012bzi defin\u0113tu celi\u0146u, s\u0101kot no R\u0101tslaukuma un cauri vair\u0101k\u0101m iel\u0101m, iez\u012bm\u0113jot simbolisku ce\u013cu no tumsas uz gaismu. Ar l\u0101p\u0101m un rot\u0101tu blu\u0137i ap s\u0113tu vilk\u0161ana tiek uzskat\u012bta par veidu, k\u0101 ieg\u016bt sp\u0113ku un atbr\u012bvoties no visa, kas gada laik\u0101 sakr\u0101jies \u2013 slim\u012bb\u0101m, neveiksm\u0113m un bail\u0113m.<\/p>\n<p>Pas\u0101kuma organizatori, tostarp R\u012bgas folkloras kopas, uzsver, ka Blu\u0137a vakars ir ne tikai vizu\u0101ls baud\u012bjums, bet ar\u012b dzi\u013c\u0161 ritu\u0101ls. R\u012bga, r\u012bkojot \u0161\u0101dus pla\u0161us pas\u0101kumus, apliecina savu atbalstu latvisk\u0101s kult\u016bras uztur\u0113\u0161anai un populariz\u0113\u0161anai. Dal\u012bbnieki tiek aicin\u0101ti ne tikai v\u0113rot, bet ar\u012b akt\u012bvi iesaist\u012bties, \u0146emot l\u012bdzi, piem\u0113ram, p\u0113rnos J\u0101\u0146u vainagus, lai tos sadedzin\u0101tu ugunskur\u0101, t\u0101d\u0113j\u0101di veicinot jauna, gai\u0161\u0101ka gada iest\u0101\u0161anos. \u0160\u012b simbolisk\u0101 dedzin\u0101\u0161ana ir atbr\u012bvo\u0161an\u0101s akts \u2013 atbr\u012bvojot vietu jaunajam un pozit\u012bvajam.<\/p>\n<p>Blu\u0137is K\u0101 Kosmisk\u0101 Koka Da\u013ca un T\u0101 Noz\u012bme<\/p>\n<p>Blu\u0137is pats par sevi ir sp\u0113c\u012bgs simbols latvie\u0161u mitolo\u0123ij\u0101. Tradicion\u0101li tas ir ozolkoks, kas tiek piel\u012bdzin\u0101ts Pasaules kokam \u2013 dz\u012bv\u012bbas sp\u0113ka iemiesojumam. Kad blu\u0137is tiek iemests ugun\u012b, tas atmodina Saules ener\u0123iju, kas ir \u012bpa\u0161i svar\u012bgi gada tum\u0161\u0101kaj\u0101 laik\u0101. Ritu\u0101la m\u0113r\u0137is ir ziedot \u0161o materi\u0101lo da\u013cu Dievam, lai nodro\u0161in\u0101tu atdzim\u0161anu, jo Ziemassv\u0113tkos, tautas tic\u0113jumos, Pasaules koks iet boj\u0101, lai p\u0113c tam atdzimtu. Ar \u0161o uguns ritu\u0101lu tiek nodro\u0161in\u0101ta ener\u0123\u0113tisk\u0101 t\u012br\u012bba.<\/p>\n<p>Trok\u0161\u0146o\u0161ana un dzied\u0101\u0161ana, kas pavada blu\u0137a vilk\u0161anu, kalpo k\u0101 papildu aizsardz\u012bbas meh\u0101nisms. Ska\u013cas ska\u0146as, kas reiz\u0113m ietver v\u0101rdus, kas atvasin\u0101ti no lat\u012b\u0146u \u2018kalendae\u2019 (sauc, sasauc), ir dom\u0101tas, lai aizbaid\u012btu visas negat\u012bv\u0101s ener\u0123ijas. \u0160ogad Vecr\u012bg\u0101, papildus vilk\u0161anai, apmekl\u0113t\u0101jiem bija iesp\u0113ja baud\u012bt ar\u012b siltu z\u0101\u013cu t\u0113ju, kas v\u0101r\u012bta uz dz\u012bvas uguns, radot \u012bpa\u0161u, mier\u012bgu un vienlaikus svin\u012bgu atmosf\u0113ru. \u0160\u0101di elementi pal\u012bdz nostiprin\u0101t kop\u012bbas saj\u016btu gan starp dal\u012bbniekiem, gan skat\u012bt\u0101jiem.<\/p>\n<p>Kopienas Iesaiste un R\u012bgas Centra Lomai<\/p>\n<p>Blu\u0137a vakara norisi R\u0101tslaukum\u0101 vad\u012bja vair\u0101kas R\u012bgas un novadu folkloras kopas, piem\u0113ram, \u201cGrodi\u201d, \u201cVilcenes\u201d, \u201cBud\u0113\u013ci\u201d, kas nodro\u0161in\u0101ja autentisku muzik\u0101lo un ritu\u0101lo pavad\u012bjumu. \u0160\u0101da pla\u0161a kopienas iesaiste apliecina, ka \u0161\u012bs sen\u0101s trad\u012bcijas nav tikai muzeju relikvijas, bet gan dz\u012bva un elpojo\u0161a kult\u016bras da\u013ca. Pas\u0101kums ir bez maksas, kas veicina pla\u0161u iedz\u012bvot\u0101ju pieejam\u012bbu un iesaisti Ziemas Saulgrie\u017eu svin\u0113\u0161an\u0101. T\u0101 ir svar\u012bga alternat\u012bva komerci\u0101l\u0101k\u0101m Ziemassv\u0113tku aktivit\u0101t\u0113m, pied\u0101v\u0101jot dzi\u013c\u0101ku izpratni par tautas pasaules uzskatu \u2013 cik svar\u012bga ir l\u012bdzsvarot\u012bba starp tumsu un gaismu, jauno un veco.<\/p>\n<p>Ziemassv\u0113tku laiks Latvij\u0101 ir bag\u0101ts ar trad\u012bcij\u0101m, kas vieno \u0123imenes un kopienas. Blu\u0137a vakara notikums Vecr\u012bg\u0101, kas notika piektdienas vakar\u0101, k\u013cuva par vizu\u0101lu atg\u0101din\u0101jumu par ciklisko dabu un nepiecie\u0161am\u012bbu periodiski atjaunoties. Kad Blu\u0137a vakara ugunskurs nodziest, un t\u0101 pelni izpl\u0113n, bet sniegs aizkl\u0101j p\u0113das, tiek uzskat\u012bts, ka pasaule ir piedzimusi k\u0101 no jauna, ieliekot pamatus n\u0101kam\u0101 gada labkl\u0101j\u012bbai un p\u0101rpiln\u012bbai. R\u012bga \u0161\u0101d\u0101 veid\u0101 demonstr\u0113 savu kult\u016bras galvaspils\u0113tas identit\u0101ti, saglab\u0101jot savienojumu ar Latvijas lauku trad\u012bcij\u0101m.<\/p>\n","protected":false},"excerpt":{"rendered":"Vecr\u012bg\u0101 atskan Ziemas Saulgrie\u017eu trad\u012bcijas Pag\u0101ju\u0161\u0101s piektdienas, 19. decembra, vakar\u0101 Vecr\u012bgas bru\u0123\u0113t\u0101s ielas atkal atdz\u012bvoj\u0101s \u012bpa\u0161\u0101, ritu\u0101l\u0101 sv\u0113tku&hellip;\n","protected":false},"author":2,"featured_media":84064,"comment_status":"","ping_status":"","sticky":false,"template":"","format":"standard","meta":{"footnotes":""},"categories":[12],"tags":[23,21207,28,29,32,33,22,30,31,35,39,38,2843,36,37,34,40,12816,20,26,27,24,25,581,15961,21],"class_list":{"0":"post-84063","1":"post","2":"type-post","3":"status-publish","4":"format-standard","5":"has-post-thumbnail","7":"category-latvija","8":"tag-aktualitates","9":"tag-bluka-vakars","10":"tag-breaking-news","11":"tag-breakingnews","12":"tag-featured-news","13":"tag-featurednews","14":"tag-headlines","15":"tag-latest-news","16":"tag-latestnews","17":"tag-latvia","18":"tag-latvian","19":"tag-latviesu","20":"tag-latviesu-tradicijas","21":"tag-latviesu-valoda","22":"tag-latviesuvaloda","23":"tag-latvija","24":"tag-lv","25":"tag-masku-gajiens","26":"tag-news","27":"tag-popularakas-zinas","28":"tag-popularakaszinas","29":"tag-top-stories","30":"tag-topstories","31":"tag-vecriga","32":"tag-ziemas-saulgriezi","33":"tag-zinas"},"share_on_mastodon":{"url":"https:\/\/pubeurope.com\/@lv\/115768543442426501","error":""},"_links":{"self":[{"href":"https:\/\/www.europesays.com\/lv\/wp-json\/wp\/v2\/posts\/84063","targetHints":{"allow":["GET"]}}],"collection":[{"href":"https:\/\/www.europesays.com\/lv\/wp-json\/wp\/v2\/posts"}],"about":[{"href":"https:\/\/www.europesays.com\/lv\/wp-json\/wp\/v2\/types\/post"}],"author":[{"embeddable":true,"href":"https:\/\/www.europesays.com\/lv\/wp-json\/wp\/v2\/users\/2"}],"replies":[{"embeddable":true,"href":"https:\/\/www.europesays.com\/lv\/wp-json\/wp\/v2\/comments?post=84063"}],"version-history":[{"count":0,"href":"https:\/\/www.europesays.com\/lv\/wp-json\/wp\/v2\/posts\/84063\/revisions"}],"wp:featuredmedia":[{"embeddable":true,"href":"https:\/\/www.europesays.com\/lv\/wp-json\/wp\/v2\/media\/84064"}],"wp:attachment":[{"href":"https:\/\/www.europesays.com\/lv\/wp-json\/wp\/v2\/media?parent=84063"}],"wp:term":[{"taxonomy":"category","embeddable":true,"href":"https:\/\/www.europesays.com\/lv\/wp-json\/wp\/v2\/categories?post=84063"},{"taxonomy":"post_tag","embeddable":true,"href":"https:\/\/www.europesays.com\/lv\/wp-json\/wp\/v2\/tags?post=84063"}],"curies":[{"name":"wp","href":"https:\/\/api.w.org\/{rel}","templated":true}]}}