{"id":84065,"date":"2025-12-23T11:02:16","date_gmt":"2025-12-23T11:02:16","guid":{"rendered":"https:\/\/www.europesays.com\/lv\/84065\/"},"modified":"2025-12-23T11:02:16","modified_gmt":"2025-12-23T11:02:16","slug":"tramps-pazino-par-jaunas-karakugu-klases-izveidi","status":"publish","type":"post","link":"https:\/\/www.europesays.com\/lv\/84065\/","title":{"rendered":"Tramps pazi\u0146o par jaunas karaku\u0123u klases izveidi"},"content":{"rendered":"<p>S\u0101kum\u0101 tiks uzb\u016bv\u0113ti divi Trampa klases ku\u0123i, bet to skaits var iev\u0113rojami pieaugt, sac\u012bja prezidents.<\/p>\n<p>Saska\u0146\u0101 ar Trampa teikto tie b\u016bs &#8220;da\u017ei no vislet\u0101l\u0101kajiem virs\u016bdens karaku\u0123iem&#8221; un &#8220;visliel\u0101kie kaujas ku\u0123i m\u016bsu valsts v\u0113stur\u0113&#8221;.<\/p>\n<p>Tramps n\u0101ca klaj\u0101 ar \u0161o pazi\u0146ojumu sav\u0101 Floridas rezidenc\u0113 &#8220;Mar-a-Lago&#8221;, st\u0101vot blakus aizsardz\u012bbas ministram P\u012btam Hegsetam, valsts sekret\u0101ram Marko Rubio un flotes lietu ministram D\u017eonam Felanam. Net\u0101lu uz stendiem bija redzami pl\u0101noto ku\u0123u att\u0113li.<\/p>\n<p>Atbildot uz jaut\u0101jumu, vai pl\u0101notie karaku\u0123i b\u016bs v\u0113rsti pret \u0136\u012bnu, Tramps atteic\u0101s preciz\u0113t, t\u0101 viet\u0101 sakot: &#8220;Tie b\u016bs v\u0113rsti pret visiem, nevis pret \u0136\u012bnu. M\u0113s lieliski satiekam ar \u0136\u012bnu.&#8221;<\/p>\n<p>Tramps sac\u012bja, ka \u0161o ku\u0123u svars b\u016bs no 30 000 l\u012bdz 40 000 tonnu un tie b\u016bs bru\u0146oti ar ra\u0137et\u0113m, lielgabaliem un iero\u010diem, kas v\u0113l tiek izstr\u0101d\u0101ti &#8211; t\u0101diem k\u0101 l\u0101zeri un hiperska\u0146as ra\u0137etes.<\/p>\n<p>Tie ar\u012b sp\u0113s p\u0101rvad\u0101t atomiero\u010dus j\u016br\u0101 b\u0101z\u0113tu sp\u0101rnoto kodolra\u0137e\u0161u veid\u0101, sac\u012bja Tramps.<\/p>\n<p>Tramps, kur\u0161 agr\u0101k ir kritiz\u0113jis <a href=\"https:\/\/www.apollo.lv\/term\/555410\/asv\" class=\"topicLink\" target=\"_blank\" rel=\"nofollow noopener\">ASV<\/a> ku\u0123u izskatu, sac\u012bja, ka vi\u0146\u0161 l\u012bdz ar karafloti piedal\u012bsies jauno karaku\u0123u projekt\u0113\u0161an\u0101, &#8220;jo es esmu \u013coti est\u0113tisks cilv\u0113ks&#8221;.<\/p>\n","protected":false},"excerpt":{"rendered":"S\u0101kum\u0101 tiks uzb\u016bv\u0113ti divi Trampa klases ku\u0123i, bet to skaits var iev\u0113rojami pieaugt, sac\u012bja prezidents. Saska\u0146\u0101 ar Trampa&hellip;\n","protected":false},"author":2,"featured_media":79615,"comment_status":"","ping_status":"","sticky":false,"template":"","format":"standard","meta":{"footnotes":""},"categories":[5],"tags":[23,292,28,29,542,32,33,22,30,31,35,39,38,36,37,34,40,20,26,27,24,25,21],"class_list":{"0":"post-84065","1":"post","2":"type-post","3":"status-publish","4":"format-standard","5":"has-post-thumbnail","7":"category-aktualitates","8":"tag-aktualitates","9":"tag-asv","10":"tag-breaking-news","11":"tag-breakingnews","12":"tag-donalds-tramps","13":"tag-featured-news","14":"tag-featurednews","15":"tag-headlines","16":"tag-latest-news","17":"tag-latestnews","18":"tag-latvia","19":"tag-latvian","20":"tag-latviesu","21":"tag-latviesu-valoda","22":"tag-latviesuvaloda","23":"tag-latvija","24":"tag-lv","25":"tag-news","26":"tag-popularakas-zinas","27":"tag-popularakaszinas","28":"tag-top-stories","29":"tag-topstories","30":"tag-zinas"},"share_on_mastodon":{"url":"https:\/\/pubeurope.com\/@lv\/115768547393106463","error":""},"_links":{"self":[{"href":"https:\/\/www.europesays.com\/lv\/wp-json\/wp\/v2\/posts\/84065","targetHints":{"allow":["GET"]}}],"collection":[{"href":"https:\/\/www.europesays.com\/lv\/wp-json\/wp\/v2\/posts"}],"about":[{"href":"https:\/\/www.europesays.com\/lv\/wp-json\/wp\/v2\/types\/post"}],"author":[{"embeddable":true,"href":"https:\/\/www.europesays.com\/lv\/wp-json\/wp\/v2\/users\/2"}],"replies":[{"embeddable":true,"href":"https:\/\/www.europesays.com\/lv\/wp-json\/wp\/v2\/comments?post=84065"}],"version-history":[{"count":0,"href":"https:\/\/www.europesays.com\/lv\/wp-json\/wp\/v2\/posts\/84065\/revisions"}],"wp:featuredmedia":[{"embeddable":true,"href":"https:\/\/www.europesays.com\/lv\/wp-json\/wp\/v2\/media\/79615"}],"wp:attachment":[{"href":"https:\/\/www.europesays.com\/lv\/wp-json\/wp\/v2\/media?parent=84065"}],"wp:term":[{"taxonomy":"category","embeddable":true,"href":"https:\/\/www.europesays.com\/lv\/wp-json\/wp\/v2\/categories?post=84065"},{"taxonomy":"post_tag","embeddable":true,"href":"https:\/\/www.europesays.com\/lv\/wp-json\/wp\/v2\/tags?post=84065"}],"curies":[{"name":"wp","href":"https:\/\/api.w.org\/{rel}","templated":true}]}}