{"id":84066,"date":"2025-12-23T11:03:16","date_gmt":"2025-12-23T11:03:16","guid":{"rendered":"https:\/\/www.europesays.com\/lv\/84066\/"},"modified":"2025-12-23T11:03:16","modified_gmt":"2025-12-23T11:03:16","slug":"jubilejas-gads-vainagojas-ar-zvaigznu-prieksnesumiem-lente-lv","status":"publish","type":"post","link":"https:\/\/www.europesays.com\/lv\/84066\/","title":{"rendered":"jubilejas gads vainagojas ar zvaig\u017e\u0146u priek\u0161nesumiem\u00a0\u2014\u00a0Lente.lv"},"content":{"rendered":"<p>Lielais Vecgada pas\u0101kums Jelgav\u0101: radio un telev\u012bzijas sadarb\u012bba vainagojas ar \u0161ovu<\/p>\n<p>Tuvojoties gada nogalei, telekan\u0101ls TV3 un radio Star FM d\u0101vina skat\u012bt\u0101jiem un klaus\u012bt\u0101jiem \u012bpa\u0161u sv\u0113tku d\u0101vanu \u2013 kr\u0101\u0161\u0146u Jaungada \u0161ovu ar nosaukumu \u201cN\u0101kamais b\u016bs v\u0113l lab\u0101ks!\u201d. K\u0101 zi\u0146o telekan\u0101ls TV3, pas\u0101kums notiks 27. decembr\u012b plkst. 19:00 Zemgales Olimpiskaj\u0101 centr\u0101 Jelgav\u0101. \u0160is koncerts un telev\u012bzijas uz\u0146em\u0161ana ne tikai iez\u012bm\u0113s priec\u012bgu atskatu uz 2025. gadu un sagaid\u012b\u0161anu 2026. gad\u0101, bet ar\u012b kalpos k\u0101 spilgts nosl\u0113gums radio \u201cStar FM\u201d 25. jubilejas svin\u012bbu gadam.<\/p>\n<p>Organizatori sola patiesi neaizmirstamu vakaru, kur\u0101 uz vienas skatuves apvienosies ne tikai Latvijas spo\u017e\u0101k\u0101s m\u016bzikas zvaigznes, bet ar\u012b asto\u0146as iem\u012b\u013cot\u0101s radio \u201cStar FM\u201d person\u012bbas vad\u012bt\u0101ju lom\u0101s. \u0160\u0101da sadarb\u012bba uz liel\u0101s skatuves \u0161aj\u0101 form\u0101t\u0101 ir \u012bpa\u0161i gaid\u012bta.<\/p>\n<p>Radio person\u012bbas uz skatuves: atkl\u0101t\u012bba un kopienas saj\u016bta<\/p>\n<p>Radio form\u0101ts bie\u017ei vien uztverams k\u0101 int\u012bma saruna ar klaus\u012bt\u0101ju, kur\u0101 domin\u0113 tikai balss. Tie\u0161i t\u0101p\u0113c \u0161\u012b iesp\u0113ja radio cilv\u0113kiem iziet starme\u0161u gaism\u0101s ir \u012bpa\u0161i noz\u012bm\u012bga. Radio Star FM r\u012bta raid\u012bjuma vad\u012bt\u0101js J\u0101nis Romanovskis atz\u012bst:<\/p>\n<blockquote>\n<p>Bie\u017ei vien radio burv\u012bba sl\u0113pjas taj\u0101, ka t\u0101s ir tikai balsis, kas ar klaus\u012bt\u0101ju ir kop\u0101. T\u0101p\u0113c ir jaungada \u0161ovs, kur\u0101 beidzot radio cilv\u0113ks izn\u0101ks uz liel\u0101s skatuves starme\u0161u gaism\u0101s.<\/p>\n<\/blockquote>\n<p>Par \u0161ova vad\u012bt\u0101ju pien\u0101kumu uz\u0146em\u0161an\u0101s prieku pau\u017e ar\u012b citi iem\u012b\u013coti \u0113tera balsis. Baiba Sipeniece\u2013Gavare, Egons Reiters, Maija Roz\u012bte, R\u016bta Dvinska, M\u0101rti\u0146\u0161 Spuris, Oskars Lepers un M\u0101ris Grigalis kop\u0101 uz Vecgada \u0161ova skatuves apvienosies pirmo reizi. Radio \u201cStar FM\u201d programmu direktore Brita Barone uzsver, ka \u0161\u012bs person\u012bbas daudzu gadu garum\u0101 ir veidoju\u0161as cie\u0161u saikni ar klaus\u012bt\u0101jiem un k\u013cuvu\u0161as gandr\u012bz k\u0101 \u0123imene.<\/p>\n<p>25 gadu lab\u0101kie hiti un iespaid\u012bgs m\u0101kslinieku spektrs<\/p>\n<p>\u0160ova pamat\u0101 ir Latvijas m\u016bzikas zelta fonds p\u0113d\u0113jo 25 gadu laik\u0101. Organizatori r\u016bp\u012bgi atlas\u012bju\u0161i dziesmas, kas klaus\u012bt\u0101ju atmi\u0146\u0101 paliku\u0161as k\u0101 megahiti. \u0160ov\u0101 uzst\u0101sies pla\u0161s un sabiedr\u012bb\u0101 iem\u012b\u013cots m\u0101kslinieku loks, tostarp t\u0101di v\u0101rdi k\u0101 \u201cInstrumenti\u201d, \u201cMusiqq\u201d, Ivo Fomins, Chris Noah, \u201cSudden Lights\u201d, \u201cThe Sound Poets\u201d, \u201cAstro`n`out\u201d, \u201cOlas\u201d, \u201cCiti z\u0113ni\u201d, Ozols, Andris \u0112rglis, Lauris Reiniks, Aija Andrejeva, Agnese Rakovska, Krist\u012bne P\u0101\u017ee, Em\u012blija, Fi\u0146\u0137is, Gustavo un grupas \u201cA-Europa\u201d un \u201cOtra puse\u201d, k\u0101 ar\u012b daudzi citi.<\/p>\n<p>\u0112tera person\u012bba Oskars Lepers ar entuziasmu rezum\u0113 gaid\u0101mo koncertprogrammu, nor\u0101dot, ka saraksts ir \u201ciespaid\u012bgs\u201d un tas patie\u0161\u0101m ir \u201cbeidzamo divdesmit piecu  labumi\u0146\u0161\u201d. Vi\u0146\u0161 aicina skat\u012bt\u0101jus sagatavot balsis, lai kop\u012bgi izdzied\u0101tu un izdejotos zem viena liela un priec\u012bga jumta.<\/p>\n<p>TV transl\u0101cija Vecgada vakar\u0101: sv\u0113tki visai Latvijai<\/p>\n<p>Lai gan pas\u0101kums norisin\u0101sies 27. decembr\u012b, t\u0101 noz\u012bme sniedzas t\u0101l\u0101k. \u0160is kr\u0101\u0161\u0146ais Jaungada \u0161ovs tiks demonstr\u0113ts TV3 kan\u0101l\u0101 31. decembra vakar\u0101, Vecgada dien\u0101. Tas nodro\u0161in\u0101s iesp\u0113ju pla\u0161\u0101kam Latvijas iedz\u012bvot\u0101ju lokam baud\u012bt \u0161o muzik\u0101lo notikumu, iet\u0113rpt\u0101 sv\u0113tku noska\u0146\u0101 un ceremonij\u0101, kas velt\u012bta gan gada nosl\u0113gumam, gan cer\u012bbai uz lab\u0101ku n\u0101kotni.<\/p>\n<p>Telev\u012bzijas transl\u0101cija \u013cauj skat\u012bt\u0101jiem, kuri nevar\u0113s apmekl\u0113t Zemgales Olimpisko centru Jelgav\u0101, piedz\u012bvot \u0161ova ener\u0123iju un kop\u012bbas saj\u016btu sav\u0101s m\u0101j\u0101s, tie\u0161i pirms pusnakts, atvadoties no vec\u0101 un sagaidot jauno gadu. Uzsvars tiek likts uz pozit\u012bvu un optimistisku nots nov\u0113l\u0113jumu n\u0101kamajam gadam, kas atspogu\u013cojas ar\u012b pa\u0161a pas\u0101kuma nosaukum\u0101.<\/p>\n<p>Bi\u013cetes un organizatoriskie jaut\u0101jumi<\/p>\n<p>Bi\u013cetes uz pas\u0101kumu \u201cTV3 UN STAR FM JAUNGADA \u0160OVS | N\u0100KAMAIS B\u016aS V\u0112L LAB\u0100KS\u201d \u0161obr\u012bd ir pieejamas \u201cBi\u013ce\u0161u Parad\u012bze\u201d tirdzniec\u012bbas viet\u0101s. T\u0101 k\u0101 pas\u0101kums ir gan koncerts kl\u0101tien\u0113, gan telev\u012bzijas uz\u0146em\u0161ana, ieteicams t\u0101s ieg\u0101d\u0101ties laikus, lai nodro\u0161in\u0101tu sev vietu Zemgales Olimpiskaj\u0101 centr\u0101.<\/p>\n<p>\u0160is Jaungada \u0161ovs ir viens no gaid\u012bt\u0101kajiem notikumiem \u0161\u012bs ziemas sezon\u0101, apvienojot divas vado\u0161\u0101s mediju m\u0101jas un liel\u0101ko da\u013cu aktu\u0101l\u0101ko Latvijas izpild\u012bt\u0101ju. Tas ir sol\u012bjums par muzik\u0101lu, ener\u0123isku un pozit\u012bvu priek\u0161v\u0113stnesi jaunajam 2026. gadam, kas, k\u0101 m\u0113s visi ceram, tie\u0161\u0101m b\u016bs v\u0113l lab\u0101ks.<\/p>\n","protected":false},"excerpt":{"rendered":"Lielais Vecgada pas\u0101kums Jelgav\u0101: radio un telev\u012bzijas sadarb\u012bba vainagojas ar \u0161ovu Tuvojoties gada nogalei, telekan\u0101ls TV3 un radio&hellip;\n","protected":false},"author":2,"featured_media":84067,"comment_status":"","ping_status":"","sticky":false,"template":"","format":"standard","meta":{"footnotes":""},"categories":[19],"tags":[89,90,1355,35,39,38,36,37,34,355,40,21209,19204,21208],"class_list":{"0":"post-84066","1":"post","2":"type-post","3":"status-publish","4":"format-standard","5":"has-post-thumbnail","7":"category-izklaide","8":"tag-entertainment","9":"tag-izklaide","10":"tag-jelgava","11":"tag-latvia","12":"tag-latvian","13":"tag-latviesu","14":"tag-latviesu-valoda","15":"tag-latviesuvaloda","16":"tag-latvija","17":"tag-latvijas-muzika","18":"tag-lv","19":"tag-nakamais-bus-vel-labaks","20":"tag-star-fm","21":"tag-tv3-jaungada-sovs"},"share_on_mastodon":{"url":"https:\/\/pubeurope.com\/@lv\/115768551433647012","error":""},"_links":{"self":[{"href":"https:\/\/www.europesays.com\/lv\/wp-json\/wp\/v2\/posts\/84066","targetHints":{"allow":["GET"]}}],"collection":[{"href":"https:\/\/www.europesays.com\/lv\/wp-json\/wp\/v2\/posts"}],"about":[{"href":"https:\/\/www.europesays.com\/lv\/wp-json\/wp\/v2\/types\/post"}],"author":[{"embeddable":true,"href":"https:\/\/www.europesays.com\/lv\/wp-json\/wp\/v2\/users\/2"}],"replies":[{"embeddable":true,"href":"https:\/\/www.europesays.com\/lv\/wp-json\/wp\/v2\/comments?post=84066"}],"version-history":[{"count":0,"href":"https:\/\/www.europesays.com\/lv\/wp-json\/wp\/v2\/posts\/84066\/revisions"}],"wp:featuredmedia":[{"embeddable":true,"href":"https:\/\/www.europesays.com\/lv\/wp-json\/wp\/v2\/media\/84067"}],"wp:attachment":[{"href":"https:\/\/www.europesays.com\/lv\/wp-json\/wp\/v2\/media?parent=84066"}],"wp:term":[{"taxonomy":"category","embeddable":true,"href":"https:\/\/www.europesays.com\/lv\/wp-json\/wp\/v2\/categories?post=84066"},{"taxonomy":"post_tag","embeddable":true,"href":"https:\/\/www.europesays.com\/lv\/wp-json\/wp\/v2\/tags?post=84066"}],"curies":[{"name":"wp","href":"https:\/\/api.w.org\/{rel}","templated":true}]}}