{"id":84072,"date":"2025-12-23T11:07:13","date_gmt":"2025-12-23T11:07:13","guid":{"rendered":"https:\/\/www.europesays.com\/lv\/84072\/"},"modified":"2025-12-23T11:07:13","modified_gmt":"2025-12-23T11:07:13","slug":"ptac-piemero-west-kredit-50-000-eiro-sodu","status":"publish","type":"post","link":"https:\/\/www.europesays.com\/lv\/84072\/","title":{"rendered":"PTAC piem\u0113ro &#8220;West Kredit&#8221; 50 000 eiro sodu"},"content":{"rendered":"<p><a rel=\"noopener nofollow\" target=\"_blank\" href=\"https:\/\/www.delfi.lv\/temas\/42043934\/pateretaju-tiesibu-aizsardzibas-centrs\" tag-id=\"42043934\">Pat\u0113r\u0113t\u0101ju ties\u012bbu aizsardz\u012bbas centrs<\/a> (<a rel=\"noopener nofollow\" target=\"_blank\" href=\"https:\/\/www.delfi.lv\/temas\/43020454\/ptac\" tag-id=\"43020454\">PTAC<\/a>) pie\u0146\u0113mis l\u0113mumu pret A\/S &#8220;West Kredit&#8221; par \u012bstenotu negod\u012bgu komercpraksi \u2014 nepietiekamu kred\u012bt\u0146\u0113m\u0113ju maks\u0101tsp\u0113jas v\u0113rt\u0113\u0161anu pirms aizdevuma ar nekustam\u0101 \u012bpa\u0161uma \u0137\u012blu izsnieg\u0161anas. Uz\u0146\u0113mumam piem\u0113rots 50 000 eiro sods, &#8220;Delfi&#8221; inform\u0113ja PTAC.<\/p>\n<p class=\"western\">Komersantam, kas darbojas finan\u0161u vai kredit\u0113\u0161anas nozar\u0113, ir j\u0101b\u016bt paaugstin\u0101tai atbild\u012bbai pret pat\u0113r\u0113t\u0101jiem. Tas noz\u012bm\u0113, ka tam ir pien\u0101kums r\u012bkoties godpr\u0101t\u012bgi, caurskat\u0101mi un atbild\u012bgi, k\u0101 ar\u012b pien\u0101c\u012bgi izv\u0113rt\u0113t pat\u0113r\u0113t\u0101ja sp\u0113ju atmaks\u0101t aizdevumu. Ja \u0161ie pien\u0101kumi netiek iev\u0113roti, komersants p\u0101rk\u0101pj profesion\u0101l\u0101s r\u016bp\u012bbas principu, kas ir pamatv\u0113rt\u012bba gan Negod\u012bgas komercprakses aizlieguma likum\u0101, gan Pat\u0113r\u0113t\u0101ju ties\u012bbu aizsardz\u012bbas likum\u0101.<\/p>\n<p class=\"m-0\">Seko &#8220;Delfi&#8221; ar\u012b  <a target=\"_blank\" href=\"https:\/\/www.instagram.com\/delfi.lv\/\" rel=\"nofollow noopener\">Instagram<\/a>  un <a target=\"_blank\" href=\"https:\/\/www.youtube.com\/channel\/UCw5foWtcJvAbUm64rv7jwUQ\" rel=\"nofollow noopener\">YouTube<\/a>  profil\u0101 \u2013 pievienojies, lai uzzin\u0101tu svar\u012bg\u0101ko un interesant\u0101ko pirmais!<\/p>\n<p>Publik\u0101cijas saturs vai t\u0101s jebk\u0101da apjoma da\u013ca ir aizsarg\u0101ts autorties\u012bbu objekts Autorties\u012bbu likuma izpratn\u0113, un t\u0101 izmanto\u0161ana bez izdev\u0113ja at\u013caujas ir aizliegta. Vair\u0101k lasi  <a target=\"_blank\" href=\"https:\/\/www.delfi.lv\/noteikumi#autortiesibas\" rel=\"nofollow noopener\">\u0161eit<\/a><script async src=\"\/\/www.instagram.com\/embed.js\"><\/script><\/p>\n","protected":false},"excerpt":{"rendered":"Pat\u0113r\u0113t\u0101ju ties\u012bbu aizsardz\u012bbas centrs (PTAC) pie\u0146\u0113mis l\u0113mumu pret A\/S &#8220;West Kredit&#8221; par \u012bstenotu negod\u012bgu komercpraksi \u2014 nepietiekamu kred\u012bt\u0146\u0113m\u0113ju&hellip;\n","protected":false},"author":2,"featured_media":84073,"comment_status":"","ping_status":"","sticky":false,"template":"","format":"standard","meta":{"footnotes":""},"categories":[12],"tags":[23,8641,28,29,32,33,22,17028,30,31,35,39,38,36,37,34,40,20,8205,26,27,4211,24,25,21],"class_list":{"0":"post-84072","1":"post","2":"type-post","3":"status-publish","4":"format-standard","5":"has-post-thumbnail","7":"category-latvija","8":"tag-aktualitates","9":"tag-atrie-krediti","10":"tag-breaking-news","11":"tag-breakingnews","12":"tag-featured-news","13":"tag-featurednews","14":"tag-headlines","15":"tag-kreditreitings","16":"tag-latest-news","17":"tag-latestnews","18":"tag-latvia","19":"tag-latvian","20":"tag-latviesu","21":"tag-latviesu-valoda","22":"tag-latviesuvaloda","23":"tag-latvija","24":"tag-lv","25":"tag-news","26":"tag-pateretaju-tiesibu-aizsardzibas-centrs","27":"tag-popularakas-zinas","28":"tag-popularakaszinas","29":"tag-ptac","30":"tag-top-stories","31":"tag-topstories","32":"tag-zinas"},"share_on_mastodon":{"url":"https:\/\/pubeurope.com\/@lv\/115768566966546759","error":""},"_links":{"self":[{"href":"https:\/\/www.europesays.com\/lv\/wp-json\/wp\/v2\/posts\/84072","targetHints":{"allow":["GET"]}}],"collection":[{"href":"https:\/\/www.europesays.com\/lv\/wp-json\/wp\/v2\/posts"}],"about":[{"href":"https:\/\/www.europesays.com\/lv\/wp-json\/wp\/v2\/types\/post"}],"author":[{"embeddable":true,"href":"https:\/\/www.europesays.com\/lv\/wp-json\/wp\/v2\/users\/2"}],"replies":[{"embeddable":true,"href":"https:\/\/www.europesays.com\/lv\/wp-json\/wp\/v2\/comments?post=84072"}],"version-history":[{"count":0,"href":"https:\/\/www.europesays.com\/lv\/wp-json\/wp\/v2\/posts\/84072\/revisions"}],"wp:featuredmedia":[{"embeddable":true,"href":"https:\/\/www.europesays.com\/lv\/wp-json\/wp\/v2\/media\/84073"}],"wp:attachment":[{"href":"https:\/\/www.europesays.com\/lv\/wp-json\/wp\/v2\/media?parent=84072"}],"wp:term":[{"taxonomy":"category","embeddable":true,"href":"https:\/\/www.europesays.com\/lv\/wp-json\/wp\/v2\/categories?post=84072"},{"taxonomy":"post_tag","embeddable":true,"href":"https:\/\/www.europesays.com\/lv\/wp-json\/wp\/v2\/tags?post=84072"}],"curies":[{"name":"wp","href":"https:\/\/api.w.org\/{rel}","templated":true}]}}