{"id":84078,"date":"2025-12-23T11:12:08","date_gmt":"2025-12-23T11:12:08","guid":{"rendered":"https:\/\/www.europesays.com\/lv\/84078\/"},"modified":"2025-12-23T11:12:08","modified_gmt":"2025-12-23T11:12:08","slug":"starp-asv-un-daniju-atkal-uzvirmo-spriedze-grenlandes-del-sabiedrotie-aizstav-kopenhagenu-raksts","status":"publish","type":"post","link":"https:\/\/www.europesays.com\/lv\/84078\/","title":{"rendered":"Starp ASV un D\u0101niju atkal uzvirmo spriedze Grenlandes d\u0113\u013c; sabiedrotie aizst\u0101v Kopenh\u0101genu \/ Raksts"},"content":{"rendered":"<p>ASV prezidenta Donalda Trampa l\u0113mums noz\u012bm\u0113t s\u016btni Grenland\u0113 un k\u0101rt\u0113jie izteikumi par to, ka ar resursiem bag\u0101tajai salai j\u0101k\u013c\u016bst par ASV sast\u0101vda\u013cu, atjaunojis spriedzi Va\u0161ingtonas un Kopenh\u0101genas attiec\u012bb\u0101s. D\u0101\u0146us un grenlandie\u0161us jau atkal metu\u0161ies aizst\u0101v\u0113t eiropie\u0161i.\u00a0<\/p>\n<p>                D\u0101nija sa\u0161utusi par Trampa l\u0113mumu un \u012bpa\u0161\u0101 s\u016bt\u0146a izteikumiem\u00a0<\/p>\n<p>Sa\u0161utumu D\u0101nijas pus\u0113 ir rais\u012bjis fakts, ka ASV noz\u012bm\u0113 \u012bpa\u0161o\u00a0s\u016btni Grenland\u0113, kas Kopenh\u0101genas ieskat\u0101 k\u0101rt\u0113jo reizi apliecina to, ka amerik\u0101\u0146u, prec\u012bz\u0101k, Trampa ap\u0146\u0113m\u012bba ieg\u016bt vai ietekm\u0113t Grenlandi nekur nav zudusi.\u00a0<\/p>\n<p>Otrs iemesls ir pa\u0161a s\u016bt\u0146a izteikumi. Tramps amat\u0101 noz\u012bm\u0113jis Luizi\u0101nas gubernatoru, armijas veter\u0101nu un biju\u0161o policistu D\u017eefu Lendriju, kur\u0161 vietn\u0113 &#8220;X&#8221;\u00a0pateic\u0101s Trampam, rakstot, ka vi\u0146am ir gods kalpot prezidentam \u0161aj\u0101 amat\u0101, lai padar\u012btu Grenlandi par da\u013cu no ASV. Un tie\u0161i p\u0113d\u0113j\u0101 piebilde ir rad\u012bjusi\u00a0sa\u0161utumu.\u00a0<\/p>\n<p>D\u0101nijas \u0101rlietu ministrs Lars Leke Rasmusens jau pazi\u0146ojis, ka izsauks uz pakl\u0101ja ASV v\u0113stnieku.\u00a0<\/p>\n<p>&#8220;Mani dzi\u013ci satrauc zi\u0146as, ka prezidents ir iec\u0113lis \u012bpa\u0161o s\u016btni, un esmu \u012bpa\u0161i satraukts un uzskatu par piln\u012bgi nepie\u0146emamu to, k\u0101 \u012bpa\u0161ais s\u016btnis tagad koment\u0113 situ\u0101ciju, radot iespaidu, ka vi\u0146am ir pilnvaras padar\u012bt Grenlandi par Ameriku,&#8221; teica\u00a0Rasmusens.\u00a0<\/p>\n<p>Lendrijs v\u0113l iepriek\u0161 par Grenlandi izteicies l\u012bdz\u012bgi, janv\u0101r\u012b nor\u0101dot, ka Trampam attiec\u012bb\u0101 uz salu ir taisn\u012bba, proti, ASV j\u0101nodro\u0161ina, lai Grenlande pievienotos Savienotaj\u0101m Valst\u012bm, un tas b\u016btu lieliski vi\u0146iem un lieliski amerik\u0101\u0146iem.\u00a0<\/p>\n<blockquote>\n<p>Situ\u0101ciju koment\u0113jis ar\u012b Grenlandes premjers, atk\u0101rtoti uzsverot, ka salai, nevis k\u0101dam citam, j\u0101lemj par savu n\u0101kotni un ka t\u0101s teritori\u0101l\u0101 integrit\u0101te ir j\u0101respekt\u0113.\u00a0<\/p>\n<\/blockquote>\n<p>Tikm\u0113r Tramps, ar\u012b jaun\u0101kajos koment\u0101ros \u017eurn\u0101listiem, atkal D\u0101nijai uzb\u0113ris s\u0101li uz vec\u0101s br\u016bces, izsakoties par salu k\u0101 par lietu, ko t\u0101 var\u0113tu ieg\u016bt vai nopirkt, ja vien vi\u0146\u0161 to v\u0113l\u0113tos.\u00a0<\/p>\n<p>&#8220;Grenlande mums ir vajadz\u012bga valsts aizsardz\u012bbai. Vi\u0146iem ir \u013coti mazs iedz\u012bvot\u0101ju skaits, vi\u0146iem nav milit\u0101r\u0101s aizsardz\u012bbas. Grenlande mums ir vajadz\u012bga valsts dro\u0161\u012bbai, nevis der\u012bgo izrakte\u0146u d\u0113\u013c. Un, ja paskat\u0101s uz Grenlandi, j\u016bs paskat\u0101s aug\u0161up un lejup pa piekrasti. Visapk\u0101rt ir Krievijas un \u0136\u012bnas ku\u0123i. Mums t\u0101 ir j\u0101ieg\u016bst,&#8221; pauda Tramps.\u00a0<\/p>\n<p>Kopenh\u0101genu steidzas aizst\u0101v\u0113t t\u0101s sabiedrotie Eirop\u0101\u00a0<\/p>\n<p>Radu\u0161os situ\u0101ciju\u00a0ir \u012bsi koment\u0113jis ar\u012b biju\u0161ais ASV v\u0113stnieks D\u0101nij\u0101 Rufus Gifords:\u00a0<\/p>\n<p>&#8220;Tas o\u017e p\u0113c k\u0101da, kur\u0161 gadu ir lob\u0113jis administr\u0101ciju, lai ieg\u016btu labu darbu un tiktu prom no pa\u0161reiz\u0113j\u0101 amata. Un vi\u0146i vi\u0146am dod \u0161o\u2026 es deru, ka t\u0101 nebija vi\u0146a pirm\u0101 izv\u0113le, \u0146emot v\u0113r\u0101, ka vi\u0146am nav pieredzes diplom\u0101tij\u0101, \u0101rpolitik\u0101, Arktik\u0101 un D\u0101nij\u0101&#8230; Bet tom\u0113r tagad vi\u0146\u0161 ir piln\u012bb\u0101 atbild\u012bgs par Grenlandes &#8220;ieg\u016b\u0161anu&#8221;. Grenlande tom\u0113r nedaudz at\u0161\u0137iras no Luizi\u0101nas\u2026&#8221;\u00a0<\/p>\n<p>Ar\u012b da\u013ca amerik\u0101\u0146u un eiropie\u0161u anal\u012bti\u0137u nor\u0101da, ka Tramps nevajadz\u012bgi grauj attiec\u012bbas ar labu sabiedroto.\u00a0<\/p>\n<blockquote>\n<p>T\u0101pat k\u0101 iepriek\u0161\u0113jo Trampa izteikumu laik\u0101 D\u0101nijas partneri Eirop\u0101 paudu\u0161i solidarit\u0101ti Kopenh\u0101genai.\u00a0<\/p>\n<\/blockquote>\n<p>To vietn\u0113 &#8220;X&#8221;\u00a0dar\u012bju\u0161i vair\u0101ku valstu \u0101rlietu ministri, k\u0101 ar\u012b Eiropas Komisijas prezidente Urzula fon der Leiena.\u00a0<\/p>\n<p>Partneri uzsv\u0113ru\u0161i, ka tikai D\u0101nijai un Grenlandei ir ties\u012bbas lemt par salas likteni. Eiropas Savien\u012bbas augst\u0101 p\u0101rst\u0101ve \u0101rliet\u0101s Kaja Kallasa savuk\u0101rt uzsv\u0113ra Briseles gaidas uz to, ka visi partneri respekt\u0113s D\u0101nijas un Grenlandes suverenit\u0101ti un teritori\u0101lo integrit\u0101ti, k\u0101 ar\u012b iev\u0113ros savas starptautisk\u0101s saist\u012bbas, kas cita starp\u0101 nostiprin\u0101tas ANO Stat\u016btos un NATO l\u012bgum\u0101.<\/p>\n<p>                    Valodas k\u013c\u016bda rakst\u0101?<\/p>\n<p class=\"d-none d-md-block\">Iez\u012bm\u0113jiet tekstu un spiediet Ctrl+Enter, lai nos\u016bt\u012btu labojamo teksta fragmentu redaktoram! Par faktu k\u013c\u016bd\u0101m l\u016bdzam zi\u0146ot e-past\u0101 <a href=\"https:\/\/www.lsm.lv\/cdn-cgi\/l\/email-protection\" class=\"__cf_email__\" data-cfemail=\"1b697e7f7a707872717a5b77687635776d\" rel=\"nofollow noopener\" target=\"_blank\">[email\u00a0protected]<\/a>.<\/p>\n<p class=\"d-md-none\">Iez\u012bm\u0113jiet tekstu un spiediet uz Zi\u0146ot par k\u013c\u016bdu pogas, lai nos\u016bt\u012btu labojamo teksta fragmentu redaktoram!<\/p>\n<p>\n                    Zi\u0146ot par k\u013c\u016bdu\n                <\/p>\n","protected":false},"excerpt":{"rendered":"ASV prezidenta Donalda Trampa l\u0113mums noz\u012bm\u0113t s\u016btni Grenland\u0113 un k\u0101rt\u0113jie izteikumi par to, ka ar resursiem bag\u0101tajai salai&hellip;\n","protected":false},"author":2,"featured_media":84079,"comment_status":"","ping_status":"","sticky":false,"template":"","format":"standard","meta":{"footnotes":""},"categories":[14],"tags":[23,57,28,29,32,33,22,30,31,35,39,38,36,37,34,40,20,26,27,24,25,54,55,56,21,58],"class_list":{"0":"post-84078","1":"post","2":"type-post","3":"status-publish","4":"format-standard","5":"has-post-thumbnail","7":"category-zinas-no-arvalstim","8":"tag-aktualitates","9":"tag-arvalstim","10":"tag-breaking-news","11":"tag-breakingnews","12":"tag-featured-news","13":"tag-featurednews","14":"tag-headlines","15":"tag-latest-news","16":"tag-latestnews","17":"tag-latvia","18":"tag-latvian","19":"tag-latviesu","20":"tag-latviesu-valoda","21":"tag-latviesuvaloda","22":"tag-latvija","23":"tag-lv","24":"tag-news","25":"tag-popularakas-zinas","26":"tag-popularakaszinas","27":"tag-top-stories","28":"tag-topstories","29":"tag-world","30":"tag-world-news","31":"tag-worldnews","32":"tag-zinas","33":"tag-zinas-no-arvalstim"},"share_on_mastodon":{"url":"https:\/\/pubeurope.com\/@lv\/115768586693914393","error":""},"_links":{"self":[{"href":"https:\/\/www.europesays.com\/lv\/wp-json\/wp\/v2\/posts\/84078","targetHints":{"allow":["GET"]}}],"collection":[{"href":"https:\/\/www.europesays.com\/lv\/wp-json\/wp\/v2\/posts"}],"about":[{"href":"https:\/\/www.europesays.com\/lv\/wp-json\/wp\/v2\/types\/post"}],"author":[{"embeddable":true,"href":"https:\/\/www.europesays.com\/lv\/wp-json\/wp\/v2\/users\/2"}],"replies":[{"embeddable":true,"href":"https:\/\/www.europesays.com\/lv\/wp-json\/wp\/v2\/comments?post=84078"}],"version-history":[{"count":0,"href":"https:\/\/www.europesays.com\/lv\/wp-json\/wp\/v2\/posts\/84078\/revisions"}],"wp:featuredmedia":[{"embeddable":true,"href":"https:\/\/www.europesays.com\/lv\/wp-json\/wp\/v2\/media\/84079"}],"wp:attachment":[{"href":"https:\/\/www.europesays.com\/lv\/wp-json\/wp\/v2\/media?parent=84078"}],"wp:term":[{"taxonomy":"category","embeddable":true,"href":"https:\/\/www.europesays.com\/lv\/wp-json\/wp\/v2\/categories?post=84078"},{"taxonomy":"post_tag","embeddable":true,"href":"https:\/\/www.europesays.com\/lv\/wp-json\/wp\/v2\/tags?post=84078"}],"curies":[{"name":"wp","href":"https:\/\/api.w.org\/{rel}","templated":true}]}}