{"id":84080,"date":"2025-12-23T11:13:08","date_gmt":"2025-12-23T11:13:08","guid":{"rendered":"https:\/\/www.europesays.com\/lv\/84080\/"},"modified":"2025-12-23T11:13:08","modified_gmt":"2025-12-23T11:13:08","slug":"ptac-piemero-west-kredit-50-000-eiro-sodu-2","status":"publish","type":"post","link":"https:\/\/www.europesays.com\/lv\/84080\/","title":{"rendered":"PTAC piem\u0113ro &#8220;West Kredit&#8221; 50 000 eiro sodu"},"content":{"rendered":"<p>Vienlaikus PTAC nor\u0101da, ka komersantam, kas darbojas finan\u0161u vai kredit\u0113\u0161anas nozar\u0113, ir j\u0101b\u016bt paaugstin\u0101tai atbild\u012bbai pret pat\u0113r\u0113t\u0101jiem. Tas noz\u012bm\u0113, ka tam ir pien\u0101kums r\u012bkoties godpr\u0101t\u012bgi, caurskat\u0101mi un atbild\u012bgi, k\u0101 ar\u012b pien\u0101c\u012bgi izv\u0113rt\u0113t pat\u0113r\u0113t\u0101ja sp\u0113ju atmaks\u0101t aizdevumu. Ja \u0161ie pien\u0101kumi netiek iev\u0113roti, komersants p\u0101rk\u0101pj profesion\u0101l\u0101s r\u016bp\u012bbas principu, kas ir pamatv\u0113rt\u012bba gan Negod\u012bgas komercprakses aizlieguma likum\u0101, gan Pat\u0113r\u0113t\u0101ju ties\u012bbu aizsardz\u012bbas likum\u0101.<\/p>\n","protected":false},"excerpt":{"rendered":"Vienlaikus PTAC nor\u0101da, ka komersantam, kas darbojas finan\u0161u vai kredit\u0113\u0161anas nozar\u0113, ir j\u0101b\u016bt paaugstin\u0101tai atbild\u012bbai pret pat\u0113r\u0113t\u0101jiem. Tas&hellip;\n","protected":false},"author":2,"featured_media":84081,"comment_status":"","ping_status":"","sticky":false,"template":"","format":"standard","meta":{"footnotes":""},"categories":[12],"tags":[23,28,29,32,33,22,30,31,35,39,38,36,37,34,40,20,26,27,24,25,21],"class_list":{"0":"post-84080","1":"post","2":"type-post","3":"status-publish","4":"format-standard","5":"has-post-thumbnail","7":"category-latvija","8":"tag-aktualitates","9":"tag-breaking-news","10":"tag-breakingnews","11":"tag-featured-news","12":"tag-featurednews","13":"tag-headlines","14":"tag-latest-news","15":"tag-latestnews","16":"tag-latvia","17":"tag-latvian","18":"tag-latviesu","19":"tag-latviesu-valoda","20":"tag-latviesuvaloda","21":"tag-latvija","22":"tag-lv","23":"tag-news","24":"tag-popularakas-zinas","25":"tag-popularakaszinas","26":"tag-top-stories","27":"tag-topstories","28":"tag-zinas"},"share_on_mastodon":{"url":"https:\/\/pubeurope.com\/@lv\/115768590549968489","error":""},"_links":{"self":[{"href":"https:\/\/www.europesays.com\/lv\/wp-json\/wp\/v2\/posts\/84080","targetHints":{"allow":["GET"]}}],"collection":[{"href":"https:\/\/www.europesays.com\/lv\/wp-json\/wp\/v2\/posts"}],"about":[{"href":"https:\/\/www.europesays.com\/lv\/wp-json\/wp\/v2\/types\/post"}],"author":[{"embeddable":true,"href":"https:\/\/www.europesays.com\/lv\/wp-json\/wp\/v2\/users\/2"}],"replies":[{"embeddable":true,"href":"https:\/\/www.europesays.com\/lv\/wp-json\/wp\/v2\/comments?post=84080"}],"version-history":[{"count":0,"href":"https:\/\/www.europesays.com\/lv\/wp-json\/wp\/v2\/posts\/84080\/revisions"}],"wp:featuredmedia":[{"embeddable":true,"href":"https:\/\/www.europesays.com\/lv\/wp-json\/wp\/v2\/media\/84081"}],"wp:attachment":[{"href":"https:\/\/www.europesays.com\/lv\/wp-json\/wp\/v2\/media?parent=84080"}],"wp:term":[{"taxonomy":"category","embeddable":true,"href":"https:\/\/www.europesays.com\/lv\/wp-json\/wp\/v2\/categories?post=84080"},{"taxonomy":"post_tag","embeddable":true,"href":"https:\/\/www.europesays.com\/lv\/wp-json\/wp\/v2\/tags?post=84080"}],"curies":[{"name":"wp","href":"https:\/\/api.w.org\/{rel}","templated":true}]}}