{"id":84083,"date":"2025-12-23T11:16:07","date_gmt":"2025-12-23T11:16:07","guid":{"rendered":"https:\/\/www.europesays.com\/lv\/84083\/"},"modified":"2025-12-23T11:16:07","modified_gmt":"2025-12-23T11:16:07","slug":"arturs-kurucs-ar-teicamu-talmetienu-precizitati-kaldina-breogan-dramatisku-uzvaru-acb-liga-lente-lv","status":"publish","type":"post","link":"https:\/\/www.europesays.com\/lv\/84083\/","title":{"rendered":"Art\u016brs Kurucs ar teicamu t\u0101lmetienu precizit\u0101ti kaldina \u201cBreogan\u201d dramatisku uzvaru ACB l\u012bg\u0101\u00a0\u2014\u00a0Lente.lv"},"content":{"rendered":"<p>Sp\u0113c\u012bgs sniegums iemetienos iz\u0161\u0137iro\u0161aj\u0101 br\u012bd\u012b<\/p>\n<p>Latvijas basketbolists Art\u016brs Kurucs demonstr\u0113jis atz\u012bstamu sniegumu un precizit\u0101ti t\u0101lmetienos sv\u0113tdien, 21. decembr\u012b, Sp\u0101nijas ACB l\u012bgas sp\u0113l\u0113. Vi\u0146a p\u0101rst\u0101v\u0113t\u0101 Lugo komanda &#8220;Rio Breogan&#8221; sav\u0101 laukum\u0101 ar minim\u0101lu p\u0101rsvaru, 100:99, p\u0101rsp\u0113ja tuv\u0101ko konkurentu &#8220;Bilbao&#8221;.<\/p>\n<p>\u0160\u012b bija Kuruca komandai svar\u012bgais pan\u0101kums, kas \u013cauj notur\u0113ties l\u012bgas vidusda\u013c\u0101, c\u012bnoties par lab\u0101ku poz\u012bciju tabul\u0101. &#8220;Breogan&#8221; ar \u0161o uzvaru nostiprin\u0101j\u0101s dev\u012btaj\u0101 viet\u0101 ACB \u010dempion\u0101t\u0101 ar pieciem pan\u0101kumiem 11 aizvad\u012bt\u0101s sp\u0113l\u0113s.<\/p>\n<p>Kuruca person\u012bg\u0101 statistika un efektivit\u0101te<\/p>\n<p>Aizsargs laukum\u0101 pavad\u012bja teju 28 min\u016btes \u2013 27 min\u016btes un 42 sekundes \u2013 un guva 11 punktus. Tie\u0161i t\u0101lmetieni bija latvie\u0161a galvenais ierocis, realiz\u0113jot tr\u012bs no pieciem m\u0113\u0123in\u0101jumiem no tr\u012bspunktu l\u012bnijas. Vi\u0146a metienu precizit\u0101te no perimetra \u0161aj\u0101 ma\u010d\u0101 bija \u013coti augsta, kas pal\u012bdz\u0113ja komandai notur\u0113t nelielo p\u0101rsvaru l\u012bdz pat sp\u0113les beig\u0101m.<\/p>\n<p>Papildus punktiem, Kuruca r\u0113\u0137in\u0101 bija ar\u012b tr\u012bs atl\u0113ku\u0161\u0101s bumbas un viena rezultat\u012bva piesp\u0113le. Aizsardz\u012bb\u0101 vi\u0146\u0161 ar\u012b pasp\u0113ja noblo\u0137\u0113t vienu piesp\u0113li, sp\u0113li nosl\u0113dzot ar pozit\u012bvu +\/- r\u0101d\u012bt\u0101ju +2 un nevienu reizi nepie\u013caujot k\u013c\u016bdu (0 zaud\u0113tas bumbas).<\/p>\n<p>Komandas l\u012bderi un sp\u0113les norise<\/p>\n<p>Aizraujo\u0161aj\u0101 un punktiem bag\u0101taj\u0101 duel\u012b ar &#8220;Bilbao&#8221; &#8220;Breogan&#8221; rind\u0101s izc\u0113l\u0101s Fransisko Alonso, kur\u0161 guva 22 punktus. Savuk\u0101rt &#8220;Bilbao&#8221; rind\u0101s rezultat\u012bv\u0101kais ar 20 punktiem bija Derens Hiljards. Sp\u0113les gaita bija l\u012bdz\u012bga, par ko liecina ar\u012b rezult\u0101ts, kas atkl\u0101j c\u012b\u0146as spraigumu katr\u0101 ceturtu\u013c\u0101, kur uzvar\u0113t\u0101ja komanda guva par p\u0101ris punktiem vair\u0101k.<\/p>\n<p>Pla\u0161\u0101ks konteksts un sezona<\/p>\n<p>Art\u016brs Kurucs \u0161osezon Sp\u0101nijas ACB l\u012bg\u0101 vid\u0113ji katr\u0101 sp\u0113l\u0113 atz\u012bm\u0113jies ar 6,9 punktiem un div\u0101m atl\u0113ku\u0161aj\u0101m bumb\u0101m. Pievienojies &#8220;Breogan&#8221; komandai ar m\u0113r\u0137i ieg\u016bt liel\u0101ku sp\u0113les laiku, vi\u0146a sniegums, \u012bpa\u0161i t\u0101lmetienu precizit\u0101tes uzlabo\u0161an\u0101s, liecina par virz\u012bbu uz izvirz\u012bto m\u0113r\u0137u sasnieg\u0161anu un pal\u012bdz\u012bbu komandai \u010dempion\u0101ta tabul\u0101.<\/p>\n","protected":false},"excerpt":{"rendered":"Sp\u0113c\u012bgs sniegums iemetienos iz\u0161\u0137iro\u0161aj\u0101 br\u012bd\u012b Latvijas basketbolists Art\u016brs Kurucs demonstr\u0113jis atz\u012bstamu sniegumu un precizit\u0101ti t\u0101lmetienos sv\u0113tdien, 21. decembr\u012b,&hellip;\n","protected":false},"author":2,"featured_media":84084,"comment_status":"","ping_status":"","sticky":false,"template":"","format":"standard","meta":{"footnotes":""},"categories":[17],"tags":[6377,145,35,39,38,36,37,34,40,21210,21211,67,8996],"class_list":{"0":"post-84083","1":"post","2":"type-post","3":"status-publish","4":"format-standard","5":"has-post-thumbnail","7":"category-sports","8":"tag-arturs-kurucs","9":"tag-basketbols","10":"tag-latvia","11":"tag-latvian","12":"tag-latviesu","13":"tag-latviesu-valoda","14":"tag-latviesuvaloda","15":"tag-latvija","16":"tag-lv","17":"tag-rio-breogan","18":"tag-spanijas-acb-liga","19":"tag-sports","20":"tag-talmetieni"},"share_on_mastodon":{"url":"https:\/\/pubeurope.com\/@lv\/115768602389332903","error":""},"_links":{"self":[{"href":"https:\/\/www.europesays.com\/lv\/wp-json\/wp\/v2\/posts\/84083","targetHints":{"allow":["GET"]}}],"collection":[{"href":"https:\/\/www.europesays.com\/lv\/wp-json\/wp\/v2\/posts"}],"about":[{"href":"https:\/\/www.europesays.com\/lv\/wp-json\/wp\/v2\/types\/post"}],"author":[{"embeddable":true,"href":"https:\/\/www.europesays.com\/lv\/wp-json\/wp\/v2\/users\/2"}],"replies":[{"embeddable":true,"href":"https:\/\/www.europesays.com\/lv\/wp-json\/wp\/v2\/comments?post=84083"}],"version-history":[{"count":0,"href":"https:\/\/www.europesays.com\/lv\/wp-json\/wp\/v2\/posts\/84083\/revisions"}],"wp:featuredmedia":[{"embeddable":true,"href":"https:\/\/www.europesays.com\/lv\/wp-json\/wp\/v2\/media\/84084"}],"wp:attachment":[{"href":"https:\/\/www.europesays.com\/lv\/wp-json\/wp\/v2\/media?parent=84083"}],"wp:term":[{"taxonomy":"category","embeddable":true,"href":"https:\/\/www.europesays.com\/lv\/wp-json\/wp\/v2\/categories?post=84083"},{"taxonomy":"post_tag","embeddable":true,"href":"https:\/\/www.europesays.com\/lv\/wp-json\/wp\/v2\/tags?post=84083"}],"curies":[{"name":"wp","href":"https:\/\/api.w.org\/{rel}","templated":true}]}}