{"id":84086,"date":"2025-12-23T11:18:06","date_gmt":"2025-12-23T11:18:06","guid":{"rendered":"https:\/\/www.europesays.com\/lv\/84086\/"},"modified":"2025-12-23T11:18:06","modified_gmt":"2025-12-23T11:18:06","slug":"maskava-automasinas-spradziena-boja-gajis-krievijas-generalstaba-parvaldes-vaditajs-lente-lv","status":"publish","type":"post","link":"https:\/\/www.europesays.com\/lv\/84086\/","title":{"rendered":"Maskav\u0101 automa\u0161\u012bnas spr\u0101dzien\u0101 boj\u0101 g\u0101jis Krievijas \u0122ener\u0101l\u0161t\u0101ba p\u0101rvaldes vad\u012bt\u0101js\u00a0\u2014\u00a0Lente.lv"},"content":{"rendered":"<p>\u0122ener\u0101lleitnants Fanils Sarvarovs mira slimn\u012bc\u0101 p\u0113c spr\u0101dziena<\/p>\n<p>Maskav\u0101 notikusi augsta ranga Krievijas milit\u0101rpersonas tra\u0123\u0113dija: pirmdien, uzspridzinot vi\u0146a automa\u0161\u012bnu, tika nogalin\u0101ts \u0122ener\u0101l\u0161t\u0101ba operat\u012bv\u0101s apm\u0101c\u012bbas noda\u013cas vad\u012bt\u0101js, \u0123ener\u0101lleitnants Fanils Sarvarovs. K\u0101 zi\u0146o telekan\u0101ls TV3, spr\u0101gstvielu ier\u012bce bija novietota zem vi\u0146a transportl\u012bdzek\u013ca, un t\u0101 eksplod\u0113ja, tikl\u012bdz auto nobrauca da\u017eus metrus. \u0160is incidents izrais\u012bjis pla\u0161u rezonansi starp\u0101 ar notikumiem saist\u012btajos avotos.<\/p>\n<p>Detaliz\u0113ta inform\u0101cija par uzbrukumu<\/p>\n<p>P\u0113c ofici\u0101las inform\u0101cijas, 56 gadus vecais Sarvarovs guva smagus ievainojumus spr\u0101dziena rezult\u0101t\u0101. Vi\u0146u nekav\u0113joties nog\u0101d\u0101ja slimn\u012bc\u0101, ta\u010du tur vi\u0146\u0161 no g\u016btaj\u0101m traum\u0101m nomira. Spr\u0101dziens, kas, k\u0101 zi\u0146ots, noticis ar zem automa\u0161\u012bnas \u201cKia Sorento\u201d apak\u0161da\u013cas uzst\u0101d\u012btu ier\u012bci, saboj\u0101jis ar\u012b net\u0101lu st\u0101vo\u0161\u0101s ma\u0161\u012bnas. Krievijas Izmekl\u0113\u0161anas komiteja ir s\u0101kusi padzi\u013cin\u0101tu izmekl\u0113\u0161anu, izskatot vair\u0101kas notiku\u0161\u0101 versijas.<\/p>\n<p>Izmekl\u0113\u0161anas versijas un Sarvarova iepriek\u0161\u0113j\u0101 dienest\u0101<\/p>\n<p>Krievijas Izmekl\u0113\u0161anas komitejas p\u0101rst\u0101vji apstiprin\u0101ju\u0161i, ka viena no galvenaj\u0101m izmekl\u0113\u0161anas versij\u0101m ietver iesp\u0113jamu Ukrainas speci\u0101lo dienestu iesaisti Sarvarova likvid\u0113\u0161an\u0101. Iepriek\u0161\u0113j\u0101 dienest\u0101 \u0123ener\u0101lis Sarvarovs bijis saist\u012bts ar kaujas oper\u0101cij\u0101m \u010ce\u010denij\u0101, k\u0101 ar\u012b ie\u0146\u0113mis svar\u012bgu amatu Krievijas kontingent\u0101 S\u012brij\u0101. Vi\u0146a n\u0101ve \u0161\u0101d\u0101 veid\u0101 tiek v\u0113rt\u0113ta k\u0101 noz\u012bm\u012bgs trieciens Krievijas milit\u0101rajai vad\u012bbai.<\/p>\n<p>\u0160is nav pirmais gad\u012bjums<\/p>\n<p>\u0160is nav vien\u012bgais gad\u012bjums Krievij\u0101, kad spr\u0101dzien\u0101 tiek likvid\u0113ta augsta ranga milit\u0101rpersona. Iepriek\u0161\u0113j\u0101 gad\u0101, 2024. gada decembr\u012b, l\u012bdz\u012bg\u0101 veid\u0101 Maskav\u0101 tika nogalin\u0101ts ar\u012b Krievijas armijas pretradi\u0101cijas, \u0137\u012bmisk\u0101s un biolo\u0123isk\u0101s aizsardz\u012bbas karasp\u0113ka priek\u0161nieks \u0123ener\u0101lleitnants Igors Kirilovs. Tolaik atbild\u012bbu par \u0161o oper\u0101ciju uz\u0146\u0113m\u0101s Ukrainas specdienesti, nor\u0101dot, ka Kirilovs bijis \u201clegit\u012bms m\u0113r\u0137is\u201d.<\/p>\n","protected":false},"excerpt":{"rendered":"\u0122ener\u0101lleitnants Fanils Sarvarovs mira slimn\u012bc\u0101 p\u0113c spr\u0101dziena Maskav\u0101 notikusi augsta ranga Krievijas milit\u0101rpersonas tra\u0123\u0113dija: pirmdien, uzspridzinot vi\u0146a automa\u0161\u012bnu,&hellip;\n","protected":false},"author":2,"featured_media":84087,"comment_status":"","ping_status":"","sticky":false,"template":"","format":"standard","meta":{"footnotes":""},"categories":[14],"tags":[23,57,28,29,21212,32,33,21215,22,21213,30,31,35,39,38,36,37,34,40,21214,20,26,27,24,25,21216,54,55,56,21,58],"class_list":{"0":"post-84086","1":"post","2":"type-post","3":"status-publish","4":"format-standard","5":"has-post-thumbnail","7":"category-zinas-no-arvalstim","8":"tag-aktualitates","9":"tag-arvalstim","10":"tag-breaking-news","11":"tag-breakingnews","12":"tag-fanils-sarvarovs","13":"tag-featured-news","14":"tag-featurednews","15":"tag-generalstabs","16":"tag-headlines","17":"tag-krievijas-generalis","18":"tag-latest-news","19":"tag-latestnews","20":"tag-latvia","21":"tag-latvian","22":"tag-latviesu","23":"tag-latviesu-valoda","24":"tag-latviesuvaloda","25":"tag-latvija","26":"tag-lv","27":"tag-maskavas-spradziens","28":"tag-news","29":"tag-popularakas-zinas","30":"tag-popularakaszinas","31":"tag-top-stories","32":"tag-topstories","33":"tag-ukrainas-specdienesti","34":"tag-world","35":"tag-world-news","36":"tag-worldnews","37":"tag-zinas","38":"tag-zinas-no-arvalstim"},"share_on_mastodon":{"url":"","error":"Validation failed: Text character limit of 500 exceeded"},"_links":{"self":[{"href":"https:\/\/www.europesays.com\/lv\/wp-json\/wp\/v2\/posts\/84086","targetHints":{"allow":["GET"]}}],"collection":[{"href":"https:\/\/www.europesays.com\/lv\/wp-json\/wp\/v2\/posts"}],"about":[{"href":"https:\/\/www.europesays.com\/lv\/wp-json\/wp\/v2\/types\/post"}],"author":[{"embeddable":true,"href":"https:\/\/www.europesays.com\/lv\/wp-json\/wp\/v2\/users\/2"}],"replies":[{"embeddable":true,"href":"https:\/\/www.europesays.com\/lv\/wp-json\/wp\/v2\/comments?post=84086"}],"version-history":[{"count":0,"href":"https:\/\/www.europesays.com\/lv\/wp-json\/wp\/v2\/posts\/84086\/revisions"}],"wp:featuredmedia":[{"embeddable":true,"href":"https:\/\/www.europesays.com\/lv\/wp-json\/wp\/v2\/media\/84087"}],"wp:attachment":[{"href":"https:\/\/www.europesays.com\/lv\/wp-json\/wp\/v2\/media?parent=84086"}],"wp:term":[{"taxonomy":"category","embeddable":true,"href":"https:\/\/www.europesays.com\/lv\/wp-json\/wp\/v2\/categories?post=84086"},{"taxonomy":"post_tag","embeddable":true,"href":"https:\/\/www.europesays.com\/lv\/wp-json\/wp\/v2\/tags?post=84086"}],"curies":[{"name":"wp","href":"https:\/\/api.w.org\/{rel}","templated":true}]}}