{"id":84095,"date":"2025-12-23T11:24:09","date_gmt":"2025-12-23T11:24:09","guid":{"rendered":"https:\/\/www.europesays.com\/lv\/84095\/"},"modified":"2025-12-23T11:24:09","modified_gmt":"2025-12-23T11:24:09","slug":"italija-ryanair-piespriez-255-miljonu-eiro-lielu-sodu","status":"publish","type":"post","link":"https:\/\/www.europesays.com\/lv\/84095\/","title":{"rendered":"It\u0101lija &#8220;Ryanair&#8221; piesprie\u017e 255 miljonu eiro lielu sodu"},"content":{"rendered":"<p>AGCM nor\u0101da, ka &#8220;Ryanair&#8221; izmantojusi negod\u012bgu strat\u0113\u0123iju, kas laika posm\u0101 no 2023. gada l\u012bdz vismaz 2025. gada apr\u012blim apgr\u016btin\u0101ja ce\u013cojumu a\u0123ent\u016br\u0101m apvienot &#8220;Ryanair&#8221; lidojumus ar citiem pakalpojumiem.<\/p>\n<p>\u0160\u012bs strat\u0113\u0123ijas &#8220;m\u0113r\u0137is bija blo\u0137\u0113t, apgr\u016btin\u0101t, sare\u017e\u0123\u012bt vai sad\u0101rdzin\u0101t (ekonomiski vai tehniski) ce\u013cojumu a\u0123ent\u016bru iesp\u0113jas ieg\u0101d\u0101ties &#8220;Ryanair&#8221; lidojumus m\u0101jaslap\u0101 &#8220;ryanair.com&#8221; kop\u0101 ar citu aviokomp\u0101niju pied\u0101v\u0101tiem lidojumiem vai citiem ce\u013cojumu un apdro\u0161in\u0101\u0161anas pakalpojumiem,&#8221; skaidro konkurences uzraugs.<\/p>\n<p>&#8220;\u0160\u012b prakse mazin\u0101ja a\u0123ent\u016bru iesp\u0113jas ieg\u0101d\u0101ties &#8220;Ryanair&#8221; lidojumus un kombin\u0113t tos ar citu aviokomp\u0101niju lidojumiem un\/vai papildu ce\u013cojumu pakalpojumiem, t\u0101d\u0113j\u0101di samazinot tie\u0161o un netie\u0161o konkurenci starp a\u0123ent\u016br\u0101m,&#8221; uzsver AGCM.<\/p>\n<p>K\u0101 zi\u0146ots, AGCM pirmdien ASV tehnolo\u0123iju milzim &#8220;Apple&#8221; piem\u0113roja 98 miljonu eiro naudassodu saist\u012bb\u0101 ar t\u0101 lietot\u0146u izseko\u0161anas priv\u0101tuma funkciju.<\/p>\n","protected":false},"excerpt":{"rendered":"AGCM nor\u0101da, ka &#8220;Ryanair&#8221; izmantojusi negod\u012bgu strat\u0113\u0123iju, kas laika posm\u0101 no 2023. gada l\u012bdz vismaz 2025. gada apr\u012blim&hellip;\n","protected":false},"author":2,"featured_media":84096,"comment_status":"","ping_status":"","sticky":false,"template":"","format":"standard","meta":{"footnotes":""},"categories":[14],"tags":[23,57,28,29,32,33,22,2316,30,31,35,39,38,36,37,34,40,348,20,26,27,4429,24,25,54,55,56,21,58],"class_list":{"0":"post-84095","1":"post","2":"type-post","3":"status-publish","4":"format-standard","5":"has-post-thumbnail","7":"category-zinas-no-arvalstim","8":"tag-aktualitates","9":"tag-arvalstim","10":"tag-breaking-news","11":"tag-breakingnews","12":"tag-featured-news","13":"tag-featurednews","14":"tag-headlines","15":"tag-italija","16":"tag-latest-news","17":"tag-latestnews","18":"tag-latvia","19":"tag-latvian","20":"tag-latviesu","21":"tag-latviesu-valoda","22":"tag-latviesuvaloda","23":"tag-latvija","24":"tag-lv","25":"tag-naudas-sods","26":"tag-news","27":"tag-popularakas-zinas","28":"tag-popularakaszinas","29":"tag-ryanair","30":"tag-top-stories","31":"tag-topstories","32":"tag-world","33":"tag-world-news","34":"tag-worldnews","35":"tag-zinas","36":"tag-zinas-no-arvalstim"},"share_on_mastodon":{"url":"https:\/\/pubeurope.com\/@lv\/115768633885069055","error":""},"_links":{"self":[{"href":"https:\/\/www.europesays.com\/lv\/wp-json\/wp\/v2\/posts\/84095","targetHints":{"allow":["GET"]}}],"collection":[{"href":"https:\/\/www.europesays.com\/lv\/wp-json\/wp\/v2\/posts"}],"about":[{"href":"https:\/\/www.europesays.com\/lv\/wp-json\/wp\/v2\/types\/post"}],"author":[{"embeddable":true,"href":"https:\/\/www.europesays.com\/lv\/wp-json\/wp\/v2\/users\/2"}],"replies":[{"embeddable":true,"href":"https:\/\/www.europesays.com\/lv\/wp-json\/wp\/v2\/comments?post=84095"}],"version-history":[{"count":0,"href":"https:\/\/www.europesays.com\/lv\/wp-json\/wp\/v2\/posts\/84095\/revisions"}],"wp:featuredmedia":[{"embeddable":true,"href":"https:\/\/www.europesays.com\/lv\/wp-json\/wp\/v2\/media\/84096"}],"wp:attachment":[{"href":"https:\/\/www.europesays.com\/lv\/wp-json\/wp\/v2\/media?parent=84095"}],"wp:term":[{"taxonomy":"category","embeddable":true,"href":"https:\/\/www.europesays.com\/lv\/wp-json\/wp\/v2\/categories?post=84095"},{"taxonomy":"post_tag","embeddable":true,"href":"https:\/\/www.europesays.com\/lv\/wp-json\/wp\/v2\/tags?post=84095"}],"curies":[{"name":"wp","href":"https:\/\/api.w.org\/{rel}","templated":true}]}}