{"id":84105,"date":"2025-12-23T11:30:29","date_gmt":"2025-12-23T11:30:29","guid":{"rendered":"https:\/\/www.europesays.com\/lv\/84105\/"},"modified":"2025-12-23T11:30:29","modified_gmt":"2025-12-23T11:30:29","slug":"izraela-apstiprina-19-jaunu-ebreju-apmetnu-izveidi-okupetaja-rietumkrasta-apdraudot-palestiniesu-valsti-lente-lv","status":"publish","type":"post","link":"https:\/\/www.europesays.com\/lv\/84105\/","title":{"rendered":"Izra\u0113la apstiprina 19 jaunu ebreju apmet\u0146u izveidi okup\u0113taj\u0101 Rietumkrast\u0101, apdraudot palest\u012bnie\u0161u valsti\u00a0\u2014\u00a0Lente.lv"},"content":{"rendered":"<p>Jauni apmet\u0146u b\u016bvniec\u012bbas pl\u0101ni apdraud miera procesu<\/p>\n<p>Izra\u0113las vald\u012bba ir apstiprin\u0101jusi pl\u0101nu izveidot 19 jaunas ebreju apmetnes okup\u0113taj\u0101 Rietumkrast\u0101. \u0160o soli, kas iev\u0113rojami papla\u0161in\u0101s apmet\u0146u t\u012bklu, pazi\u0146oja gal\u0113ji lab\u0113jais finan\u0161u ministrs Becalels Smotri\u010ds. K\u0101 inform\u0113 telekan\u0101ls EuroNews, \u0161is l\u0113mums ir smags trieciens palest\u012bnie\u0161u valsts izredz\u0113m, jo tas kop\u0161 pa\u0161reiz\u0113j\u0101s vald\u012bbas s\u0101kuma Rietumkrast\u0101 jau novedis pie 69 jaunu apmet\u0146u izveides, sasniedzot jaunu rekordu.<\/p>\n<p>\u0160is apstiprin\u0101jums palielina apmet\u0146u skaitu Rietumkrast\u0101 gandr\u012bz par 50% pa\u0161reiz\u0113j\u0101s vald\u012bbas laik\u0101. Saska\u0146\u0101 ar pret apmetn\u0113m noska\u0146ot\u0101s organiz\u0101cijas &#8220;Peace Now&#8221; datiem, jauno apstiprin\u0101jumu d\u0113\u013c kop\u0113jais apmet\u0146u skaits pieaudzis no 141 (2022. gad\u0101) l\u012bdz 210. Daudzi starptautisk\u0101s kopienas dal\u012bbnieki uzskata, ka \u0161\u012bs apmetnes ir pretrun\u0101 ar starptautiskajiem likumiem.<\/p>\n<p>Apmet\u0146u legaliz\u0101cija un v\u0113sturiskie paradoksi<\/p>\n<p>Finan\u0161u ministrija preciz\u0113ja, ka kabineta l\u0113mums ietver ne tikai jaunu apmet\u0146u rad\u012b\u0161anu, bet ar\u012b atsevi\u0161\u0137u iepriek\u0161 neleg\u0101lu apmet\u0146u kvart\u0101lu vai jau eso\u0161o apmet\u0146u da\u013cu retroakt\u012bvu legaliz\u0101ciju. Interesanti, ka apstiprin\u0101jum\u0101 iek\u013cautas ar\u012b divas apmetnes \u2013 Kadima un Ganima \u2013, kas tika demont\u0113tas 2005. gad\u0101, \u012bstenojot Izra\u0113las atdal\u012b\u0161an\u0101s pl\u0101nu no Gazas joslas.<\/p>\n<p>Situ\u0101cijas saasin\u0101\u0161an\u0101s Rietumkrast\u0101<\/p>\n<p>\u0160is l\u0113mums pie\u0146emts laik\u0101, kad ASV akt\u012bvi mudina Izra\u0113lu un Hamas virz\u012bties uz priek\u0161u ar G\u0101zas pamieru otr\u0101s f\u0101zes \u012bsteno\u0161anu, kas var\u0113tu rad\u012bt pamatu palest\u012bnie\u0161u valstij. Apmet\u0146u papla\u0161in\u0101\u0161an\u0101s \u0161o m\u0113r\u0137i cen\u0161as nov\u0113rst. Kop\u0161 7. oktobra uzbrukuma Izra\u0113las milit\u0101r\u0101s oper\u0101cijas Rietumkrast\u0101 ir intens\u012bv\u0101k\u0101s. \u0160aj\u0101 laik\u0101 nov\u0113rojams ar\u012b apmetnieku uzbrukumu pieaugums palest\u012bnie\u0161iem. ANO dati liecina, ka oktobr\u012b ik dienu notika vid\u0113ji asto\u0146i uzbrukumi, kas ir augst\u0101kais r\u0101d\u012bt\u0101js, kop\u0161 ANO s\u0101ka datu v\u0101k\u0161anu 2006. gad\u0101.<\/p>\n<p>Konflikts uz vietas: upuri Rietumkrast\u0101<\/p>\n<p>Piektdienas vakar\u0101 sadursm\u0113s ar Izra\u0113las armiju Rietumkrasta zieme\u013cda\u013c\u0101 tika nogalin\u0101ti divi palest\u012bnie\u0161i, tostarp 16 gadus vecs jaunietis. Palest\u012bnas Vesel\u012bbas ministrija Ramall\u0101 identific\u0113ja upurus. Izra\u0113las armija zi\u0146oja, ka viens no nogalin\u0101tajiem bija bru\u0146ots kaujinieks, kur\u0161 metis priek\u0161metus karav\u012briem, savuk\u0101rt par otru notikumu notiek izmekl\u0113\u0161ana. Palest\u012bnie\u0161u mediji atspogu\u013coja incidentu, kur\u0101 redzams, k\u0101 jaunietis tiek sa\u0161auts, tuvojoties karav\u012briem.<\/p>\n","protected":false},"excerpt":{"rendered":"Jauni apmet\u0146u b\u016bvniec\u012bbas pl\u0101ni apdraud miera procesu Izra\u0113las vald\u012bba ir apstiprin\u0101jusi pl\u0101nu izveidot 19 jaunas ebreju apmetnes okup\u0113taj\u0101&hellip;\n","protected":false},"author":2,"featured_media":84106,"comment_status":"","ping_status":"","sticky":false,"template":"","format":"standard","meta":{"footnotes":""},"categories":[14],"tags":[23,57,21233,28,29,32,33,22,21231,30,31,35,39,38,36,37,34,40,21234,20,21232,26,27,12347,24,25,54,55,56,21,58],"class_list":{"0":"post-84105","1":"post","2":"type-post","3":"status-publish","4":"format-standard","5":"has-post-thumbnail","7":"category-zinas-no-arvalstim","8":"tag-aktualitates","9":"tag-arvalstim","10":"tag-becalels-smotrics","11":"tag-breaking-news","12":"tag-breakingnews","13":"tag-featured-news","14":"tag-featurednews","15":"tag-headlines","16":"tag-izraelas-apmetnes","17":"tag-latest-news","18":"tag-latestnews","19":"tag-latvia","20":"tag-latvian","21":"tag-latviesu","22":"tag-latviesu-valoda","23":"tag-latviesuvaloda","24":"tag-latvija","25":"tag-lv","26":"tag-miera-process","27":"tag-news","28":"tag-palestiniesu-valsts","29":"tag-popularakas-zinas","30":"tag-popularakaszinas","31":"tag-rietumkrasts","32":"tag-top-stories","33":"tag-topstories","34":"tag-world","35":"tag-world-news","36":"tag-worldnews","37":"tag-zinas","38":"tag-zinas-no-arvalstim"},"share_on_mastodon":{"url":"","error":"Validation failed: Text character limit of 500 exceeded"},"_links":{"self":[{"href":"https:\/\/www.europesays.com\/lv\/wp-json\/wp\/v2\/posts\/84105","targetHints":{"allow":["GET"]}}],"collection":[{"href":"https:\/\/www.europesays.com\/lv\/wp-json\/wp\/v2\/posts"}],"about":[{"href":"https:\/\/www.europesays.com\/lv\/wp-json\/wp\/v2\/types\/post"}],"author":[{"embeddable":true,"href":"https:\/\/www.europesays.com\/lv\/wp-json\/wp\/v2\/users\/2"}],"replies":[{"embeddable":true,"href":"https:\/\/www.europesays.com\/lv\/wp-json\/wp\/v2\/comments?post=84105"}],"version-history":[{"count":0,"href":"https:\/\/www.europesays.com\/lv\/wp-json\/wp\/v2\/posts\/84105\/revisions"}],"wp:featuredmedia":[{"embeddable":true,"href":"https:\/\/www.europesays.com\/lv\/wp-json\/wp\/v2\/media\/84106"}],"wp:attachment":[{"href":"https:\/\/www.europesays.com\/lv\/wp-json\/wp\/v2\/media?parent=84105"}],"wp:term":[{"taxonomy":"category","embeddable":true,"href":"https:\/\/www.europesays.com\/lv\/wp-json\/wp\/v2\/categories?post=84105"},{"taxonomy":"post_tag","embeddable":true,"href":"https:\/\/www.europesays.com\/lv\/wp-json\/wp\/v2\/tags?post=84105"}],"curies":[{"name":"wp","href":"https:\/\/api.w.org\/{rel}","templated":true}]}}