{"id":84107,"date":"2025-12-23T11:31:25","date_gmt":"2025-12-23T11:31:25","guid":{"rendered":"https:\/\/www.europesays.com\/lv\/84107\/"},"modified":"2025-12-23T11:31:25","modified_gmt":"2025-12-23T11:31:25","slug":"spried-ar-delfi-vai-vecrigas-ziemassvetku-tirdzins-ir-veiksmigakais-turistu-magnets-video-tiesraide","status":"publish","type":"post","link":"https:\/\/www.europesays.com\/lv\/84107\/","title":{"rendered":"&#8220;Spried ar Delfi&#8221;, vai Vecr\u012bgas Ziemassv\u0113tku tirdzi\u0146\u0161 ir veiksm\u012bg\u0101kais t\u016bristu magn\u0113ts. Video tie\u0161raide"},"content":{"rendered":"<p>Vecr\u012bgas Ziemassv\u0113tku tirdzi\u0146\u0161 apmekl\u0113t\u0101jus \u0161ogad priec\u0113 nu jau 25. reizi. Turkl\u0101t \u0161ogad sa\u0146emta \u012bpa\u0161a atzin\u012bba \u2013 <a rel=\"noopener nofollow\" target=\"_blank\" href=\"https:\/\/www.delfi.lv\/temas\/34640607\/riga\" tag-id=\"34640607\">R\u012bga<\/a> izc\u012bn\u012bjusi 3. vietu Eiropas lab\u0101ko Ziemassv\u0113tku tirdzi\u0146u top\u0101. K\u0101ds bijis ce\u013c\u0161 l\u012bdz \u0161im pan\u0101kumam? Vai Vecr\u012bgas Ziemassv\u0113tku tirdzi\u0146\u0161 \u0161obr\u012bd ir veiksm\u012bg\u0101kais t\u016bristu magn\u0113ts? Cik akt\u012bvi \u0161aj\u0101 ziem\u0101 R\u012bgu apmekl\u0113 \u0101rvalstu t\u016bristi? Un kas paveikts R\u012bgas k\u0101 Ziemassv\u0113tku t\u016brisma  galam\u0113r\u0137a populariz\u0113\u0161an\u0101? Par \u0161iem un citiem tematiem otrdien, 23. decembr\u012b, pulksten 12 raid\u012bjum\u0101 &#8220;<a rel=\"noopener nofollow\" target=\"_blank\" href=\"https:\/\/www.delfi.lv\/temas\/52957207\/spried-ar-delfi\" tag-id=\"52957207\">Spried ar Delfi<\/a>&#8221; \u017eurn\u0101liste Laura Ozoli\u0146a run\u0101s ar Vecr\u012bgas Ziemassv\u0113tku tirdzi\u0146a vad\u012bt\u0101ju Annu Blauu un R\u012bgas invest\u012bciju un t\u016brisma a\u0123ent\u016bras direktoru Fredi Bikovu.<\/p>\n<p>&#8220;Delfi&#8221; jau v\u0113st\u012bja, ka R\u012bgai \u0161\u012b Ziemassv\u0113tku sezona atn\u0101kusi ar \u012bpa\u0161u d\u0101vanu \u2013 m\u016bsu galvaspils\u0113ta pirmo reizi iek\u013cuvusi Eiropas lab\u0101ko Ziemassv\u0113tku tirdzi\u0146u TOP3, presti\u017eaj\u0101 reiting\u0101 &#8220;European Best Christmas Markets 2025\u20132026&#8221;. K\u0101 &#8220;Delfi&#8221; inform\u0113ja R\u012bgas invest\u012bciju un t\u016brisma a\u0123ent\u016bras p\u0101rst\u0101ve Rita P\u0113tersone, \u0161is pan\u0101kums izc\u0113lis R\u012bgu Eiropas sv\u0113tku kart\u0113 l\u012bdz\u0101s t\u0101d\u0101m klasisk\u0101m ziemas metropol\u0113m k\u0101 C\u012brihe un Krajova, k\u0101 ar\u012b \u013c\u0101vis apsteigt Par\u012bzi, V\u012bni, Madridi un Edinburgu.<\/p>\n<p class=\"western\">Ar vair\u0101k nek\u0101 72 t\u016bksto\u0161iem balsu un l\u012bdz \u0161im liel\u0101ko starptautisko atbalstu R\u012bga pier\u0101d\u012bjusi, ka t\u0101s Ziemassv\u0113tku noska\u0146a, gaismas un tirdzi\u0146\u0161 sp\u0113j aizraut gan viet\u0113jos, gan ce\u013cot\u0101jus no visas pasaules.<\/p>\n<p class=\"western\">&#8220;European Best Christmas Markets&#8221; ir Eiropas popul\u0101r\u0101kais Ziemassv\u0113tku ce\u013cojumu apskats ar vair\u0101k nek\u0101 8 miljoniem ikgad\u0113jo apmekl\u0113t\u0101ju, savuk\u0101rt balso\u0161anas rezult\u0101ti tiek pla\u0161i public\u0113ti &#8220;<a rel=\"noopener nofollow\" target=\"_blank\" href=\"https:\/\/www.delfi.lv\/temas\/49320707\/forbes\" tag-id=\"49320707\">Forbes<\/a>&#8220;, &#8220;Cond\u00e9 Nast Traveler&#8221;, &#8220;<a rel=\"noopener nofollow\" target=\"_blank\" href=\"https:\/\/www.delfi.lv\/temas\/43866826\/national-geographic\" tag-id=\"43866826\">National Geographic<\/a>&#8221; un citos glob\u0101los medijos. Lab\u0101k\u0101s desmit pils\u0113tas sa\u0146em \u012bpa\u0161u starptautisku kampa\u0146u, kas sasniedz vair\u0101k nek\u0101 420 miljonus ce\u013cot\u0101ju.<\/p>\n<p class=\"western\">R\u012bga \u0161ogad sa\u0146\u0113ma 72 804 balsis, kas ir par vair\u0101k nek\u0101 20 t\u016bksto\u0161iem vair\u0101k nek\u0101 p\u0113rn. Tas \u013c\u0101va m\u016bsu galvaspils\u0113tai apsteigt t\u0101das lielpils\u0113tas k\u0101 <a rel=\"noopener nofollow\" target=\"_blank\" href=\"https:\/\/www.delfi.lv\/temas\/44069027\/vine\" tag-id=\"44069027\">V\u012bne<\/a>, <a rel=\"noopener nofollow\" target=\"_blank\" href=\"https:\/\/www.delfi.lv\/temas\/35769975\/parize\" tag-id=\"35769975\">Par\u012bze<\/a>, <a rel=\"noopener nofollow\" target=\"_blank\" href=\"https:\/\/www.delfi.lv\/temas\/44068883\/madride\" tag-id=\"44068883\">Madride<\/a> un <a rel=\"noopener nofollow\" target=\"_blank\" href=\"https:\/\/www.delfi.lv\/temas\/44420052\/edinburga\" tag-id=\"44420052\">Edinburga<\/a>. Ar \u0161o rezult\u0101tu R\u012bga ierindoj\u0101s uzreiz aiz C\u012brihes, bet 1. vietu ieguva Rum\u0101nijas pils\u0113ta Krajova.<\/p>\n<p class=\"western\">&#8220;\u0160is ir v\u0113sturisks pan\u0101kums R\u012bgai \u2013 pirmo reizi m\u0113s esam Eiropas tr\u012bs lab\u0101ko Ziemassv\u0113tku galam\u0113r\u0137u vid\u016b. Balsu skaits ir apliecin\u0101jums tam, ka R\u012bgas v\u0101rds starptautiski k\u013c\u016bst arvien atpaz\u012bstam\u0101ks un pievilc\u012bg\u0101ks, savuk\u0101rt konkurence \u0161ogad bija \u012bpa\u0161i sp\u0113c\u012bga,&#8221; pau\u017e R\u012bgas invest\u012bciju un t\u016brisma a\u0123ent\u016bras direktors Fredis Bikovs.<\/p>\n<p class=\"western\">Saska\u0146\u0101 ar konkursa datiem R\u012bgu visakt\u012bv\u0101k atbalst\u012bja ce\u013cot\u0101ji no Lielbrit\u0101nijas, V\u0101cijas, Zviedrijas, Somijas un Lietuvas. &#8220;Tas atbilst R\u012bgas priorit\u0101rajiem t\u016brisma tirgiem,&#8221; piebilst Bikovs.<\/p>\n<p class=\"western\">R\u012bga tre\u0161o gadu p\u0113c k\u0101rtas sa\u0146\u0113ma ar\u012b titulu &#8220;Best Christmas Lights in Europe&#8221; (Lab\u0101k\u0101s Ziemassv\u0113tku gaismas Eirop\u0101).<\/p>\n<p class=\"western\">Latvijas viesn\u012bc\u0101s rezerv\u0101ciju skaits <a rel=\"noopener nofollow\" target=\"_blank\" href=\"https:\/\/www.delfi.lv\/temas\/41936216\/ziemassvetki\" tag-id=\"41936216\">Ziemassv\u0113tkiem<\/a> un gada nogalei \u0161obr\u012bd ir nedaudz liel\u0101ks k\u0101 pirms gada, novembra beig\u0101s a\u0123ent\u016brai LETA atzina Latvijas Viesn\u012bcu un restor\u0101nu asoci\u0101cijas prezidents <a rel=\"noopener nofollow\" target=\"_blank\" href=\"https:\/\/www.delfi.lv\/temas\/55130782\/andris-kalnins\" tag-id=\"55130782\">Andris Kalni\u0146\u0161<\/a> (ZZS).<\/p>\n<p class=\"western\">Vi\u0146\u0161 nor\u0101d\u012bja, ka rezerv\u0101ciju temps \u0161ogad ir lab\u0101ks. Prognoz\u0113ts, ka noslodze sv\u0113tku ned\u0113\u013c\u0101s sasniegs aptuveni 70-80%, bet viesn\u012bc\u0101m centr\u0101 un augst\u0101k\u0101s kategorij\u0101s \u2013 vair\u0101k nek\u0101 80%.<\/p>\n<p class=\"western\">Kalni\u0146\u0161 uzsv\u0113ra, ka tas ir pozit\u012bvs sign\u0101ls, jo interese par R\u012bgu k\u0101 ziemas galam\u0113r\u0137i turpina pieaugt.<\/p>\n<p class=\"western\">Asoci\u0101cijas vad\u012bt\u0101js min\u0113ja, ka svar\u012bgs iemesls ir R\u012bgas Ziemassv\u0113tku tirdzi\u0146\u0161, kas k\u013c\u016bst par arvien noz\u012bm\u012bg\u0101ku &#8220;magn\u0113tu&#8221; viet\u0113jiem un \u0101rvalstu viesiem. P\u0113c vi\u0146a teikt\u0101, tirdzi\u0146\u0161 Doma laukum\u0101 un Vecr\u012bgas sv\u0113tku vide rada atmosf\u0113ru, kas noteikti pal\u012bdz viesn\u012bc\u0101m piesaist\u012bt vair\u0101k viesu.<\/p>\n<p class=\"western\">Vi\u0146\u0161 rezum\u0113ja, ka viesn\u012bcu piepras\u012bjums turpina pieaugt un sv\u0113tku sezona ir labs piem\u0113rs tam, k\u0101 kvalitat\u012bvi veidots pied\u0101v\u0101jums un pils\u0113tas atmosf\u0113ra var rad\u012bt re\u0101lu pienesumu ekonomikai.<\/p>\n<p class=\"western\">Savus jaut\u0101jumus raid\u012bjuma viesiem s\u016btiet uz e-pastu spried@delfi.lv vai vietn\u0113 <a rel=\"noopener nofollow\" target=\"_blank\" href=\"https:\/\/app.sli.do\/event\/2hv6ef2yRNkDqY4HTMNT8y\" data-rel-date-range=\"[]\">slido.com<\/a>, izmantojot kodu <a rel=\"noopener nofollow\" target=\"_blank\" href=\"https:\/\/app.sli.do\/event\/2hv6ef2yRNkDqY4HTMNT8y\" data-rel-date-range=\"[]\">#Ziemassvetki<\/a>.<\/p>\n<p class=\"western\">Raid\u012bjuma <a rel=\"noopener nofollow\" target=\"_blank\" href=\"https:\/\/www.delfi.lv\/temas\/52957207\/spried-ar-delfi\" data-rel-date-range=\"[]\">&#8220;Spried ar Delfi<\/a>&#8221; jaun\u0101k\u0101s epizodes ir pieejamas <a rel=\"noopener nofollow\" target=\"_blank\" href=\"https:\/\/podcasts.apple.com\/lv\/podcast\/spried-ar-delfi\/id1600051267\" data-rel-date-range=\"[]\">Apple<\/a> un <a rel=\"noopener nofollow\" target=\"_blank\" href=\"https:\/\/open.spotify.com\/show\/1xlLIWwWF0TtscTAUhGMUv?si=Q8r5UNi3QYyF1w3cUZrAWw&amp;nd=1&amp;dlsi=f709a12a5af54acf\" data-rel-date-range=\"[]\">Spotify<\/a> podk\u0101stos!<\/p>\n<p class=\"m-0\">Seko &#8220;Delfi&#8221; ar\u012b  <a target=\"_blank\" href=\"https:\/\/www.instagram.com\/delfi.lv\/\" rel=\"nofollow noopener\">Instagram<\/a>  un <a target=\"_blank\" href=\"https:\/\/www.youtube.com\/channel\/UCw5foWtcJvAbUm64rv7jwUQ\" rel=\"nofollow noopener\">YouTube<\/a>  profil\u0101 \u2013 pievienojies, lai uzzin\u0101tu svar\u012bg\u0101ko un interesant\u0101ko pirmais!<\/p>\n<p>Publik\u0101cijas saturs vai t\u0101s jebk\u0101da apjoma da\u013ca ir aizsarg\u0101ts autorties\u012bbu objekts Autorties\u012bbu likuma izpratn\u0113, un t\u0101 izmanto\u0161ana bez izdev\u0113ja at\u013caujas ir aizliegta. Vair\u0101k lasi  <a target=\"_blank\" href=\"https:\/\/www.delfi.lv\/noteikumi#autortiesibas\" rel=\"nofollow noopener\">\u0161eit<\/a><script async src=\"\/\/www.instagram.com\/embed.js\"><\/script><\/p>\n","protected":false},"excerpt":{"rendered":"Vecr\u012bgas Ziemassv\u0113tku tirdzi\u0146\u0161 apmekl\u0113t\u0101jus \u0161ogad priec\u0113 nu jau 25. reizi. Turkl\u0101t \u0161ogad sa\u0146emta \u012bpa\u0161a atzin\u012bba \u2013 R\u012bga izc\u012bn\u012bjusi&hellip;\n","protected":false},"author":2,"featured_media":84108,"comment_status":"","ping_status":"","sticky":false,"template":"","format":"standard","meta":{"footnotes":""},"categories":[12],"tags":[4188,23,21237,28,29,21235,32,33,13959,22,30,31,35,39,38,36,37,34,40,5485,9653,20,7893,26,27,172,4954,15720,24,25,4479,21236,19445,9687,21],"class_list":{"0":"post-84107","1":"post","2":"type-post","3":"status-publish","4":"format-standard","5":"has-post-thumbnail","7":"category-latvija","8":"tag-aizkadra","9":"tag-aktualitates","10":"tag-andris-kalnins","11":"tag-breaking-news","12":"tag-breakingnews","13":"tag-edinburga","14":"tag-featured-news","15":"tag-featurednews","16":"tag-forbes","17":"tag-headlines","18":"tag-latest-news","19":"tag-latestnews","20":"tag-latvia","21":"tag-latvian","22":"tag-latviesu","23":"tag-latviesu-valoda","24":"tag-latviesuvaloda","25":"tag-latvija","26":"tag-lv","27":"tag-madride","28":"tag-national-geographic","29":"tag-news","30":"tag-parize","31":"tag-popularakas-zinas","32":"tag-popularakaszinas","33":"tag-riga","34":"tag-spried-ar-delfi","35":"tag-svetku-laiks","36":"tag-top-stories","37":"tag-topstories","38":"tag-turisms","39":"tag-viesnicu-bizness","40":"tag-vine","41":"tag-ziemassvetki","42":"tag-zinas"},"share_on_mastodon":{"url":"","error":"Validation failed: Text character limit of 500 exceeded"},"_links":{"self":[{"href":"https:\/\/www.europesays.com\/lv\/wp-json\/wp\/v2\/posts\/84107","targetHints":{"allow":["GET"]}}],"collection":[{"href":"https:\/\/www.europesays.com\/lv\/wp-json\/wp\/v2\/posts"}],"about":[{"href":"https:\/\/www.europesays.com\/lv\/wp-json\/wp\/v2\/types\/post"}],"author":[{"embeddable":true,"href":"https:\/\/www.europesays.com\/lv\/wp-json\/wp\/v2\/users\/2"}],"replies":[{"embeddable":true,"href":"https:\/\/www.europesays.com\/lv\/wp-json\/wp\/v2\/comments?post=84107"}],"version-history":[{"count":0,"href":"https:\/\/www.europesays.com\/lv\/wp-json\/wp\/v2\/posts\/84107\/revisions"}],"wp:featuredmedia":[{"embeddable":true,"href":"https:\/\/www.europesays.com\/lv\/wp-json\/wp\/v2\/media\/84108"}],"wp:attachment":[{"href":"https:\/\/www.europesays.com\/lv\/wp-json\/wp\/v2\/media?parent=84107"}],"wp:term":[{"taxonomy":"category","embeddable":true,"href":"https:\/\/www.europesays.com\/lv\/wp-json\/wp\/v2\/categories?post=84107"},{"taxonomy":"post_tag","embeddable":true,"href":"https:\/\/www.europesays.com\/lv\/wp-json\/wp\/v2\/tags?post=84107"}],"curies":[{"name":"wp","href":"https:\/\/api.w.org\/{rel}","templated":true}]}}