{"id":84110,"date":"2025-12-23T11:34:07","date_gmt":"2025-12-23T11:34:07","guid":{"rendered":"https:\/\/www.europesays.com\/lv\/84110\/"},"modified":"2025-12-23T11:34:07","modified_gmt":"2025-12-23T11:34:07","slug":"grizzlies-un-knicks-zvaigznes-atzist-par-nedelas-labakajiem-speletajiem","status":"publish","type":"post","link":"https:\/\/www.europesays.com\/lv\/84110\/","title":{"rendered":"&#8220;Grizzlies&#8221; un &#8220;Knicks&#8221; zvaigznes atz\u012bst par ned\u0113\u013cas lab\u0101kajiem sp\u0113l\u0113t\u0101jiem"},"content":{"rendered":"<p>                                <img decoding=\"async\" src=\"https:\/\/www.europesays.com\/lv\/wp-content\/uploads\/2025\/12\/dzeilens-bransons-sportazinas-com-750x450.jpg\"   alt=\"D\u017eeilens Bransons\" class=\"post-featured-image\"\/><\/p>\n<p>D\u017eeilens Bransons | Foto: \u0145ujorkas &#8220;Knicks&#8221;<\/p>\n<p>Memfisas \u201cGrizzlies\u201d uzbruc\u0113js <a href=\"https:\/\/www.sportazinas.com\/atsl%C4%93gv%C4%81rdi\/dzerens-dzeksons\/\" rel=\"nofollow noopener\" target=\"_blank\">D\u017earens D\u017eeksons<\/a> jaun\u0101kais un \u0145ujorkas \u201cKnicks\u201d aizsargs <a href=\"https:\/\/www.sportazinas.com\/atsl%C4%93gv%C4%81rdi\/dzeilens-bransons\" rel=\"nofollow noopener\" target=\"_blank\">D\u017eeilens Bransons<\/a> atz\u012bti par Nacion\u0101l\u0101s basketbola asoci\u0101cijas (NBA) aizvad\u012bt\u0101s ned\u0113\u013cas lab\u0101kajiem sp\u0113l\u0113t\u0101jiem attiec\u012bgi Rietumu un Austrumu konferenc\u0113s.<\/p>\n<p>D\u017eeksons jaun\u0101kais iepriek\u0161\u0113j\u0101 ned\u0113\u013c\u0101 tr\u012bs sp\u0113l\u0113s vid\u0113ji guva 27 punktus, izc\u012bn\u012bja 8,0 atl\u0113ku\u0161\u0101s bumbas zem groziem un blo\u0137\u0113ja 2,7 metienus, kam\u0113r \u201cGrizzlies\u201d izc\u012bn\u012bja divas uzvaras.<\/p>\n<p>Bransons tr\u012bs ma\u010dos caurm\u0113r\u0101 guva 31,3 punktus, izc\u012bn\u012bja 5,3 atl\u0113ku\u0161\u0101s bumbas un atdeva 8,0 rezultat\u012bvas piesp\u0113les, \u0146ujorkie\u0161iem svinot divas uzvaras.<\/p>\n<p>Rietumu konferenc\u0113 uz lab\u0101k\u0101 sp\u0113l\u0113t\u0101ja balvu pretend\u0113ja ar\u012b Deni Avdija, \u0160eidons \u0160\u0101rps (abi \u2013 Portlendas \u201cTrail Blazers\u201d), Entonijs Edvardss, R\u016bdijs Gob\u0113rs (abi \u2013 Minesotas \u201cTimberwolves\u201d), Kejonte D\u017eord\u017es (J\u016btas \u201cJazz\u201d), \u0160ejs Gild\u017eess-Aleksandrs (Oklahomasitijas \u201cThunder\u201d) un Nikola Joki\u010ds (Denveras \u201cNuggets\u201d). Austrumos starp lab\u0101kajiem bija Keids Kaningems (Detroitas \u201cPistons\u201d), D\u017eo\u0161s Gidijs, Nikola Vu\u010devi\u010ds (abi \u2013 \u010cik\u0101gas \u201cBulls\u201d), Kons Knepels (\u0160arlotas \u201cHornets\u201d), Tair\u012bss Maksijs (Filadelfijas \u201c76ers\u201d) un Deriks Vaits (Bostonas \u201cCeltics\u201d).<\/p>\n","protected":false},"excerpt":{"rendered":"D\u017eeilens Bransons | Foto: \u0145ujorkas &#8220;Knicks&#8221; Memfisas \u201cGrizzlies\u201d uzbruc\u0113js D\u017earens D\u017eeksons jaun\u0101kais un \u0145ujorkas \u201cKnicks\u201d aizsargs D\u017eeilens Bransons&hellip;\n","protected":false},"author":2,"featured_media":84111,"comment_status":"","ping_status":"","sticky":false,"template":"","format":"standard","meta":{"footnotes":""},"categories":[17],"tags":[35,39,38,36,37,34,40,67],"class_list":{"0":"post-84110","1":"post","2":"type-post","3":"status-publish","4":"format-standard","5":"has-post-thumbnail","7":"category-sports","8":"tag-latvia","9":"tag-latvian","10":"tag-latviesu","11":"tag-latviesu-valoda","12":"tag-latviesuvaloda","13":"tag-latvija","14":"tag-lv","15":"tag-sports"},"share_on_mastodon":{"url":"https:\/\/pubeurope.com\/@lv\/115768673427544131","error":""},"_links":{"self":[{"href":"https:\/\/www.europesays.com\/lv\/wp-json\/wp\/v2\/posts\/84110","targetHints":{"allow":["GET"]}}],"collection":[{"href":"https:\/\/www.europesays.com\/lv\/wp-json\/wp\/v2\/posts"}],"about":[{"href":"https:\/\/www.europesays.com\/lv\/wp-json\/wp\/v2\/types\/post"}],"author":[{"embeddable":true,"href":"https:\/\/www.europesays.com\/lv\/wp-json\/wp\/v2\/users\/2"}],"replies":[{"embeddable":true,"href":"https:\/\/www.europesays.com\/lv\/wp-json\/wp\/v2\/comments?post=84110"}],"version-history":[{"count":0,"href":"https:\/\/www.europesays.com\/lv\/wp-json\/wp\/v2\/posts\/84110\/revisions"}],"wp:featuredmedia":[{"embeddable":true,"href":"https:\/\/www.europesays.com\/lv\/wp-json\/wp\/v2\/media\/84111"}],"wp:attachment":[{"href":"https:\/\/www.europesays.com\/lv\/wp-json\/wp\/v2\/media?parent=84110"}],"wp:term":[{"taxonomy":"category","embeddable":true,"href":"https:\/\/www.europesays.com\/lv\/wp-json\/wp\/v2\/categories?post=84110"},{"taxonomy":"post_tag","embeddable":true,"href":"https:\/\/www.europesays.com\/lv\/wp-json\/wp\/v2\/tags?post=84110"}],"curies":[{"name":"wp","href":"https:\/\/api.w.org\/{rel}","templated":true}]}}