{"id":84115,"date":"2025-12-23T11:39:16","date_gmt":"2025-12-23T11:39:16","guid":{"rendered":"https:\/\/www.europesays.com\/lv\/84115\/"},"modified":"2025-12-23T11:39:16","modified_gmt":"2025-12-23T11:39:16","slug":"gimene-paplasinas-ar-vel-vienu-atvasi-lente-lv","status":"publish","type":"post","link":"https:\/\/www.europesays.com\/lv\/84115\/","title":{"rendered":"\u0122imene papla\u0161in\u0101s ar v\u0113l vienu atvasi\u00a0\u2014\u00a0Lente.lv"},"content":{"rendered":"<p>Slavenais p\u0101ris atzin\u012bbu g\u016bst gan m\u016bzik\u0101, gan tenis\u0101<\/p>\n<p>Latvijas mediju telp\u0101 pla\u0161u rezonansi izrais\u012bjusi zi\u0146a par popm\u016bzikas sens\u0101cijas Enrikes Iglesiasa (50) un biju\u0161\u0101s pasaules klases tenisistes Annas Kour\u0146ikovas (44) \u0123imenes pieaugumu. K\u0101 zi\u0146o telekan\u0101ls TV3, p\u0101ris, kas jau sen baud\u012bja atzin\u012bbu sav\u0101s karjeras jom\u0101s \u2013 Iglesiass ar pasaules hitiem, bet Kour\u0146ikova ar spo\u017eiem pan\u0101kumiem kortos \u2013 ir sagaid\u012bju\u0161i savu ceturto b\u0113rnu. \u0160is notikums apstiprina p\u0101ra ap\u0146em\u0161anos veidot \u0123imeni, vienlaikus saglab\u0101jot diezgan priv\u0101tu dz\u012bvesveidu, kas alla\u017e ir rad\u012bjis interesi sabiedr\u012bb\u0101.<\/p>\n<p>Lai gan publisk\u0101 inform\u0101cija par b\u0113rna dzim\u0161anas prec\u012bzo datumu ir nedaudz at\u0161\u0137ir\u012bga, apstiprin\u0101ts, ka ceturtais b\u0113rns \u0123imen\u0113 ierad\u0101s ap 2025. gada decembra vidu. \u0160\u012b inform\u0101cija tika atkl\u0101ta publiski 22. decembr\u012b, atsaucoties uz abu kop\u012bgu pazi\u0146ojumu soci\u0101lajos t\u012bklos, kas rad\u012bja saj\u016bsmu fanu vid\u016b vis\u0101 pasaul\u0113, ar\u012b Latvij\u0101.<\/p>\n<p>No \u201cEscape\u201d l\u012bdz \u010detriem b\u0113rniem: Ilggad\u0113j\u0101s attiec\u012bbas zem lupas<\/p>\n<p>Enrikes Iglesiasa un Annas Kour\u0146ikovas attiec\u012bbas ir viens no ilgsto\u0161\u0101kajiem un, neskatoties uz mediju interesi, vismaz\u0101k publiski apspriestajiem piem\u0113riem \u0161ovbiznesa pasaul\u0113. P\u0101ris iepazin\u0101s 2001. gad\u0101, kad Kour\u0146ikova piedal\u012bj\u0101s Iglesiasa hita \u201cEscape\u201d videoklip\u0101. \u0160\u012b sadarb\u012bba p\u0101ra attiec\u012bb\u0101s iez\u012bm\u0113ja pagrieziena punktu, k\u0101 dzied\u0101t\u0101js pats v\u0113l\u0101k atzinis, tas main\u012bja vi\u0146a dz\u012bvi veidos, ko vi\u0146\u0161 pat nebija iedom\u0101jies.<\/p>\n<p>P\u0101ris, kas uztur sev \u013coti diskr\u0113tu dz\u012bvesveidu, galvenok\u0101rt apmetoties Maiami, jau audzina tr\u012bs atvases. Dv\u012b\u0146i \u2013 L\u016bsija un Nikolass \u2013 pasaul\u0113 ierad\u0101s 2017. gada decembr\u012b. P\u0113c tam 2020. gada janv\u0101r\u012b \u0123imene sveica pasaul\u0113 savu tre\u0161o b\u0113rnu, meitu M\u0101riju (kuru m\u0113dz d\u0113v\u0113t ar\u012b par Ma\u0161u).<\/p>\n<p>Paredzams, ka jaun\u0101kais pievienojums \u0123imenei ir v\u0113l viens apliecin\u0101jums tam, cik \u013coti abi bauda vec\u0101ku lomu. Avoti, kas pietuvin\u0101ti p\u0101rim, zi\u0146o, ka gan Enrike, gan Anna ir \u0101rk\u0101rt\u012bgi priec\u012bgi par gaid\u0101mo pieaugumu, apzinoties, ka tas ienes\u012bs \u0123imen\u0113 \u201ckontrol\u0113tu haosu\u201d, ta\u010du tas ir tie\u0161i tas, ko vi\u0146i v\u0113las.<\/p>\n<p>Vec\u0101ku loma k\u0101 priorit\u0101te: Karjeras piel\u0101go\u0161ana \u0123imenei<\/p>\n<p>Enrikes Iglesiasa karjera, kas ir saist\u012bta ar intens\u012bviem koncertt\u016br\u0113m, ir piedz\u012bvojusi b\u016btiskas izmai\u0146as kop\u0161 vi\u0146a t\u0113va lomas s\u0101kuma. Dzied\u0101t\u0101js atkl\u0101jis, ka, k\u013c\u016bstot par t\u0113vu, vi\u0146\u0161 ir main\u012bjis savu attieksmi pret laiku, kas pavad\u012bts prom no m\u0101j\u0101m. Lai gan vi\u0146\u0161 vienm\u0113r ir bijis pateic\u012bgs saviem faniem, priorit\u0101te tagad ir \u0123imene.<\/p>\n<p>Vi\u0146\u0161 iepriek\u0161 min\u0113jis, ka vairs nev\u0113las b\u016bt prom no \u0123imenes ilg\u0101k par div\u0101m ned\u0113\u013c\u0101m vien\u0101 reiz\u0113. Vi\u0146\u0161 ir atzinis, ka \u201ckatra diena b\u0113rniem ir cit\u0101da, vi\u0146i tik \u0101tri main\u0101s,\u201d un vi\u0146\u0161 nev\u0113las neko no t\u0101 palaist gar\u0101m, piem\u0113ram, b\u0113rnu izvad\u012b\u0161anu uz skolu. \u0160\u012b ap\u0146em\u0161an\u0101s atspogu\u013cojas ar\u012b vi\u0146a p\u0113d\u0113jo gadu koncertgrafik\u0101, kas k\u013cuvusi krietni piesardz\u012bg\u0101ka.<\/p>\n<p>Anna Kour\u0146ikova, kura savu profesion\u0101lo karjeru tenis\u0101 beidza jau krietni agr\u0101k (apm\u0113ram 2003. gad\u0101 traumu d\u0113\u013c), vienm\u0113r ir uzsv\u0113rusi savu v\u0113lmi p\u0113c m\u0101tes lomas. V\u0113l pirms pirmdzimto iera\u0161an\u0101s vi\u0146a izteic\u0101s, ka \u201cnoteikti v\u0113las b\u0113rnus\u201d.<\/p>\n<p>Priv\u0101tuma sargsargi: Reti kadri no dz\u012bves Maiami<\/p>\n<p>Viens no iemesliem, k\u0101p\u0113c Enrikes un Annas \u0123imenes dz\u012bve tik ilgi palika nosl\u0113pum\u0101, ir vi\u0146u apzin\u0101t\u0101 izv\u0113le pasarg\u0101t b\u0113rnus no mediju un publisk\u0101s uzman\u012bbas. Vi\u0146i dod priek\u0161roku baud\u012bt ikdienu Maiami, veicot parastas \u0123imenes aktivit\u0101tes, piem\u0113ram, kop\u012bgi dodoties uz veikaliem vai pavadot laiku pie \u016bdens.<\/p>\n<p>Tom\u0113r, lai gan p\u0101ris apzin\u0101ti izvair\u0101s no liekas publicit\u0101tes, ik pa br\u012bdim tiek sa\u0146emti reti ieskati vi\u0146u dz\u012bv\u0113, bie\u017ei vien tie\u0161i Kour\u0146ikovas soci\u0101lo t\u012bklu kontos. Piem\u0113ram, vi\u0146a ir dal\u012bjusies ar fotogr\u0101fij\u0101m no sv\u0113tku atz\u012bm\u0113\u0161anas vai ikdienas br\u012b\u017eiem, kur redzami b\u0113rni, ta\u010du parasti vi\u0146u sejas nav redzamas vai ar\u012b b\u0113rni ir \u0123\u0113rbu\u0161ies kost\u012bmos.<\/p>\n<p>\u0160is jaun\u0101kais notikums \u0123imen\u0113 \u2013 ceturt\u0101 b\u0113rna ien\u0101k\u0161ana \u2013 ir apstiprin\u0101jums tam, ka, neskatoties uz slaven\u012bbas statusu, vi\u0146i ir dzi\u013ci iesak\u0146oju\u0161ies \u0123imenisk\u0101s dz\u012bves mier\u0101 un stabilit\u0101t\u0113. Fani ir priec\u012bgi par \u0161o priec\u012bgo v\u0113sti, kas sniedz retu iedvesmas devu par iesp\u0113ju l\u012bdzsvarot greznu dz\u012bvi ar dzi\u013c\u0101m \u0123imenes v\u0113rt\u012bb\u0101m.<\/p>\n","protected":false},"excerpt":{"rendered":"Slavenais p\u0101ris atzin\u012bbu g\u016bst gan m\u016bzik\u0101, gan tenis\u0101 Latvijas mediju telp\u0101 pla\u0161u rezonansi izrais\u012bjusi zi\u0146a par popm\u016bzikas sens\u0101cijas&hellip;\n","protected":false},"author":2,"featured_media":84116,"comment_status":"","ping_status":"","sticky":false,"template":"","format":"standard","meta":{"footnotes":""},"categories":[19],"tags":[21240,21241,21239,89,90,35,39,38,36,37,34,40,21243,21242],"class_list":{"0":"post-84115","1":"post","2":"type-post","3":"status-publish","4":"format-standard","5":"has-post-thumbnail","7":"category-izklaide","8":"tag-anna-kournikova","9":"tag-ceturta-berna-piedzimsana","10":"tag-enrike-iglesias","11":"tag-entertainment","12":"tag-izklaide","13":"tag-latvia","14":"tag-latvian","15":"tag-latviesu","16":"tag-latviesu-valoda","17":"tag-latviesuvaloda","18":"tag-latvija","19":"tag-lv","20":"tag-maiami-dzive","21":"tag-slavenibu-gimenes"},"share_on_mastodon":{"url":"https:\/\/pubeurope.com\/@lv\/115768692888532730","error":""},"_links":{"self":[{"href":"https:\/\/www.europesays.com\/lv\/wp-json\/wp\/v2\/posts\/84115","targetHints":{"allow":["GET"]}}],"collection":[{"href":"https:\/\/www.europesays.com\/lv\/wp-json\/wp\/v2\/posts"}],"about":[{"href":"https:\/\/www.europesays.com\/lv\/wp-json\/wp\/v2\/types\/post"}],"author":[{"embeddable":true,"href":"https:\/\/www.europesays.com\/lv\/wp-json\/wp\/v2\/users\/2"}],"replies":[{"embeddable":true,"href":"https:\/\/www.europesays.com\/lv\/wp-json\/wp\/v2\/comments?post=84115"}],"version-history":[{"count":0,"href":"https:\/\/www.europesays.com\/lv\/wp-json\/wp\/v2\/posts\/84115\/revisions"}],"wp:featuredmedia":[{"embeddable":true,"href":"https:\/\/www.europesays.com\/lv\/wp-json\/wp\/v2\/media\/84116"}],"wp:attachment":[{"href":"https:\/\/www.europesays.com\/lv\/wp-json\/wp\/v2\/media?parent=84115"}],"wp:term":[{"taxonomy":"category","embeddable":true,"href":"https:\/\/www.europesays.com\/lv\/wp-json\/wp\/v2\/categories?post=84115"},{"taxonomy":"post_tag","embeddable":true,"href":"https:\/\/www.europesays.com\/lv\/wp-json\/wp\/v2\/tags?post=84115"}],"curies":[{"name":"wp","href":"https:\/\/api.w.org\/{rel}","templated":true}]}}