{"id":84181,"date":"2025-12-23T12:49:17","date_gmt":"2025-12-23T12:49:17","guid":{"rendered":"https:\/\/www.europesays.com\/lv\/84181\/"},"modified":"2025-12-23T12:49:17","modified_gmt":"2025-12-23T12:49:17","slug":"par-bijusas-draudzenes-nolaupisanu-un-vairakkarteju-izvarosanu-deputata-dinevica-delam-piespriez-15-gadu-cietumsodu","status":"publish","type":"post","link":"https:\/\/www.europesays.com\/lv\/84181\/","title":{"rendered":"Par biju\u0161\u0101s draudzenes nolaup\u012b\u0161anu un vair\u0101kk\u0101rt\u0113ju izvaro\u0161anu deput\u0101ta Dinevi\u010da d\u0113lam piesprie\u017e 15 gadu cietumsodu"},"content":{"rendered":"<p>Pirmstiesas procesa laik\u0101 aps\u016bdz\u0113tais savu vainu neatzina un liecin\u0101ja, ka notiku\u0161ais ir tikai \u0123imenes konflikts.<\/p>\n<p>Prokurora ieskat\u0101 tiesa, piem\u0113rojot maksim\u0101lo soda apm\u0113ru ar pietiekami stingru represiju, nor\u0101da uz \u0161\u0101das r\u012bc\u012bbas nepie\u013caujam\u012bbu.<\/p>\n<p>Spriedumu var p\u0101rs\u016bdz\u0113t R\u012bgas apgabalties\u0101.<\/p>\n<p>Prokurat\u016bra nor\u0101da, ka neviena persona netiek uzskat\u012bta par vain\u012bgu, kam\u0113r vi\u0146as vaina noziedz\u012bga nodar\u012bjuma izdar\u012b\u0161an\u0101 netiek konstat\u0113ta Krimin\u0101lprocesa likum\u0101 noteiktaj\u0101 k\u0101rt\u012bb\u0101.<\/p>\n<p>Jau zi\u0146ots, ka R\u012bgas pils\u0113tas ties\u0101 atrodas v\u0113l viena krimin\u0101llieta, kur\u0101 D\u0101gs Dinevi\u010ds aps\u016bdz\u0113ts par piesavin\u0101\u0161anos. Lieta ties\u0101 atrodas jau vair\u0101kus gadus.<\/p>\n<p>Saska\u0146\u0101 ar aps\u016bdz\u012bbu v\u012brietis, b\u016bdams persona, kurai uztic\u0113ti k\u0101da uz\u0146\u0113muma naudas l\u012bdzek\u013ci, laik\u0101 no 2012. gada 5. marta l\u012bdz 2016. gada 5. j\u016blijam vair\u0101kk\u0101rt\u012bgi bez tiesiska pamata un attaisnojuma dokumentiem iz\u0146\u0113ma un piesavin\u0101j\u0101s uz\u0146\u0113mumam piedero\u0161us kopum\u0101 505 712 eiro.<\/p>\n<p>Liet\u0101 s\u0101kotn\u0113ji bija aps\u016bdz\u0113ta ar\u012b J\u0101\u0146a Dinevi\u010da dz\u012bvesbiedre, ta\u010du tiesved\u012bbas laik\u0101 pret vi\u0146u krimin\u0101lprocess bija izdal\u012bts medic\u012bniska rakstura piespiedu l\u012bdzek\u013ca piem\u0113ro\u0161anai, noskaidroja a\u0123ent\u016bra LETA.<\/p>\n","protected":false},"excerpt":{"rendered":"Pirmstiesas procesa laik\u0101 aps\u016bdz\u0113tais savu vainu neatzina un liecin\u0101ja, ka notiku\u0161ais ir tikai \u0123imenes konflikts. Prokurora ieskat\u0101 tiesa,&hellip;\n","protected":false},"author":2,"featured_media":84182,"comment_status":"","ping_status":"","sticky":false,"template":"","format":"standard","meta":{"footnotes":""},"categories":[12],"tags":[23,28,29,32,33,22,30,31,35,39,38,36,37,34,40,20,26,27,504,375,24,25,899,6144,21],"class_list":{"0":"post-84181","1":"post","2":"type-post","3":"status-publish","4":"format-standard","5":"has-post-thumbnail","7":"category-latvija","8":"tag-aktualitates","9":"tag-breaking-news","10":"tag-breakingnews","11":"tag-featured-news","12":"tag-featurednews","13":"tag-headlines","14":"tag-latest-news","15":"tag-latestnews","16":"tag-latvia","17":"tag-latvian","18":"tag-latviesu","19":"tag-latviesu-valoda","20":"tag-latviesuvaloda","21":"tag-latvija","22":"tag-lv","23":"tag-news","24":"tag-popularakas-zinas","25":"tag-popularakaszinas","26":"tag-seksuala-vardarbiba","27":"tag-tiesa","28":"tag-top-stories","29":"tag-topstories","30":"tag-vardarbiba","31":"tag-vardarbiba-pret-sievietem","32":"tag-zinas"},"share_on_mastodon":{"url":"https:\/\/pubeurope.com\/@lv\/115768968205395909","error":""},"_links":{"self":[{"href":"https:\/\/www.europesays.com\/lv\/wp-json\/wp\/v2\/posts\/84181","targetHints":{"allow":["GET"]}}],"collection":[{"href":"https:\/\/www.europesays.com\/lv\/wp-json\/wp\/v2\/posts"}],"about":[{"href":"https:\/\/www.europesays.com\/lv\/wp-json\/wp\/v2\/types\/post"}],"author":[{"embeddable":true,"href":"https:\/\/www.europesays.com\/lv\/wp-json\/wp\/v2\/users\/2"}],"replies":[{"embeddable":true,"href":"https:\/\/www.europesays.com\/lv\/wp-json\/wp\/v2\/comments?post=84181"}],"version-history":[{"count":0,"href":"https:\/\/www.europesays.com\/lv\/wp-json\/wp\/v2\/posts\/84181\/revisions"}],"wp:featuredmedia":[{"embeddable":true,"href":"https:\/\/www.europesays.com\/lv\/wp-json\/wp\/v2\/media\/84182"}],"wp:attachment":[{"href":"https:\/\/www.europesays.com\/lv\/wp-json\/wp\/v2\/media?parent=84181"}],"wp:term":[{"taxonomy":"category","embeddable":true,"href":"https:\/\/www.europesays.com\/lv\/wp-json\/wp\/v2\/categories?post=84181"},{"taxonomy":"post_tag","embeddable":true,"href":"https:\/\/www.europesays.com\/lv\/wp-json\/wp\/v2\/tags?post=84181"}],"curies":[{"name":"wp","href":"https:\/\/api.w.org\/{rel}","templated":true}]}}