{"id":84225,"date":"2025-12-23T13:51:11","date_gmt":"2025-12-23T13:51:11","guid":{"rendered":"https:\/\/www.europesays.com\/lv\/84225\/"},"modified":"2025-12-23T13:51:11","modified_gmt":"2025-12-23T13:51:11","slug":"krasnais-un-grandiozais-jaungada-sovs-valmieras-olimpiskaja-centra-lr2-latvijas-radio-2","status":"publish","type":"post","link":"https:\/\/www.europesays.com\/lv\/84225\/","title":{"rendered":"Kr\u0101\u0161\u0146ais un grandiozais Jaungada \u0161ovs Valmieras Olimpiskaj\u0101 centr\u0101 \/ LR2 \/ \/ Latvijas Radio"},"content":{"rendered":"<p style=\"text-align: justify;\">27. decembr\u012b plkst.19 Valmieras Olimpiskaj\u0101 centr\u0101 ikviens aicin\u0101ts uz Jaungada \u0161ovu \u2013 kr\u0101\u0161\u0146u un grandiozu gada nosl\u0113guma notikumu, kur\u0101 vald\u012bs svin\u012bga gaisotne, dz\u012bvesprieks un m\u016bzika, kas vienos visu gadag\u0101jumu klaus\u012bt\u0101jus. \u0160aj\u0101 vakar\u0101 skan\u0113s 2025. gada popul\u0101r\u0101k\u0101s dziesmas \u2013 melodijas, kuras ikdien\u0101 priec\u0113ju\u0161as ar\u012b Latvijas Radio 2 klaus\u012bt\u0101jus.<\/p>\n<p style=\"text-align: justify;\">Vakara gait\u0101 uz skatuves k\u0101ps popul\u0101rie m\u0101kslinieki &#8211; J\u0101nis Pauk\u0161tello, \u017dor\u017es Siksna, J\u0101nis Moisejs, Ineta Rudz\u012bte, Kaspars Antess, Harijs Joni\u0161k\u0101ns, Aija Legzdi\u0146a, Inga Lazdi\u0146a, Roberts O\u0161i\u0146\u0161, Santa Kasparsone, Kaspars Mark\u0161evics, Art\u016brs Reiniks, Guntis Veits un Viktors Zemgals.<\/p>\n<p style=\"text-align: justify;\">Vakaru vad\u012bs \u0161armantais aktieris Lauris Dzelz\u012btis, kur\u0161 iesaist\u012bs sarun\u0101s vakara dal\u012bbniekus, pieteiks priek\u0161nesumus un r\u016bp\u0113sies par \u012bpa\u0161i sirsn\u012bgu un dz\u012bvespriec\u012bgu atmosf\u0113ru. Visa vakara gait\u0101 izskan\u0113s apsveikumi un nov\u0113l\u0113jumi, kop\u012bgi sagaidot Jauno \u2013 2026. gadu. Pas\u0101kuma gait\u0101 da\u017e\u0101d\u0101s aktivit\u0101t\u0113s, protams, tiks iesaist\u012bti ar\u012b skat\u012bt\u0101ji.<\/p>\n<blockquote><p>&#13;<\/p>\n<p style=\"text-align: justify;\">\u201c\u0160is b\u016bs viens no gada svin\u012bg\u0101kajiem notikumiem Vidzem\u0113, kur\u0101 m\u016bzika, sv\u0113tku saj\u016bta un kop\u0101 b\u016b\u0161anas prieks sav\u012bsies neaizmirstam\u0101 Jaungada noska\u0146\u0101!\u201d uzsver pas\u0101kuma r\u012bkot\u0101ji.<\/p>\n<p>&#13;\n<\/p><\/blockquote>\n<p>Ieteikt<\/p>\n<p>    Latvijas Radio aicina izteikt savu viedokli par raid\u012bjum\u0101 dzird\u0113to un atbalsta diskusijas klaus\u012bt\u0101ju starp\u0101, tom\u0113r patur ties\u012bbas dz\u0113st koment\u0101rus, kas p\u0101rk\u0101pj cie\u0146pilnas attieksmes un \u0113tiskas r\u012bc\u012bbas robe\u017eas.<a name=\"comments\"\/><\/p>\n","protected":false},"excerpt":{"rendered":"27. decembr\u012b plkst.19 Valmieras Olimpiskaj\u0101 centr\u0101 ikviens aicin\u0101ts uz Jaungada \u0161ovu \u2013 kr\u0101\u0161\u0146u un grandiozu gada nosl\u0113guma notikumu,&hellip;\n","protected":false},"author":2,"featured_media":84150,"comment_status":"","ping_status":"","sticky":false,"template":"","format":"standard","meta":{"footnotes":""},"categories":[19],"tags":[89,90,35,39,38,36,37,34,40],"class_list":{"0":"post-84225","1":"post","2":"type-post","3":"status-publish","4":"format-standard","5":"has-post-thumbnail","7":"category-izklaide","8":"tag-entertainment","9":"tag-izklaide","10":"tag-latvia","11":"tag-latvian","12":"tag-latviesu","13":"tag-latviesu-valoda","14":"tag-latviesuvaloda","15":"tag-latvija","16":"tag-lv"},"share_on_mastodon":{"url":"https:\/\/pubeurope.com\/@lv\/115769211842995123","error":""},"_links":{"self":[{"href":"https:\/\/www.europesays.com\/lv\/wp-json\/wp\/v2\/posts\/84225","targetHints":{"allow":["GET"]}}],"collection":[{"href":"https:\/\/www.europesays.com\/lv\/wp-json\/wp\/v2\/posts"}],"about":[{"href":"https:\/\/www.europesays.com\/lv\/wp-json\/wp\/v2\/types\/post"}],"author":[{"embeddable":true,"href":"https:\/\/www.europesays.com\/lv\/wp-json\/wp\/v2\/users\/2"}],"replies":[{"embeddable":true,"href":"https:\/\/www.europesays.com\/lv\/wp-json\/wp\/v2\/comments?post=84225"}],"version-history":[{"count":0,"href":"https:\/\/www.europesays.com\/lv\/wp-json\/wp\/v2\/posts\/84225\/revisions"}],"wp:featuredmedia":[{"embeddable":true,"href":"https:\/\/www.europesays.com\/lv\/wp-json\/wp\/v2\/media\/84150"}],"wp:attachment":[{"href":"https:\/\/www.europesays.com\/lv\/wp-json\/wp\/v2\/media?parent=84225"}],"wp:term":[{"taxonomy":"category","embeddable":true,"href":"https:\/\/www.europesays.com\/lv\/wp-json\/wp\/v2\/categories?post=84225"},{"taxonomy":"post_tag","embeddable":true,"href":"https:\/\/www.europesays.com\/lv\/wp-json\/wp\/v2\/tags?post=84225"}],"curies":[{"name":"wp","href":"https:\/\/api.w.org\/{rel}","templated":true}]}}