{"id":84226,"date":"2025-12-23T13:54:05","date_gmt":"2025-12-23T13:54:05","guid":{"rendered":"https:\/\/www.europesays.com\/lv\/84226\/"},"modified":"2025-12-23T13:54:05","modified_gmt":"2025-12-23T13:54:05","slug":"ukrainas-droni-trieciena-belbekas-lidlaukam-uzspridzina-divus-su-27-iznicinatajus-sbu-les-70-miljonu-zaudejumus-lente-lv","status":"publish","type":"post","link":"https:\/\/www.europesays.com\/lv\/84226\/","title":{"rendered":"Ukrainas droni triecien\u0101 Belbekas lidlaukam uzspridzina divus Su-27 izn\u012bcin\u0101t\u0101jus; SBU l\u0113\u0161 70 miljonu zaud\u0113jumus &#8211; Lente.lv"},"content":{"rendered":"<ol>\n<li><a href=\"https:\/\/news.google.com\/rss\/articles\/CBMi-gFBVV95cUxQUEprbUVpVTVFLWZVNjl6eHVMelM0c2dNUl9nMGxqTC1RaFNIVVZ6Y1NadllVQ1ZPMk1NVi02RXBmUXVyenhsLVR1TnI4WW9qSzZrVEFFaTc1dkNfTlZZYXpheDVMOXA3TzZRdFZLVEF2WElUNXotSEhZNzJmOWRLSW1OQ3FFaDhURm40MW1uTl8yTlFpWHFZTU9oRXFZQTdVTi1wWTY4S196Qllob2pQeER6Z1g5QmozVUlZMmhrXzFtRnE0QUc5NG9iNGFIRHZpRzM2NlBMcDFrUlVrcEVzakJmcUFjUVpRTGhBVFNSRURXeF96cFNWYUpR?oc=5\" target=\"_blank\" rel=\"nofollow noopener\">Ukrainas droni triecien\u0101 Belbekas lidlaukam uzspridzina divus Su-27 izn\u012bcin\u0101t\u0101jus; SBU l\u0113\u0161 70 miljonu zaud\u0113jumus<\/a>&nbsp;&nbsp;Lente.lv<\/li>\n<li><a href=\"https:\/\/news.google.com\/rss\/articles\/CBMigwFBVV95cUxOdGdGUlMwbC05ZTl3TWRvNVd3eU80UXgwVmFKT3ZqVUtwbnZ0d1V4NGd3OVZ4b0htUGEtQ2ZVN3l1R0QxUVoxckhQQ2dBZlhnLWM5VElkYVFFNWRValpReUcxTHRzaE9sQVdlQ0QxdE1nZGtnbjV0NmF6NXRmWk4wdllwMA?oc=5\" target=\"_blank\" rel=\"nofollow noopener\">\u013bipeck\u0101 aizdedzin\u0101ti divi Krievijas izn\u012bcin\u0101t\u0101ji<\/a>&nbsp;&nbsp;TVNET<\/li>\n<li><a href=\"https:\/\/news.google.com\/rss\/articles\/CBMi1ANBVV95cUxOaTR1UGMzbVVlaGNuN0RiLXpFVHh4b2x1SEM1a2NvdFNScTdxWXpLZHNzdHFkc25tWmxRamU1Qmw3N1RLMEFzazRvczNabk9TMDVFOTg2OHVCRm5meURQN3k0UlY2cG9TV3I2WFNLMHRySlNXMjhrVnZvUG13RGlIZG5kUUpVb1FiTWxxd0VTUDdhQnZsTU5WMTI2VWV6RmFGYlEtdlFhSVdtWExmYmVYQ1VWaHQwSEtIdm84UTNLZTV2VlJnLTUwdVdRdGZYWjFyMzlUbjVEQzFVbDlDV3Y3Tm5ubndNMzM2Y2ticWsxNzhyRHc4MkhQMi16YmEzaFR3R1RrS1FHdTQ1N1dKNTVLcXc3SDNCLVhTY0ZsM2hSQ0RKMmt5akozbGdpbElCUGZQakNTN0lxamFPbklKSDFBb1h6TXFwbXVLVUUyRVNPZzlnRDA3SzhuaUh2QW50a3kwRVNfbWt2blpsZ0RsbGxHNVdQaTRhS0Qyamp3V3ZValQwLU9ScUllVjBySVU2bS1lNFhlbFdrQjRiZkdwQmNRdnFMWXBfREtqRzhHVk5EaEN0MWJWVnlEMmNnLVBWM0NqZzlLeWRwU184dURFSW9iNkRfYk8?oc=5\" target=\"_blank\" rel=\"nofollow noopener\">Ukrainas droni Krim\u0101 tr\u0101p\u012bju\u0161i v\u0113l pa diviem &#8220;trekniem&#8221; okupantu m\u0113r\u0137iem, radot zaud\u0113jumus 70 miljonu apm\u0113r\u0101<\/a>&nbsp;&nbsp;Jauns.lv<\/li>\n<li><a href=\"https:\/\/news.google.com\/rss\/articles\/CBMiywFBVV95cUxOcXlCclJNVzk5Z3ltdmExS2dJVFc0SjBZeTFYTlotR1hEcUV4SzlQU1oyeDJ3Y0NFZ3FKSXo2OEVBdWdEaGd1SG5aVkZubUNxcEd3Uy1vNjZTR1Q2ZkYyNFBrazdvdGRNdkhpcWY2UVZFY3RZNkUzeHc4MEhsWVR4cXhva29weExOSmtRNnBRQ3g0RENnUl9zQVRJel9jbTRla284SnVYNl9mNUMxaEFvSU94TGVmQlpBOVl4TjVjR0Ixekxsa2Z6R3ZWcw?oc=5\" target=\"_blank\" rel=\"nofollow noopener\">Ukrainas dronu triecien\u0101 Belbekas lidlaukam izn\u012bcin\u0101tas divas kara lidma\u0161\u012bnas Su-27<\/a>&nbsp;&nbsp;Delfi<\/li>\n<li><a href=\"https:\/\/news.google.com\/rss\/articles\/CBMijwFBVV95cUxPbGtVQXpwMmF4eTJ6QjFwY0dLMmhMVTg2cTREVV9IZnBjaEVQRnJrNVJVaDFrQkFZZ1RjZ2w0SU5UbDRMTFcwZkhiSURJTXkzWnZUcVZnRjNKSDU3LW1paWYyZU1LV01tRGZ1UGNvZWlqTjNvc3RwU2E3cElOSVhJRU1nWFloNWxodEs4YWQyWQ?oc=5\" target=\"_blank\" rel=\"nofollow noopener\">VIDEO \u27e9 Ukrainas droni devu\u0161i triecienu Belbekas lidlaukam<\/a>&nbsp;&nbsp;Apollo.lv<\/li>\n<\/ol>\n","protected":false},"excerpt":{"rendered":"Ukrainas droni triecien\u0101 Belbekas lidlaukam uzspridzina divus Su-27 izn\u012bcin\u0101t\u0101jus; SBU l\u0113\u0161 70 miljonu zaud\u0113jumus&nbsp;&nbsp;Lente.lv \u013bipeck\u0101 aizdedzin\u0101ti divi Krievijas&hellip;\n","protected":false},"author":2,"featured_media":80292,"comment_status":"","ping_status":"","sticky":false,"template":"","format":"standard","meta":{"footnotes":""},"categories":[14],"tags":[23,57,28,29,32,33,22,30,31,35,39,38,36,37,34,40,20,26,27,24,25,54,55,56,21,58],"class_list":{"0":"post-84226","1":"post","2":"type-post","3":"status-publish","4":"format-standard","5":"has-post-thumbnail","7":"category-zinas-no-arvalstim","8":"tag-aktualitates","9":"tag-arvalstim","10":"tag-breaking-news","11":"tag-breakingnews","12":"tag-featured-news","13":"tag-featurednews","14":"tag-headlines","15":"tag-latest-news","16":"tag-latestnews","17":"tag-latvia","18":"tag-latvian","19":"tag-latviesu","20":"tag-latviesu-valoda","21":"tag-latviesuvaloda","22":"tag-latvija","23":"tag-lv","24":"tag-news","25":"tag-popularakas-zinas","26":"tag-popularakaszinas","27":"tag-top-stories","28":"tag-topstories","29":"tag-world","30":"tag-world-news","31":"tag-worldnews","32":"tag-zinas","33":"tag-zinas-no-arvalstim"},"share_on_mastodon":{"url":"https:\/\/pubeurope.com\/@lv\/115769223678196137","error":""},"_links":{"self":[{"href":"https:\/\/www.europesays.com\/lv\/wp-json\/wp\/v2\/posts\/84226","targetHints":{"allow":["GET"]}}],"collection":[{"href":"https:\/\/www.europesays.com\/lv\/wp-json\/wp\/v2\/posts"}],"about":[{"href":"https:\/\/www.europesays.com\/lv\/wp-json\/wp\/v2\/types\/post"}],"author":[{"embeddable":true,"href":"https:\/\/www.europesays.com\/lv\/wp-json\/wp\/v2\/users\/2"}],"replies":[{"embeddable":true,"href":"https:\/\/www.europesays.com\/lv\/wp-json\/wp\/v2\/comments?post=84226"}],"version-history":[{"count":0,"href":"https:\/\/www.europesays.com\/lv\/wp-json\/wp\/v2\/posts\/84226\/revisions"}],"wp:featuredmedia":[{"embeddable":true,"href":"https:\/\/www.europesays.com\/lv\/wp-json\/wp\/v2\/media\/80292"}],"wp:attachment":[{"href":"https:\/\/www.europesays.com\/lv\/wp-json\/wp\/v2\/media?parent=84226"}],"wp:term":[{"taxonomy":"category","embeddable":true,"href":"https:\/\/www.europesays.com\/lv\/wp-json\/wp\/v2\/categories?post=84226"},{"taxonomy":"post_tag","embeddable":true,"href":"https:\/\/www.europesays.com\/lv\/wp-json\/wp\/v2\/tags?post=84226"}],"curies":[{"name":"wp","href":"https:\/\/api.w.org\/{rel}","templated":true}]}}