{"id":84227,"date":"2025-12-23T13:55:09","date_gmt":"2025-12-23T13:55:09","guid":{"rendered":"https:\/\/www.europesays.com\/lv\/84227\/"},"modified":"2025-12-23T13:55:09","modified_gmt":"2025-12-23T13:55:09","slug":"daudzbernu-gimenem-majokla-izmaksu-sloga-mazinasanai-atveles-55-miljonus-eiro","status":"publish","type":"post","link":"https:\/\/www.europesays.com\/lv\/84227\/","title":{"rendered":"Daudzb\u0113rnu \u0123imen\u0113m m\u0101jok\u013ca izmaksu sloga mazin\u0101\u0161anai atv\u0113l\u0113s 5,5 miljonus eiro"},"content":{"rendered":"<p>Atbalsta programmas m\u0113r\u0137is ir samazin\u0101t m\u0101jok\u013ca ieg\u0101dei vai b\u016bvniec\u012bbai nepiecie\u0161amo bankas aizdevuma summu daudzb\u0113rnu \u0123imen\u0113m, t\u0101d\u0113j\u0101di risinot vien\u012bg\u0101 m\u0101jok\u013ca pieejam\u012bbas probl\u0113mas.<\/p>\n<p>Subs\u012bdiju programm\u0101 &#8220;Balsts&#8221; m\u0101jok\u013ca ieg\u0101dei, ko \u012bsteno AS &#8220;Att\u012bst\u012bbas finan\u0161u instit\u016bcija &#8220;Altum&#8221;&#8221; (&#8220;Altum&#8221;), l\u012bdz 2025. gada 30. novembrim kopum\u0101 pie\u0161\u0137irtas 2454 subs\u012bdijas 20,7 miljonu eiro apm\u0113r\u0101. Bankas daudzb\u0113rnu \u0123ime\u0146u un \u0123ime\u0146u, kur\u0101s aug b\u0113rns ar invalidit\u0101ti, m\u0101jok\u013cu ieg\u0101dei ar subs\u012bdijas pal\u012bdz\u012bbu pie\u0161\u0137\u012bru\u0161as aizdevumus 215,8 miljonu eiro apm\u0113r\u0101.<\/p>\n<p>EM nor\u0101da, ka piepras\u012bjums p\u0113c &#8220;Balsts&#8221; subs\u012bdijas turpina pieaugt &#8211; 2024. gad\u0101 atbalstu sa\u0146\u0113ma 509 \u0123imenes, kas ir par 47% vair\u0101k nek\u0101 gadu iepriek\u0161, savuk\u0101rt \u0161ogad l\u012bdz 30. novembrim atbalstu sa\u0146\u0113ma 618 \u0123imenes. Vienlaikus palielin\u0101jies ar\u012b banku finans\u0113juma apjoms &#8211; aizdevumi 2025. gad\u0101 sasniedza 59,7 miljonus eiro, kas ir par 53% vair\u0101k nek\u0101 attiec\u012bgaj\u0101 period\u0101 p\u0113rn.<\/p>\n<p>Atbalstu ir sa\u0146\u0113mu\u0161as daudzb\u0113rnu \u0123imenes no visas Latvijas. R\u012bg\u0101 un Pier\u012bg\u0101 sa\u0146emti 67% no vis\u0101m pie\u0161\u0137irtaj\u0101m subs\u012bdij\u0101m, Zemgal\u0113 un Vidzem\u0113 10%, Kurzem\u0113 9%, savuk\u0101rt Latgal\u0113 4%.<\/p>\n","protected":false},"excerpt":{"rendered":"Atbalsta programmas m\u0113r\u0137is ir samazin\u0101t m\u0101jok\u013ca ieg\u0101dei vai b\u016bvniec\u012bbai nepiecie\u0161amo bankas aizdevuma summu daudzb\u0113rnu \u0123imen\u0113m, t\u0101d\u0113j\u0101di risinot vien\u012bg\u0101&hellip;\n","protected":false},"author":2,"featured_media":84228,"comment_status":"","ping_status":"","sticky":false,"template":"","format":"standard","meta":{"footnotes":""},"categories":[12],"tags":[23,28,29,10282,2838,32,33,22,30,31,35,39,38,36,37,34,40,20,26,27,24,25,21],"class_list":{"0":"post-84227","1":"post","2":"type-post","3":"status-publish","4":"format-standard","5":"has-post-thumbnail","7":"category-latvija","8":"tag-aktualitates","9":"tag-breaking-news","10":"tag-breakingnews","11":"tag-daudzbernu-gimene","12":"tag-ekonomikas-ministrija","13":"tag-featured-news","14":"tag-featurednews","15":"tag-headlines","16":"tag-latest-news","17":"tag-latestnews","18":"tag-latvia","19":"tag-latvian","20":"tag-latviesu","21":"tag-latviesu-valoda","22":"tag-latviesuvaloda","23":"tag-latvija","24":"tag-lv","25":"tag-news","26":"tag-popularakas-zinas","27":"tag-popularakaszinas","28":"tag-top-stories","29":"tag-topstories","30":"tag-zinas"},"share_on_mastodon":{"url":"https:\/\/pubeurope.com\/@lv\/115769227600825061","error":""},"_links":{"self":[{"href":"https:\/\/www.europesays.com\/lv\/wp-json\/wp\/v2\/posts\/84227","targetHints":{"allow":["GET"]}}],"collection":[{"href":"https:\/\/www.europesays.com\/lv\/wp-json\/wp\/v2\/posts"}],"about":[{"href":"https:\/\/www.europesays.com\/lv\/wp-json\/wp\/v2\/types\/post"}],"author":[{"embeddable":true,"href":"https:\/\/www.europesays.com\/lv\/wp-json\/wp\/v2\/users\/2"}],"replies":[{"embeddable":true,"href":"https:\/\/www.europesays.com\/lv\/wp-json\/wp\/v2\/comments?post=84227"}],"version-history":[{"count":0,"href":"https:\/\/www.europesays.com\/lv\/wp-json\/wp\/v2\/posts\/84227\/revisions"}],"wp:featuredmedia":[{"embeddable":true,"href":"https:\/\/www.europesays.com\/lv\/wp-json\/wp\/v2\/media\/84228"}],"wp:attachment":[{"href":"https:\/\/www.europesays.com\/lv\/wp-json\/wp\/v2\/media?parent=84227"}],"wp:term":[{"taxonomy":"category","embeddable":true,"href":"https:\/\/www.europesays.com\/lv\/wp-json\/wp\/v2\/categories?post=84227"},{"taxonomy":"post_tag","embeddable":true,"href":"https:\/\/www.europesays.com\/lv\/wp-json\/wp\/v2\/tags?post=84227"}],"curies":[{"name":"wp","href":"https:\/\/api.w.org\/{rel}","templated":true}]}}