{"id":8423,"date":"2025-09-30T05:26:11","date_gmt":"2025-09-30T05:26:11","guid":{"rendered":"https:\/\/www.europesays.com\/lv\/8423\/"},"modified":"2025-09-30T05:26:11","modified_gmt":"2025-09-30T05:26:11","slug":"no-gazas-pilsetas-aizbegusi-800-000-cilveku","status":"publish","type":"post","link":"https:\/\/www.europesays.com\/lv\/8423\/","title":{"rendered":"No Gazas pils\u0113tas aizb\u0113gu\u0161i 800 000 cilv\u0113ku"},"content":{"rendered":"<p>Turpinoties Izra\u0113las sauszemes sp\u0113ku ofens\u012bvai, no Gazas pils\u0113tas ir aizb\u0113gu\u0161i apm\u0113ram 800 000 palest\u012bnie\u0161u, pirmdien pav\u0113st\u012bja zi\u0146u avoti Izra\u0113las armij\u0101.<\/p>\n<p>24.septembr\u012b zi\u0146u avoti Izra\u0113las dro\u0161\u012bbas sp\u0113kos l\u0113sa, ka \u0161\u012bs ofens\u012bvas d\u0113\u013c no Gazas pils\u0113tas aizb\u0113gu\u0161i 700 000 cilv\u0113ku.<\/p>\n<p>Pirms ofens\u012bvas s\u0101kuma Gazas pils\u0113t\u0101 dz\u012bvoja apm\u0113ram viens miljons iedz\u012bvot\u0101ju un iek\u0161\u0113ji p\u0101rvietotu cilv\u0113ku no p\u0101r\u0113j\u0101s Gazas joslas teritorijas.<\/p>\n<p>\u0160ie skait\u013ci nebija p\u0101rbaud\u0101mi p\u0113c neatkar\u012bgiem avotiem. V\u0113l nav pieejamas jaun\u0101k\u0101s palest\u012bnie\u0161u apl\u0113ses par to, cik cilv\u0113ku pametu\u0161i Gazas pils\u0113tu.<\/p>\n<p>Aculiecinieki apstiprina, ka Gazas pils\u0113tu katru dienu turpina atst\u0101t cilv\u0113ki, dodoties uz Gazas joslas dienvidiem, tom\u0113r \u0161o cilv\u0113ku skaits ir samazin\u0101jies.<\/p>\n<p>Izra\u0113las armija pirms aptuveni div\u0101m ned\u0113\u013c\u0101m s\u0101ka sauszemes sp\u0113ku ofens\u012bvu Gazas pils\u0113t\u0101 ar m\u0113r\u0137i sagraut isl\u0101mistu kaujinieku grup\u0113jumu &#8220;Ham\u0101s&#8221;. \u0160\u012b ofens\u012bva izrais\u012bja masveida b\u0113g\u0161anu no pils\u0113tas.<\/p>\n<p><img decoding=\"async\" src=\"https:\/\/www.europesays.com\/lv\/wp-content\/uploads\/2025\/09\/b631be557019aadf8e4927551bc80677.jpg\" title=\"Foto: REUTERS\/Francesco Fotia\/Scanpix\" alt=\"Foto: REUTERS\/Francesco Fotia\/Scanpix\"\/><\/p>\n<p class=\"article-img-desc\">Foto: REUTERS\/Francesco Fotia\/Scanpix<\/p>\n","protected":false},"excerpt":{"rendered":"Turpinoties Izra\u0113las sauszemes sp\u0113ku ofens\u012bvai, no Gazas pils\u0113tas ir aizb\u0113gu\u0161i apm\u0113ram 800 000 palest\u012bnie\u0161u, pirmdien pav\u0113st\u012bja zi\u0146u avoti&hellip;\n","protected":false},"author":2,"featured_media":8424,"comment_status":"","ping_status":"","sticky":false,"template":"","format":"standard","meta":{"footnotes":""},"categories":[14],"tags":[129,2689,23,57,28,29,32,33,22,30,31,35,39,38,36,37,34,40,20,26,27,2690,2691,24,25,54,55,56,21,58],"class_list":{"0":"post-8423","1":"post","2":"type-post","3":"status-publish","4":"format-standard","5":"has-post-thumbnail","7":"category-zinas-no-arvalstim","8":"tag-__typenameadvicekeyword","9":"tag-id1165","10":"tag-aktualitates","11":"tag-arvalstim","12":"tag-breaking-news","13":"tag-breakingnews","14":"tag-featured-news","15":"tag-featurednews","16":"tag-headlines","17":"tag-latest-news","18":"tag-latestnews","19":"tag-latvia","20":"tag-latvian","21":"tag-latviesu","22":"tag-latviesu-valoda","23":"tag-latviesuvaloda","24":"tag-latvija","25":"tag-lv","26":"tag-news","27":"tag-popularakas-zinas","28":"tag-popularakaszinas","29":"tag-slugpalestina","30":"tag-titlepalestina","31":"tag-top-stories","32":"tag-topstories","33":"tag-world","34":"tag-world-news","35":"tag-worldnews","36":"tag-zinas","37":"tag-zinas-no-arvalstim"},"share_on_mastodon":{"url":"","error":""},"_links":{"self":[{"href":"https:\/\/www.europesays.com\/lv\/wp-json\/wp\/v2\/posts\/8423","targetHints":{"allow":["GET"]}}],"collection":[{"href":"https:\/\/www.europesays.com\/lv\/wp-json\/wp\/v2\/posts"}],"about":[{"href":"https:\/\/www.europesays.com\/lv\/wp-json\/wp\/v2\/types\/post"}],"author":[{"embeddable":true,"href":"https:\/\/www.europesays.com\/lv\/wp-json\/wp\/v2\/users\/2"}],"replies":[{"embeddable":true,"href":"https:\/\/www.europesays.com\/lv\/wp-json\/wp\/v2\/comments?post=8423"}],"version-history":[{"count":0,"href":"https:\/\/www.europesays.com\/lv\/wp-json\/wp\/v2\/posts\/8423\/revisions"}],"wp:featuredmedia":[{"embeddable":true,"href":"https:\/\/www.europesays.com\/lv\/wp-json\/wp\/v2\/media\/8424"}],"wp:attachment":[{"href":"https:\/\/www.europesays.com\/lv\/wp-json\/wp\/v2\/media?parent=8423"}],"wp:term":[{"taxonomy":"category","embeddable":true,"href":"https:\/\/www.europesays.com\/lv\/wp-json\/wp\/v2\/categories?post=8423"},{"taxonomy":"post_tag","embeddable":true,"href":"https:\/\/www.europesays.com\/lv\/wp-json\/wp\/v2\/tags?post=8423"}],"curies":[{"name":"wp","href":"https:\/\/api.w.org\/{rel}","templated":true}]}}