{"id":84231,"date":"2025-12-23T13:59:07","date_gmt":"2025-12-23T13:59:07","guid":{"rendered":"https:\/\/www.europesays.com\/lv\/84231\/"},"modified":"2025-12-23T13:59:07","modified_gmt":"2025-12-23T13:59:07","slug":"bez-steidzamam-reformam-vacijai-draud-ilgtermina-ekonomikas-lejupslide-raksts","status":"publish","type":"post","link":"https:\/\/www.europesays.com\/lv\/84231\/","title":{"rendered":"Bez steidzam\u0101m reform\u0101m V\u0101cijai draud ilgtermi\u0146a ekonomikas lejupsl\u012bde \/ Raksts"},"content":{"rendered":"<p>V\u0101cijas ekonomika risk\u0113 non\u0101kt ilgtermi\u0146a lejupsl\u012bd\u0113, ja steidzami netiks \u012bstenotas struktur\u0101las reformas, pazi\u0146ojis V\u0101cijas R\u016bpniec\u012bbas un tirdzniec\u012bbas kameru asoci\u0101cijas (DIHK) prezidents P\u0113ters Adrians.<\/p>\n<p>&#8220;Ja m\u0113s nerisin\u0101sim struktur\u0101los izaicin\u0101jumus un ne\u012bstenosim pareiz\u0101s reformas, tad mums ir mazas iesp\u0113jas V\u0101cij\u0101 atkal nodro\u0161in\u0101t ilgtsp\u0113j\u012bgu un sp\u0113c\u012bgu izaugsmi,&#8221; a\u0123ent\u016brai DPA nor\u0101d\u012bja Adrians.<\/p>\n<blockquote>\n<p>&#8220;Ja nekas nemain\u012bsies, ja ekonomika turpin\u0101s stagn\u0113t vai tautsaimniec\u012bbas izaugsme saglab\u0101sies tik v\u0101ja, m\u0113s atpaliksim starptautisk\u0101 m\u0113rog\u0101,&#8221; vi\u0146\u0161 sac\u012bja.<\/p>\n<\/blockquote>\n<p>T\u0101pat vi\u0146\u0161 br\u012bdin\u0101ja, ka ilgsto\u0161ais v\u0101jums Eiropas liel\u0101kaj\u0101 ekonomik\u0101 samazina feder\u0101l\u0101s vald\u012bbas fisk\u0101l\u0101s &#8220;manevr\u0113\u0161anas iesp\u0113jas&#8221;.<\/p>\n<p>&#8220;Tikai r\u016bpniec\u012bb\u0101 vien gada laik\u0101 esam zaud\u0113ju\u0161i v\u0113l 170 000 darbavietu,&#8221; teica Adrians. &#8220;Kapit\u0101lieguld\u012bjumi ir samazin\u0101ju\u0161ies l\u012bdz 2015. gada l\u012bmenim. Tas noz\u012bm\u0113, ka invest\u012bciju zi\u0146\u0101 esam zaud\u0113ju\u0161i desmitgadi.&#8221;<\/p>\n<p>Adrians uzskata, ka V\u0101cijas invest\u012bciju vide vairs nav starptautiski konkur\u0113tsp\u0113j\u012bga.<\/p>\n<blockquote>\n<p>V\u0101cijas ekonomika 2023. un 2024. gad\u0101 piedz\u012bvoja recesiju, bet \u0161ogad prognoz\u0113ts valsts iek\u0161zemes kopprodukta (IKP) k\u0101pums vien par 0,2%.<\/p>\n<\/blockquote>\n<p>V\u0101cijas centr\u0101l\u0101 banka &#8220;Bundesbank&#8221; pag\u0101ju\u0161aj\u0101 ned\u0113\u013c\u0101 nedaudz samazin\u0101ja IKP pieauguma prognozi n\u0101kamajam gadam, paredzot v\u0101j\u0101ku valsts ekonomikas atlab\u0161anu p\u0113c tr\u012bs gadus ilgu\u0161\u0101s stagn\u0101cijas.<\/p>\n<p>&#8220;Bundesbank&#8221; prognoz\u0113, ka V\u0101cijas IKP 2026. gad\u0101 pieaugs par 0,6%, nevis par 0,7%, k\u0101 tika l\u0113sts j\u016bnij\u0101.<\/p>\n<p>                    Valodas k\u013c\u016bda rakst\u0101?<\/p>\n<p class=\"d-none d-md-block\">Iez\u012bm\u0113jiet tekstu un spiediet Ctrl+Enter, lai nos\u016bt\u012btu labojamo teksta fragmentu redaktoram! Par faktu k\u013c\u016bd\u0101m l\u016bdzam zi\u0146ot e-past\u0101 <a href=\"https:\/\/www.lsm.lv\/cdn-cgi\/l\/email-protection\" class=\"__cf_email__\" data-cfemail=\"76041312171d151f1c17361a051b581a00\" rel=\"nofollow noopener\" target=\"_blank\">[email\u00a0protected]<\/a>.<\/p>\n<p class=\"d-md-none\">Iez\u012bm\u0113jiet tekstu un spiediet uz Zi\u0146ot par k\u013c\u016bdu pogas, lai nos\u016bt\u012btu labojamo teksta fragmentu redaktoram!<\/p>\n<p>\n                    Zi\u0146ot par k\u013c\u016bdu\n                <\/p>\n","protected":false},"excerpt":{"rendered":"V\u0101cijas ekonomika risk\u0113 non\u0101kt ilgtermi\u0146a lejupsl\u012bd\u0113, ja steidzami netiks \u012bstenotas struktur\u0101las reformas, pazi\u0146ojis V\u0101cijas R\u016bpniec\u012bbas un tirdzniec\u012bbas kameru&hellip;\n","protected":false},"author":2,"featured_media":84232,"comment_status":"","ping_status":"","sticky":false,"template":"","format":"standard","meta":{"footnotes":""},"categories":[16],"tags":[77,76,35,39,38,36,37,34,40],"class_list":{"0":"post-84231","1":"post","2":"type-post","3":"status-publish","4":"format-standard","5":"has-post-thumbnail","7":"category-bizness","8":"tag-bizness","9":"tag-business","10":"tag-latvia","11":"tag-latvian","12":"tag-latviesu","13":"tag-latviesu-valoda","14":"tag-latviesuvaloda","15":"tag-latvija","16":"tag-lv"},"share_on_mastodon":{"url":"https:\/\/pubeurope.com\/@lv\/115769243423860395","error":""},"_links":{"self":[{"href":"https:\/\/www.europesays.com\/lv\/wp-json\/wp\/v2\/posts\/84231","targetHints":{"allow":["GET"]}}],"collection":[{"href":"https:\/\/www.europesays.com\/lv\/wp-json\/wp\/v2\/posts"}],"about":[{"href":"https:\/\/www.europesays.com\/lv\/wp-json\/wp\/v2\/types\/post"}],"author":[{"embeddable":true,"href":"https:\/\/www.europesays.com\/lv\/wp-json\/wp\/v2\/users\/2"}],"replies":[{"embeddable":true,"href":"https:\/\/www.europesays.com\/lv\/wp-json\/wp\/v2\/comments?post=84231"}],"version-history":[{"count":0,"href":"https:\/\/www.europesays.com\/lv\/wp-json\/wp\/v2\/posts\/84231\/revisions"}],"wp:featuredmedia":[{"embeddable":true,"href":"https:\/\/www.europesays.com\/lv\/wp-json\/wp\/v2\/media\/84232"}],"wp:attachment":[{"href":"https:\/\/www.europesays.com\/lv\/wp-json\/wp\/v2\/media?parent=84231"}],"wp:term":[{"taxonomy":"category","embeddable":true,"href":"https:\/\/www.europesays.com\/lv\/wp-json\/wp\/v2\/categories?post=84231"},{"taxonomy":"post_tag","embeddable":true,"href":"https:\/\/www.europesays.com\/lv\/wp-json\/wp\/v2\/tags?post=84231"}],"curies":[{"name":"wp","href":"https:\/\/api.w.org\/{rel}","templated":true}]}}