{"id":84242,"date":"2025-12-23T14:07:09","date_gmt":"2025-12-23T14:07:09","guid":{"rendered":"https:\/\/www.europesays.com\/lv\/84242\/"},"modified":"2025-12-23T14:07:09","modified_gmt":"2025-12-23T14:07:09","slug":"veiktas-izmainas-acm-zonu-sadalijuma","status":"publish","type":"post","link":"https:\/\/www.europesays.com\/lv\/84242\/","title":{"rendered":"Veiktas izmai\u0146as \u0100CM zonu sadal\u012bjum\u0101"},"content":{"rendered":"<p>Riska zon\u0101m noteikti specifiski slim\u012bbas kontroles pas\u0101kumi.<\/p>\n<p>Izmai\u0146as paredz, ka otr\u0101 riska zona papildin\u0101ta ar M\u0101rupes, Olaines, Ropa\u017eu, Talsu, Tukuma un Ventspils novadiem, k\u0101 ar\u012b J\u016brmalas pils\u0113tu.<\/p>\n<p>Otraj\u0101 riska zon\u0101 iek\u013cauts Jelgavas novada Valgundes pagasts.<\/p>\n<p>Savuk\u0101rt tre\u0161\u0101 riska zona atcelta Tukuma novada Slampes pagasta da\u013c\u0101 uz austrumiem no autoce\u013ca Tukums-Milzkalne-Sm\u0101rde-Slampe (V1446), uz zieme\u013ciem no Likau\u0161\u0137u strauta, k\u0101 ar\u012b Sm\u0101rdes pagasta da\u013c\u0101 uz dienvidaustrumiem no autoce\u013ca Lapme\u017eciems-Anti\u0146ciems-J\u0101\u0146a krogs (V1472) un zieme\u013caustrumiem no autoce\u013ca Tukums-Milzkalne-Sm\u0101rde-Slampe (V1446).<\/p>\n<p>T\u0101pat tre\u0161\u0101 riska zona atcelta ar\u012b Jelgavas novada Valgundes pagasta da\u013c\u0101 uz zieme\u013crietumiem no Liep\u0101jas \u0161osejas (A9), uz zieme\u013caustrumiem no autoce\u013ca Jelgava-Kalnciems (P99), uz zieme\u013ciem no C\u012bru\u013cup\u012btes un uz zieme\u013crietumiem no Zelti\u0146u ce\u013ca.<\/p>\n<p>Tre\u0161\u0101 riska zona atcelta Ventspils novada Puzes pagasta da\u013c\u0101 uz dienvidaustrumiem no autoce\u013ca, kas savieno autoce\u013cu Amele-Stikli (V1319) ar m\u0101j\u0101m &#8220;Sali\u0146as&#8221;, uz dienvidrietumiem no autoce\u013ca Amele-Stikli (V1319) un uz dienvidaustrumiem no autoce\u013ca, kas savieno autoce\u013cu Amele-Stikli (V1319) ar m\u0101j\u0101m &#8220;V\u0101rpas&#8221; un &#8220;Vijupes&#8221; Usmas pagast\u0101, Usmas pagasta da\u013c\u0101 uz dienvidaustrumiem no autoce\u013ca, kas savieno autoce\u013cu Amele-Stikli (V1319) Puzes pagast\u0101 ar m\u0101j\u0101m &#8220;V\u0101rpas&#8221; un &#8220;Vijupes&#8221;, uz austrumiem no autoce\u013ca, kas savieno m\u0101jas &#8220;V\u0101rpas&#8221; un &#8220;Vijupes&#8221; ar ciemu Desuciems l\u012bdz Ventspils \u0161osejai (A10), pagasta teritorijas da\u013c\u0101 uz zieme\u013caustrumiem no Ventspils \u0161osejas (A10).<\/p>\n","protected":false},"excerpt":{"rendered":"Riska zon\u0101m noteikti specifiski slim\u012bbas kontroles pas\u0101kumi. Izmai\u0146as paredz, ka otr\u0101 riska zona papildin\u0101ta ar M\u0101rupes, Olaines, Ropa\u017eu,&hellip;\n","protected":false},"author":2,"featured_media":84243,"comment_status":"","ping_status":"","sticky":false,"template":"","format":"standard","meta":{"footnotes":""},"categories":[12],"tags":[21273,4523,23,28,29,32,33,22,30,31,35,39,38,36,37,34,40,20,26,27,24,25,21],"class_list":{"0":"post-84242","1":"post","2":"type-post","3":"status-publish","4":"format-standard","5":"has-post-thumbnail","7":"category-latvija","8":"tag-acm","9":"tag-afrikas-cuku-meris","10":"tag-aktualitates","11":"tag-breaking-news","12":"tag-breakingnews","13":"tag-featured-news","14":"tag-featurednews","15":"tag-headlines","16":"tag-latest-news","17":"tag-latestnews","18":"tag-latvia","19":"tag-latvian","20":"tag-latviesu","21":"tag-latviesu-valoda","22":"tag-latviesuvaloda","23":"tag-latvija","24":"tag-lv","25":"tag-news","26":"tag-popularakas-zinas","27":"tag-popularakaszinas","28":"tag-top-stories","29":"tag-topstories","30":"tag-zinas"},"share_on_mastodon":{"url":"https:\/\/pubeurope.com\/@lv\/115769274871680094","error":""},"_links":{"self":[{"href":"https:\/\/www.europesays.com\/lv\/wp-json\/wp\/v2\/posts\/84242","targetHints":{"allow":["GET"]}}],"collection":[{"href":"https:\/\/www.europesays.com\/lv\/wp-json\/wp\/v2\/posts"}],"about":[{"href":"https:\/\/www.europesays.com\/lv\/wp-json\/wp\/v2\/types\/post"}],"author":[{"embeddable":true,"href":"https:\/\/www.europesays.com\/lv\/wp-json\/wp\/v2\/users\/2"}],"replies":[{"embeddable":true,"href":"https:\/\/www.europesays.com\/lv\/wp-json\/wp\/v2\/comments?post=84242"}],"version-history":[{"count":0,"href":"https:\/\/www.europesays.com\/lv\/wp-json\/wp\/v2\/posts\/84242\/revisions"}],"wp:featuredmedia":[{"embeddable":true,"href":"https:\/\/www.europesays.com\/lv\/wp-json\/wp\/v2\/media\/84243"}],"wp:attachment":[{"href":"https:\/\/www.europesays.com\/lv\/wp-json\/wp\/v2\/media?parent=84242"}],"wp:term":[{"taxonomy":"category","embeddable":true,"href":"https:\/\/www.europesays.com\/lv\/wp-json\/wp\/v2\/categories?post=84242"},{"taxonomy":"post_tag","embeddable":true,"href":"https:\/\/www.europesays.com\/lv\/wp-json\/wp\/v2\/tags?post=84242"}],"curies":[{"name":"wp","href":"https:\/\/api.w.org\/{rel}","templated":true}]}}