{"id":84257,"date":"2025-12-23T14:18:10","date_gmt":"2025-12-23T14:18:10","guid":{"rendered":"https:\/\/www.europesays.com\/lv\/84257\/"},"modified":"2025-12-23T14:18:10","modified_gmt":"2025-12-23T14:18:10","slug":"vasingtonas-kenedija-centrs-pardevets-par-trampa-un-kenedija-kulturas-centru-lemums-izraisa-pretrunas-lente-lv","status":"publish","type":"post","link":"https:\/\/www.europesays.com\/lv\/84257\/","title":{"rendered":"Va\u0161ingtonas Kenedija Centrs P\u0101rd\u0113v\u0113ts par Trampa un Kenedija Kult\u016bras Centru; L\u0113mums Izraisa Pretrunas\u00a0\u2014\u00a0Lente.lv"},"content":{"rendered":"<p>Kenedija Centra Nosaukuma Mai\u0146a: Jaun\u0101 \u0112ras S\u0101kums?<\/p>\n<p>Slavenais m\u0101kslas un kult\u016bras centrs Va\u0161ington\u0101, kas l\u012bdz \u0161im paz\u012bstams k\u0101 D\u017eona F. Kenedija M\u0101kslu centrs (John F. Kennedy Center for the Performing Arts), ir ofici\u0101li p\u0101rd\u0113v\u0113ts, iek\u013caujot taj\u0101 ar\u012b pa\u0161reiz\u0113j\u0101 ASV prezidenta Donalda Trampa v\u0101rdu. K\u0101 inform\u0113 Latvijas Sabiedriskie Mediji, centra padome ceturtdien pie\u0146\u0113ma l\u0113mumu vienbals\u012bgi p\u0101rd\u0113v\u0113t iest\u0101di par Donalda D\u017e. Trampa un D\u017eona F. Kenedija Memori\u0101lo M\u0101kslu centru (The Donald J. Trump and The John F. Kennedy Memorial Center for the Performing Arts). \u0160\u012b izmai\u0146a notikusi p\u0113c tam, kad Trampa v\u0101rds jau tika uzrakst\u012bts lieliem burtiem uz \u0113kas fas\u0101des piektdien, apstiprinot padomes l\u0113mumu.<\/p>\n<p>Balt\u0101 nama preses sekret\u0101re Kerolaina Levita pazi\u0146oja, ka l\u0113mums pie\u0146emts k\u0101 pateic\u012bba par Trampa \u201cneticamo darbu\u201d p\u0113d\u0113j\u0101 gada laik\u0101, gl\u0101bjot \u0113ku ne tikai no finansi\u0101la sabrukuma, bet ar\u012b no iesp\u0113jamas fiziskas boj\u0101ejas un reput\u0101cijas zaud\u0113juma. Levita ar\u012b uzsv\u0113ra, ka \u0161is solis atspogu\u013co \u201cnesaist\u012btu divu partiju atbalstu Amerikas kult\u016bras centram n\u0101kamaj\u0101m paaudz\u0113m\u201d. Pats prezidents Tramps esot paudis p\u0101rsteigumu un pagodin\u0101jumu par \u0161\u0101du l\u0113mumu.<\/p>\n<p>Padomes P\u0101r\u0146em\u0161ana un Iepriek\u0161\u0113jais Konteksts<\/p>\n<p>\u0160\u012b nosaukuma mai\u0146a nav notikusi bez priek\u0161v\u0113stures. Pavasar\u012b, atgriezies Baltaj\u0101 nam\u0101, prezidents Tramps veica iev\u0113rojamas izmai\u0146as Kenedija centra padom\u0113, atce\u013cot iepriek\u0161\u0113jos locek\u013cus, kuru vid\u016b bija demokr\u0101ti, un iece\u013cot savus sabiedrotos. P\u0113c \u0161\u012bm izmai\u0146\u0101m Tramps pats tika iev\u0113l\u0113ts par padomes priek\u0161s\u0113d\u0113t\u0101ju. Padom\u0113 ietilpst vair\u0101kas ar Trampa administr\u0101ciju cie\u0161i saist\u012btas personas, tostarp \u0123ener\u0101lprokurore Pamela Bondi un viceprezidenta sieva U\u0161a, bet padomes prezidenta pien\u0101kumus pilda Trampa padomnieks Ri\u010dards Grenels.<\/p>\n<p>J\u0101piebilst, ka jau pirms \u0161\u012b l\u0113muma Tramps vair\u0101kk\u0101rt publiski nor\u0101d\u012bjis uz savu v\u0113lmi main\u012bt centra nosaukumu. Vi\u0146\u0161 pat ironiski bija izteicies par \u201cTrampa-Kenedija centru\u201d. Prezidents ar\u012b iepriek\u0161 kritiz\u0113jis citas feder\u0101li finans\u0113tas kult\u016bras iest\u0101des, p\u0101rmetot t\u0101m t\u0101 d\u0113v\u0113to \u201cwoke\u201d jeb \u201catj\u0113dz\u012bbas\u201d ideolo\u0123ijas atbalst\u012b\u0161anu. Trampa pirm\u0101s prezident\u016bras laik\u0101 vi\u0146\u0161 ne reizi neapmekl\u0113ja presti\u017eo Kenedija centra balvu pasnieg\u0161anas l\u012bdzek\u013cu v\u0101k\u0161anas pas\u0101kumus, jo daudzi m\u0101kslinieki asi iebilda pret vi\u0146a politiku.<\/p>\n<p>Centra V\u0113sture un Likumiskie Jaut\u0101jumi<\/p>\n<p>D\u017eona F. Kenedija M\u0101kslu centrs tika atkl\u0101ts 1971. gad\u0101, un tas tika nosaukts par godu 35. ASV prezidentam D\u017eonam Kenedijam, kur\u0161 tika atent\u0113ts 1963. gad\u0101. Kongress apstiprin\u0101ja centra izveides pl\u0101nus jau 1958. gad\u0101. Likums, kas pie\u0161\u0137ir \u0113kai Kenedija v\u0101rdu k\u0101 memori\u0101lu, tika parakst\u012bts neilgi p\u0113c prezidenta slepkav\u012bbas.<\/p>\n<p>Nosaukuma mai\u0146a ir rad\u012bjusi nopietnas juridiskas ba\u017eas. Past\u0101v visp\u0101r\u0113js uzskats, ka jebk\u0101das izmai\u0146as centra nosaukum\u0101 vai papildu memori\u0101lu pl\u0101k\u0161\u0146u uzst\u0101d\u012b\u0161anai publiskaj\u0101s zon\u0101s ir Kongresa kompetenc\u0113. Likums nosaka ierobe\u017eojumus papildu piemi\u0146as z\u012bmju uzst\u0101d\u012b\u0161anai Kenedija centr\u0101 p\u0113c 1983. gada, iz\u0146emot noteiktus ziedojumus.<\/p>\n<p>Reakcijas un Iebildumi<\/p>\n<p>\u0160\u0101ds l\u0113mums, protams, izrais\u012bjis sp\u0113c\u012bgu pretreakciju. Da\u017ei Kongresa p\u0101rst\u0101vji un Kenedija \u0123imenes locek\u013ci ir paudu\u0161i sa\u0161utumu un neapmierin\u0101t\u012bbu. Kongresmenis St\u012bvs Koens no Tenes\u012b paudis nost\u0101ju, ka \u0161\u0101ds solis ir \u201cdzi\u013ci satrauco\u0161s\u201d, nosaucot to par necien\u012bgu pret v\u0113sturi. Vi\u0146\u0161 uzsv\u0113ra, ka Kenedija centrs tika rad\u012bts, lai godin\u0101tu prezidenta Kenedija mantojumu un vi\u0146a p\u0101rliec\u012bbu par m\u0101kslas un kult\u016bras noz\u012bmi demokr\u0101tij\u0101. Koens uzskata, ka centra nosaukuma mai\u0146a, iek\u013caujot taj\u0101 eso\u0161a vai biju\u0161a prezidenta v\u0101rdu, kur\u0161 joproj\u0101m ir politiski akt\u012bvs, grauj iest\u0101des m\u0113r\u0137i.<\/p>\n<p>Ar\u012b biju\u0161\u0101 prezidenta Kenedija radinieki nav paliku\u0161i mier\u0101. Marija \u0160raivera, prezidenta Kenedija m\u0101sas meita, paudusi \u0161oku un sa\u0161utumu par iesp\u0113jamo nosaukuma mai\u0146u, nor\u0101dot, ka da\u017ei notikumi atst\u0101j \u201cbez v\u0101rdiem, saniknotu un netic\u012bbas st\u0101vokl\u012b\u201d. T\u0101pat ir izskan\u0113ju\u0161i jaut\u0101jumi, vai \u0161\u0101ds l\u0113mums visp\u0101r ir likum\u012bgs, \u0146emot v\u0113r\u0101 Kongresa pie\u0146emtos aktus. Da\u017ei politikas anal\u012bti\u0137i un oponenti min\u0113ju\u0161i, ka \u0161\u0101ds solis liecina par Trampa centieniem iem\u016b\u017ein\u0101t savu v\u0101rdu Va\u0161ingtonas ainav\u0101, l\u012bdz\u012bgi k\u0101 iepriek\u0161, licis nojaukt Balt\u0101 nama sp\u0101rnu vai pl\u0101nojot b\u016bv\u0113t triumfa arku.<\/p>\n","protected":false},"excerpt":{"rendered":"Kenedija Centra Nosaukuma Mai\u0146a: Jaun\u0101 \u0112ras S\u0101kums? Slavenais m\u0101kslas un kult\u016bras centrs Va\u0161ington\u0101, kas l\u012bdz \u0161im paz\u012bstams k\u0101&hellip;\n","protected":false},"author":2,"featured_media":84258,"comment_status":"","ping_status":"","sticky":false,"template":"","format":"standard","meta":{"footnotes":""},"categories":[14],"tags":[23,57,1684,28,29,542,32,33,22,21276,30,31,35,39,38,36,37,34,40,20,21277,26,27,24,25,14577,54,55,56,21,58],"class_list":{"0":"post-84257","1":"post","2":"type-post","3":"status-publish","4":"format-standard","5":"has-post-thumbnail","7":"category-zinas-no-arvalstim","8":"tag-aktualitates","9":"tag-arvalstim","10":"tag-asv-politika","11":"tag-breaking-news","12":"tag-breakingnews","13":"tag-donalds-tramps","14":"tag-featured-news","15":"tag-featurednews","16":"tag-headlines","17":"tag-kenedija-centrs","18":"tag-latest-news","19":"tag-latestnews","20":"tag-latvia","21":"tag-latvian","22":"tag-latviesu","23":"tag-latviesu-valoda","24":"tag-latviesuvaloda","25":"tag-latvija","26":"tag-lv","27":"tag-news","28":"tag-nosaukuma-maina","29":"tag-popularakas-zinas","30":"tag-popularakaszinas","31":"tag-top-stories","32":"tag-topstories","33":"tag-vasingtona","34":"tag-world","35":"tag-world-news","36":"tag-worldnews","37":"tag-zinas","38":"tag-zinas-no-arvalstim"},"share_on_mastodon":{"url":"","error":"Validation failed: Text character limit of 500 exceeded"},"_links":{"self":[{"href":"https:\/\/www.europesays.com\/lv\/wp-json\/wp\/v2\/posts\/84257","targetHints":{"allow":["GET"]}}],"collection":[{"href":"https:\/\/www.europesays.com\/lv\/wp-json\/wp\/v2\/posts"}],"about":[{"href":"https:\/\/www.europesays.com\/lv\/wp-json\/wp\/v2\/types\/post"}],"author":[{"embeddable":true,"href":"https:\/\/www.europesays.com\/lv\/wp-json\/wp\/v2\/users\/2"}],"replies":[{"embeddable":true,"href":"https:\/\/www.europesays.com\/lv\/wp-json\/wp\/v2\/comments?post=84257"}],"version-history":[{"count":0,"href":"https:\/\/www.europesays.com\/lv\/wp-json\/wp\/v2\/posts\/84257\/revisions"}],"wp:featuredmedia":[{"embeddable":true,"href":"https:\/\/www.europesays.com\/lv\/wp-json\/wp\/v2\/media\/84258"}],"wp:attachment":[{"href":"https:\/\/www.europesays.com\/lv\/wp-json\/wp\/v2\/media?parent=84257"}],"wp:term":[{"taxonomy":"category","embeddable":true,"href":"https:\/\/www.europesays.com\/lv\/wp-json\/wp\/v2\/categories?post=84257"},{"taxonomy":"post_tag","embeddable":true,"href":"https:\/\/www.europesays.com\/lv\/wp-json\/wp\/v2\/tags?post=84257"}],"curies":[{"name":"wp","href":"https:\/\/api.w.org\/{rel}","templated":true}]}}