{"id":84301,"date":"2025-12-23T15:03:18","date_gmt":"2025-12-23T15:03:18","guid":{"rendered":"https:\/\/www.europesays.com\/lv\/84301\/"},"modified":"2025-12-23T15:03:18","modified_gmt":"2025-12-23T15:03:18","slug":"sveices-soprans-regula-milemane-liepaja-izpildis-kleopatra-iedvesmotas-baroka-arijas-lente-lv","status":"publish","type":"post","link":"https:\/\/www.europesays.com\/lv\/84301\/","title":{"rendered":"\u0160veices sopr\u0101ns Regula M\u012blemane Liep\u0101j\u0101 izpild\u012bs Kleopatr\u0101 iedvesmotas baroka \u0101rijas\u00a0\u2014\u00a0Lente.lv"},"content":{"rendered":"<p>Kleopatras balss ien\u0101k \u201cLielaj\u0101 dzintar\u0101\u201d<\/p>\n<p>Sestdien, 24. janv\u0101r\u012b, plkst. 18.00 Liep\u0101jas koncertz\u0101l\u0113 &#8220;Lielais dzintars&#8221; b\u016bs \u012bpa\u0161s notikums m\u016bzikas cien\u012bt\u0101jiem. K\u0101 inform\u0113 port\u0101ls jauns.lv, klaus\u012bt\u0101ji var\u0113s baud\u012bt starptautiski atz\u012btas \u0161veicie\u0161u operzvaigznes Regulas M\u012blemanes un baroka or\u0137estra &#8220;La Folia Barockorchester&#8221; kop\u012bgo sniegumu, kas velt\u012bts sen\u0101s \u0113\u0123iptie\u0161u valdnieces Kleopatras iedvesmotaj\u0101m baroka \u0101rij\u0101m.<\/p>\n<p>Kleopatras t\u0113ls, kas vienm\u0113r fascin\u0113jis ar savu varen\u012bbu un sievi\u0161\u0137\u012bbu, cauri gadsimtiem kalpojis k\u0101 iedvesmas avots m\u0101ksliniekiem, un tie\u0161i baroka laikmeta interpret\u0101cijas \u0161aj\u0101 koncert\u0101 izcelsies ar \u012bpa\u0161u spo\u017eumu.<\/p>\n<p>Albuma \u201cCleopatra \u2013 Baroque Arias\u201d atspulgs uz skatuves<\/p>\n<p>Koncerta programma veidota no M\u012blemanes un &#8220;La Folia Barockorchester&#8221; kop\u012bgi rad\u012bt\u0101 albuma &#8220;Cleopatra \u2013 Baroque Arias&#8221;, kas izdots 2017. gad\u0101. \u0160is ieraksts nav palicis nepaman\u012bts \u2013 par to sopr\u0101ns 2018. gad\u0101 sa\u0146\u0113ma presti\u017eu balvu &#8220;Opuss Klassik&#8221; k\u0101 &#8220;Gada jaun\u0101 dzied\u0101t\u0101ja&#8221;.<\/p>\n<p>Programm\u0101 skan\u0113s ne tikai zin\u0101mas kompoz\u012bcijas, bet ar\u012b v\u0113rt\u012bgi atradumi no t\u0101diem baroka di\u017egariem k\u0101 Alesandro Skarlati, D\u017eovanni Legrenci un Antonio Vivaldi dai\u013crades. Viens no centr\u0101lajiem punktiem b\u016bs Georga Fr\u012bdriha Hende\u013ca un Johana Adolfa Hases ska\u0146darbi.<\/p>\n<p>Kritikas atzin\u012bba un sopr\u0101na talants<\/p>\n<p>Regula M\u012blemane, kura dzimusi 1986. gad\u0101 Adligenzvile, \u0160veic\u0113, tiek uzskat\u012bta par vienu no spilgt\u0101kaj\u0101m savas paaudzes operas un koncertm\u0101ksliniec\u0113m. Vi\u0146a ir ieguvusi pla\u0161u atzin\u012bbu ar savu &#8220;krist\u0101ldzidro balsi un juteklisko interpret\u0101ciju&#8221;.<\/p>\n<blockquote><p> &#8220;M\u012blemanes \u0161\u0137ietami bezpiep\u016bles virtuozit\u0101te izcili izpau\u017eas Grauna \u0101rij\u0101 \u201cTra le procelle assorto\u201d, savuk\u0101rt vi\u0146as melodisk\u0101 dzied\u0101\u0161ana Hende\u013ca ska\u0146darb\u0101 \u201cSe piet\u00e0\u201d ir tikpat dzi\u013ci aizkustino\u0161a k\u0101 jebkurai no izcil\u0101kajiem sopr\u0101niem, kas \u0161o ska\u0146darbu ierakst\u012bju\u0161as.\u201d <\/p><\/blockquote>\n<p>M\u016bzikas izdevums Gramophone Magazine uzsv\u0113ris vi\u0146as tehnisko meistar\u012bbu, bet BBC Music Magazine atzinis, ka &#8220;M\u012blemane liek visam izklaus\u012bties viegli. Ta\u010du t\u0101 nav tikai virtuozit\u0101te \u2013 vi\u0146as balss skaistums sp\u0113j apst\u0101din\u0101t mirkli.&#8221;<\/p>\n<p>Or\u0137estris un starptautisk\u0101 sadarb\u012bba<\/p>\n<p>&#8220;La Folia Barockorchester&#8221; ir starptautiski paz\u012bstams ansamblis, kas dibin\u0101ts 2007. gad\u0101 un cen\u0161as atdz\u012bvin\u0101t 17. un 18. gadsimta m\u016bziku uz v\u0113sturiskiem instrumentiem. Or\u0137estri vada koncertmeistars Robins P\u012bters M\u012bllers, un sadarb\u012bbas ar M\u012blemani tiek raksturotas k\u0101 dinamiskas un aizraujo\u0161as.<\/p>\n<p>M\u012blemane regul\u0101ri uzst\u0101jas pasaules vado\u0161aj\u0101s opernamos, tostarp V\u012bnes Valsts oper\u0101, Berl\u012bnes Valsts oper\u0101 un &#8220;Teatro alla Scala&#8221;, k\u0101 ar\u012b piedal\u012bjusies Zalcburgas festiv\u0101l\u0101. \u0160is koncerts Liep\u0101j\u0101 ir da\u013ca no sopr\u0101nes akt\u012bv\u0101s koncertdarb\u012bbas, kas apliecina vi\u0146as statusu k\u0101 vienai no savas paaudzes noz\u012bm\u012bg\u0101kaj\u0101m bals\u012bm.<\/p>\n","protected":false},"excerpt":{"rendered":"Kleopatras balss ien\u0101k \u201cLielaj\u0101 dzintar\u0101\u201d Sestdien, 24. janv\u0101r\u012b, plkst. 18.00 Liep\u0101jas koncertz\u0101l\u0113 &#8220;Lielais dzintars&#8221; b\u016bs \u012bpa\u0161s notikums m\u016bzikas&hellip;\n","protected":false},"author":2,"featured_media":84302,"comment_status":"","ping_status":"","sticky":false,"template":"","format":"standard","meta":{"footnotes":""},"categories":[19],"tags":[21288,89,90,21165,21164,35,39,38,36,37,34,21287,40,21163],"class_list":{"0":"post-84301","1":"post","2":"type-post","3":"status-publish","4":"format-standard","5":"has-post-thumbnail","7":"category-izklaide","8":"tag-baroka-arijas","9":"tag-entertainment","10":"tag-izklaide","11":"tag-kleopatra","12":"tag-la-folia-barockorchester","13":"tag-latvia","14":"tag-latvian","15":"tag-latviesu","16":"tag-latviesu-valoda","17":"tag-latviesuvaloda","18":"tag-latvija","19":"tag-liepaja-lielais-dzintars","20":"tag-lv","21":"tag-regula-milemane"},"share_on_mastodon":{"url":"https:\/\/pubeurope.com\/@lv\/115769494984349341","error":""},"_links":{"self":[{"href":"https:\/\/www.europesays.com\/lv\/wp-json\/wp\/v2\/posts\/84301","targetHints":{"allow":["GET"]}}],"collection":[{"href":"https:\/\/www.europesays.com\/lv\/wp-json\/wp\/v2\/posts"}],"about":[{"href":"https:\/\/www.europesays.com\/lv\/wp-json\/wp\/v2\/types\/post"}],"author":[{"embeddable":true,"href":"https:\/\/www.europesays.com\/lv\/wp-json\/wp\/v2\/users\/2"}],"replies":[{"embeddable":true,"href":"https:\/\/www.europesays.com\/lv\/wp-json\/wp\/v2\/comments?post=84301"}],"version-history":[{"count":0,"href":"https:\/\/www.europesays.com\/lv\/wp-json\/wp\/v2\/posts\/84301\/revisions"}],"wp:featuredmedia":[{"embeddable":true,"href":"https:\/\/www.europesays.com\/lv\/wp-json\/wp\/v2\/media\/84302"}],"wp:attachment":[{"href":"https:\/\/www.europesays.com\/lv\/wp-json\/wp\/v2\/media?parent=84301"}],"wp:term":[{"taxonomy":"category","embeddable":true,"href":"https:\/\/www.europesays.com\/lv\/wp-json\/wp\/v2\/categories?post=84301"},{"taxonomy":"post_tag","embeddable":true,"href":"https:\/\/www.europesays.com\/lv\/wp-json\/wp\/v2\/tags?post=84301"}],"curies":[{"name":"wp","href":"https:\/\/api.w.org\/{rel}","templated":true}]}}