{"id":84303,"date":"2025-12-23T15:04:08","date_gmt":"2025-12-23T15:04:08","guid":{"rendered":"https:\/\/www.europesays.com\/lv\/84303\/"},"modified":"2025-12-23T15:04:08","modified_gmt":"2025-12-23T15:04:08","slug":"liverpool-divus-menesus-bus-jaiztiek-bez-uzbruceja-isaka","status":"publish","type":"post","link":"https:\/\/www.europesays.com\/lv\/84303\/","title":{"rendered":"\u201cLiverpool\u201d divus m\u0113ne\u0161us b\u016bs j\u0101iztiek bez uzbruc\u0113ja \u012asaka"},"content":{"rendered":"<p>Tiek v\u0113st\u012bts, ka pot\u012btes oper\u0101cija \u012asakam veikta pirmdien, bet vi\u0146a atlab\u0161anas laiks var\u0113tu b\u016bt aptuveni divi m\u0113ne\u0161i.<\/p>\n<p>\u0160aj\u0101 sezon\u0101 \u012asaks \u201cLiverpool\u201d krekl\u0101 Premjerl\u012bg\u0101 desmit ma\u010dos guva divus v\u0101rtus, bet kopum\u0101 visos turn\u012bros vi\u0146am 16 sp\u0113l\u0113s tr\u012bs prec\u012bzi sitieni.<\/p>\n<p>P\u0113d\u0113j\u0101s tr\u012bs sezonas \u012asaks \u0146\u016bk\u0101slie\u0161u rind\u0101s premjerl\u012bg\u0101 guva attiec\u012bgi desmit, 21 un 23 v\u0101rtus, bet pirms tam sp\u0113l\u0113ja sp\u0101\u0146u klub\u0101 Sansevastjanas \u201cReal Sociedad\u201d, N\u012bderlandes vien\u012bb\u0101 \u201cWillem II\u201d, V\u0101cijas komand\u0101 Dortmundes \u201cBorussia\u201d un pa\u0161m\u0101ju Solnas AIK.<\/p>\n<p>Zviedrijas valstsvien\u012bb\u0101 \u012asaks kop\u0161 2017. gada aizvad\u012bjis 56 sp\u0113les un guvis 16 v\u0101rtus.<\/p>\n<p>\u201cLiverpool\u201d ar 29 punktiem 17 sp\u0113l\u0113s Premjerl\u012bg\u0101 atrodas piektaj\u0101 poz\u012bcij\u0101, bet UEFA \u010cempionu l\u012bg\u0101 ar 12 punktiem se\u0161\u0101s sp\u0113l\u0113s ir dev\u012btie.<\/p>\n<p>Skaties Anglijas Premjerl\u012bgas sp\u0113les <a href=\"https:\/\/go3.lv\/categories\/premierleague,category-6886315?utm_source=tv3.lv&amp;utm_medium=local&amp;utm_campaign=premierleague\" target=\"_blank\" rel=\"noopener nofollow\">Go3 telev\u012bzij\u0101<\/a>!<\/p>\n<p class=\"tv3-fw-500\">Zi\u0146o par k\u013c\u016bdu rakst\u0101<\/p>\n<p class=\"d-md-block d-none\">Iez\u012bm\u0113 k\u013c\u016bdaino tekstu un spied Ctrl+Enter.<\/p>\n<p class=\"d-md-none d-block\">Iez\u012bm\u0113 k\u013c\u016bdaino tekstu un zi\u0146o par to!<\/p>\n","protected":false},"excerpt":{"rendered":"Tiek v\u0113st\u012bts, ka pot\u012btes oper\u0101cija \u012asakam veikta pirmdien, bet vi\u0146a atlab\u0161anas laiks var\u0113tu b\u016bt aptuveni divi m\u0113ne\u0161i. \u0160aj\u0101&hellip;\n","protected":false},"author":2,"featured_media":84304,"comment_status":"","ping_status":"","sticky":false,"template":"","format":"standard","meta":{"footnotes":""},"categories":[17],"tags":[21289,35,39,38,36,37,34,40,67],"class_list":{"0":"post-84303","1":"post","2":"type-post","3":"status-publish","4":"format-standard","5":"has-post-thumbnail","7":"category-sports","8":"tag-anglijas-premjerligafc-liverpool","9":"tag-latvia","10":"tag-latvian","11":"tag-latviesu","12":"tag-latviesu-valoda","13":"tag-latviesuvaloda","14":"tag-latvija","15":"tag-lv","16":"tag-sports"},"share_on_mastodon":{"url":"https:\/\/pubeurope.com\/@lv\/115769498835144867","error":""},"_links":{"self":[{"href":"https:\/\/www.europesays.com\/lv\/wp-json\/wp\/v2\/posts\/84303","targetHints":{"allow":["GET"]}}],"collection":[{"href":"https:\/\/www.europesays.com\/lv\/wp-json\/wp\/v2\/posts"}],"about":[{"href":"https:\/\/www.europesays.com\/lv\/wp-json\/wp\/v2\/types\/post"}],"author":[{"embeddable":true,"href":"https:\/\/www.europesays.com\/lv\/wp-json\/wp\/v2\/users\/2"}],"replies":[{"embeddable":true,"href":"https:\/\/www.europesays.com\/lv\/wp-json\/wp\/v2\/comments?post=84303"}],"version-history":[{"count":0,"href":"https:\/\/www.europesays.com\/lv\/wp-json\/wp\/v2\/posts\/84303\/revisions"}],"wp:featuredmedia":[{"embeddable":true,"href":"https:\/\/www.europesays.com\/lv\/wp-json\/wp\/v2\/media\/84304"}],"wp:attachment":[{"href":"https:\/\/www.europesays.com\/lv\/wp-json\/wp\/v2\/media?parent=84303"}],"wp:term":[{"taxonomy":"category","embeddable":true,"href":"https:\/\/www.europesays.com\/lv\/wp-json\/wp\/v2\/categories?post=84303"},{"taxonomy":"post_tag","embeddable":true,"href":"https:\/\/www.europesays.com\/lv\/wp-json\/wp\/v2\/tags?post=84303"}],"curies":[{"name":"wp","href":"https:\/\/api.w.org\/{rel}","templated":true}]}}