{"id":84326,"date":"2025-12-23T15:44:08","date_gmt":"2025-12-23T15:44:08","guid":{"rendered":"https:\/\/www.europesays.com\/lv\/84326\/"},"modified":"2025-12-23T15:44:08","modified_gmt":"2025-12-23T15:44:08","slug":"gripas-intensitate-parsniegusi-pedejo-piecu-sezonu-maksimalo-raditaju","status":"publish","type":"post","link":"https:\/\/www.europesays.com\/lv\/84326\/","title":{"rendered":"Gripas intensit\u0101te p\u0101rsniegusi p\u0113d\u0113jo piecu sezonu maksim\u0101lo r\u0101d\u012bt\u0101ju"},"content":{"rendered":"<p>SPKC nor\u0101da, ka ar\u012b Eirop\u0101 gripas izplat\u012bba turpina palielin\u0101ties. Pasaules vesel\u012bbas organiz\u0101cijas (PVO) Eiropas re\u0123iona uzraudz\u012bbas dati liecina, ka paaugstin\u0101ti gripas un ak\u016btu elpce\u013cu infekciju r\u0101d\u012bt\u0101ji nov\u0113roti liel\u0101kaj\u0101 da\u013c\u0101 valstu, un vair\u0101k nek\u0101 div\u0101s tre\u0161da\u013c\u0101s zi\u0146ojo\u0161o valstu gripas intensit\u0101te ir vid\u0113ja vai augsta.<\/p>\n<p>Domin\u0113jo\u0161ais cirkul\u0113jo\u0161ais v\u012bruss Eirop\u0101 ir A(H3N2), un augst\u0101kais pozit\u012bvo testu \u012bpatsvars tiek konstat\u0113ts b\u0113rniem vecum\u0101 no 5 l\u012bdz 14 gadiem, k\u0101 ar\u012b pieaug stacion\u0113to pacientu skaits senioru vid\u016b.<\/p>\n<p>Gripa smag\u0101k norit senioriem, cilv\u0113kiem ar hronisk\u0101m saslim\u0161an\u0101m, gr\u016btniec\u0113m un maziem b\u0113rniem.<\/p>\n<p>SPKC atg\u0101dina, ka vakcin\u0101cija pret gripu joproj\u0101m ir visefekt\u012bv\u0101kais veids, k\u0101 pasarg\u0101t sevi no smagas slim\u012bbas gaitas un komplik\u0101cij\u0101m. \u0145emot v\u0113r\u0101, ka imunit\u0101te veidojas 10 l\u012bdz 14 dienu laik\u0101 un gripas izplat\u012bba parasti turpin\u0101s l\u012bdz pavasarim, vakcin\u0113ties ir lietder\u012bgi ar\u012b epid\u0113mijas laik\u0101, nor\u0101da centr\u0101.<\/p>\n<p>SPKC t\u012bmek\u013cvietn\u0113 pieejams saraksts ar \u0101rstniec\u012bbas iest\u0101d\u0113m, kur riska grupu pacienti var sa\u0146emt valsts apmaks\u0101tu vakcin\u0101ciju pret gripu, ja pacienta \u0123imenes \u0101rsta praks\u0113 vakc\u012bnas vairs nav pieejamas.<\/p>\n<p>Nacion\u0101lais vesel\u012bbas dienests atg\u0101dina, ka gripas epid\u0113mijas laik\u0101 no valsts bud\u017eeta l\u012bdzek\u013ciem tiek apmaks\u0101tas \u0123imenes \u0101rstu m\u0101jas viz\u012btes pie gripas slimniekiem, ja pacients dz\u012bvo \u0101rsta pamatdarb\u012bbas teritorij\u0101. Pacientam par viz\u012bti j\u0101maks\u0101 valst\u012b noteikt\u0101 pacienta iemaksa &#8211; 2,85 eiro.<\/p>\n","protected":false},"excerpt":{"rendered":"SPKC nor\u0101da, ka ar\u012b Eirop\u0101 gripas izplat\u012bba turpina palielin\u0101ties. Pasaules vesel\u012bbas organiz\u0101cijas (PVO) Eiropas re\u0123iona uzraudz\u012bbas dati liecina,&hellip;\n","protected":false},"author":2,"featured_media":84327,"comment_status":"","ping_status":"","sticky":false,"template":"","format":"standard","meta":{"footnotes":""},"categories":[5],"tags":[23,28,29,32,33,5657,5659,5658,22,30,31,35,39,38,36,37,34,40,20,26,27,24,25,21],"class_list":{"0":"post-84326","1":"post","2":"type-post","3":"status-publish","4":"format-standard","5":"has-post-thumbnail","7":"category-aktualitates","8":"tag-aktualitates","9":"tag-breaking-news","10":"tag-breakingnews","11":"tag-featured-news","12":"tag-featurednews","13":"tag-gripa","14":"tag-gripa-un-saaukstesanas","15":"tag-gripas-laiks","16":"tag-headlines","17":"tag-latest-news","18":"tag-latestnews","19":"tag-latvia","20":"tag-latvian","21":"tag-latviesu","22":"tag-latviesu-valoda","23":"tag-latviesuvaloda","24":"tag-latvija","25":"tag-lv","26":"tag-news","27":"tag-popularakas-zinas","28":"tag-popularakaszinas","29":"tag-top-stories","30":"tag-topstories","31":"tag-zinas"},"share_on_mastodon":{"url":"https:\/\/pubeurope.com\/@lv\/115769656134355122","error":""},"_links":{"self":[{"href":"https:\/\/www.europesays.com\/lv\/wp-json\/wp\/v2\/posts\/84326","targetHints":{"allow":["GET"]}}],"collection":[{"href":"https:\/\/www.europesays.com\/lv\/wp-json\/wp\/v2\/posts"}],"about":[{"href":"https:\/\/www.europesays.com\/lv\/wp-json\/wp\/v2\/types\/post"}],"author":[{"embeddable":true,"href":"https:\/\/www.europesays.com\/lv\/wp-json\/wp\/v2\/users\/2"}],"replies":[{"embeddable":true,"href":"https:\/\/www.europesays.com\/lv\/wp-json\/wp\/v2\/comments?post=84326"}],"version-history":[{"count":0,"href":"https:\/\/www.europesays.com\/lv\/wp-json\/wp\/v2\/posts\/84326\/revisions"}],"wp:featuredmedia":[{"embeddable":true,"href":"https:\/\/www.europesays.com\/lv\/wp-json\/wp\/v2\/media\/84327"}],"wp:attachment":[{"href":"https:\/\/www.europesays.com\/lv\/wp-json\/wp\/v2\/media?parent=84326"}],"wp:term":[{"taxonomy":"category","embeddable":true,"href":"https:\/\/www.europesays.com\/lv\/wp-json\/wp\/v2\/categories?post=84326"},{"taxonomy":"post_tag","embeddable":true,"href":"https:\/\/www.europesays.com\/lv\/wp-json\/wp\/v2\/tags?post=84326"}],"curies":[{"name":"wp","href":"https:\/\/api.w.org\/{rel}","templated":true}]}}