{"id":84391,"date":"2025-12-23T16:51:13","date_gmt":"2025-12-23T16:51:13","guid":{"rendered":"https:\/\/www.europesays.com\/lv\/84391\/"},"modified":"2025-12-23T16:51:13","modified_gmt":"2025-12-23T16:51:13","slug":"ventspili-ziemassvetku-koncerta-ziemassvetku-vizijas-piedzivos-erika-esenvalda-jaunaka-opusa-pasaules-pirmatskanojumu-lente-lv-2","status":"publish","type":"post","link":"https:\/\/www.europesays.com\/lv\/84391\/","title":{"rendered":"Ventspil\u012b Ziemassv\u0113tku koncert\u0101 \u201cZiemassv\u0113tku v\u012bzijas\u201d piedz\u012bvos \u0112rika E\u0161envalda jaun\u0101k\u0101 opusa pasaules pirmatska\u0146ojumu\u00a0\u2014\u00a0Lente.lv"},"content":{"rendered":"<p>Ziemassv\u0113tku kult\u016bras notikums Ventspil\u012b<\/p>\n<p>Koncertz\u0101le \u201cLatvija\u201d Ventspil\u012b k\u013c\u016bs par notikumu epicentru, kur\u0101 piektdien, 26. decembr\u012b, pulksten 16:00 izskan\u0113s \u012bpa\u0161a un sirsn\u012bga sv\u0113tku programma ar nosaukumu \u201cZiemassv\u0113tku v\u012bzijas\u201d. \u0160is pas\u0101kums sola apmekl\u0113t\u0101jiem neaizmirstamu muzik\u0101lu pieredzi, apvienojot izcilus m\u016bzi\u0137us, latvie\u0161u ori\u0123in\u0101lm\u016bziku un tradicion\u0101lu Ziemassv\u0113tku noska\u0146u.<\/p>\n<p>Koncerta \u012bpa\u0161ais un gaid\u012btais akcents b\u016bs starptautiski atz\u012bta latvie\u0161u komponista \u0112rika E\u0161envalda jaun\u0101k\u0101 opusa pasaules pirmatska\u0146ojums. \u0160is notikums iez\u012bm\u0113 noz\u012bm\u012bgu mirkli gan Latvijas, gan starptautiskaj\u0101 m\u016bzikas ainav\u0101. Paredzams, ka tie\u0161raide no koncerta skan\u0113s ar\u012b Latvijas Radio 3 \u201cKlasika\u201d, \u013caujot sv\u0113tku saj\u016btu baud\u012bt pla\u0161\u0101kam klaus\u012bt\u0101ju lokam vis\u0101 valst\u012b.<\/p>\n<p>Starptautiskie m\u0101kslinieki un instrumentu sp\u0113ks<\/p>\n<p>Uz skatuves satiksies izcili izpild\u012bt\u0101ji. Koncert\u0101 piedal\u012bsies fran\u010du sopr\u0101ns Per\u012bna Madefa (Perrine Madoeuf), kura ar savu kolor\u012bto vok\u0101lu papildin\u0101s ska\u0146darbu emocion\u0101lo dzi\u013cumu. Vi\u0146ai pievienosies talant\u012bg\u0101 latvie\u0161u \u0113r\u0123elniece Liene Andreta Kalnciema un saksofonists Oskars Petrauskis. \u0160ie tr\u012bs m\u0101kslinieki jau iepriek\u0161 ir sadarboju\u0161ies ar E\u0161envaldu, un vi\u0146u sniegum\u0101 tiks atkl\u0101ta komponista m\u016bzika saksofonam, balsij un \u0113r\u0123el\u0113m.<\/p>\n<p>\u012apa\u0161a loma \u0161aj\u0101 programm\u0101 ir Ventspils koncertz\u0101les \u201cLatvija\u201d majest\u0101tiskaj\u0101m \u0113r\u0123el\u0113m. \u0160is instruments tiek uzskat\u012bts par vienu no iev\u0113rojam\u0101kajiem Eirop\u0101, jo sp\u0113j apvienot baroka laika smalkumu ar m\u016bsdienu tehnolo\u0123ij\u0101m un pla\u0161u ska\u0146as daudzveid\u012bbu. Lienes Andretas Kalnciemas meistar\u012bg\u0101 sp\u0113le \u013caus \u0113r\u0123el\u0113m ie\u0161\u016bpoties no maigas Ziemassv\u0113tku lirikas l\u012bdz pat jaud\u012bgiem, pla\u0161iem to\u0146iem.<\/p>\n<p>E\u0161envalda jaunais opuss un Verl\u0113na po\u0113zija<\/p>\n<p>K\u0101 zi\u0146o avoti, \u0112rika E\u0161envalda jaun\u0101kais ska\u0146darbs, kas piedz\u012bvos pirmatska\u0146ojumu, ir dziesmu cikls. \u0160is darbs ir rad\u012bts \u012bpa\u0161i \u0161im muzik\u0101lajam ansamblim. Teksta pamat\u0101 ir izmantota fran\u010du simbolisma meistara Pola Verl\u0113na dzeja. \u0160\u0101da liter\u0101r\u0101 un muzik\u0101l\u0101 savien\u012bba sniedz pamatu gaid\u012bt dzi\u013cu un nians\u0113tu m\u0101ksliniecisku interpret\u0101ciju, kas rezon\u0113s ar sv\u0113tku laikam rakstur\u012bgo noska\u0146u.<\/p>\n<p>Saksofonists Oskars Petrauskis atkl\u0101jis, ka koncerts Ventspil\u012b b\u016bs ar\u012b vi\u0146a nesen izdot\u0101 albuma ofici\u0101l\u0101s ieskandin\u0101\u0161anas pas\u0101kums, kur\u0101 skan\u0113s liela da\u013ca no \u0161aj\u0101 ierakst\u0101 iem\u016b\u017ein\u0101t\u0101s m\u016bzikas, tostarp E\u0161envalda kompoz\u012bcijas, kas rad\u012btas tie\u0161i \u0161iem m\u016bzi\u0137iem.<\/p>\n<p>Programmas daudzveid\u012bba un organizatoriskais atbalsts<\/p>\n<p>Programma \u201cZiemassv\u0113tku v\u012bzijas\u201d pied\u0101v\u0101s ne tikai E\u0161envalda jaunumus. Skat\u012bt\u0101ji var\u0113s baud\u012bt ar\u012b skaistas Ziemassv\u0113tku kor\u0101\u013cu apdares, ko rad\u012bjis Raimonds Petrauskis, \u012bpa\u0161i saksofonam un \u0113r\u0123el\u0113m. \u0160\u012b kombin\u0101cija sol\u0101s rad\u012bt \u012bpa\u0161u sv\u0113tku atmosf\u0113ru, apvienojot gar\u012bgo un emocion\u0101lo l\u0101di\u0146u.<\/p>\n<p>Pas\u0101kumu organiz\u0113 SIA \u201cKurzemes filharmonija\u201d ar noz\u012bm\u012bgu atbalstu no Ventspils valstspils\u0113tas pa\u0161vald\u012bbas un Valsts kult\u016brkapit\u0101la fonda. Bi\u013cetes uz koncertu ir pieejamas \u201cBi\u013ce\u0161u Parad\u012bzes\u201d tirdzniec\u012bbas viet\u0101s, k\u0101 ar\u012b stundu pirms pas\u0101kuma koncertz\u0101les \u201cLatvija\u201d kas\u0113.<\/p>\n<p>P\u0113c koncerta Ventspil\u012b sv\u0113tku programma turpin\u0101sies ar citiem notikumiem, ta\u010du \u201cZiemassv\u0113tku v\u012bzijas\u201d ar E\u0161envalda pirmatska\u0146ojumu \u0161\u0137ietams k\u0101 viens no p\u0113d\u0113j\u0101 gada kult\u016bras noz\u012bm\u012bg\u0101kajiem notikumiem pils\u0113t\u0101.<\/p>\n","protected":false},"excerpt":{"rendered":"Ziemassv\u0113tku kult\u016bras notikums Ventspil\u012b Koncertz\u0101le \u201cLatvija\u201d Ventspil\u012b k\u013c\u016bs par notikumu epicentru, kur\u0101 piektdien, 26. decembr\u012b, pulksten 16:00 izskan\u0113s&hellip;\n","protected":false},"author":2,"featured_media":84195,"comment_status":"","ping_status":"","sticky":false,"template":"","format":"standard","meta":{"footnotes":""},"categories":[19],"tags":[89,1380,90,21263,35,39,38,36,37,34,40,21265,21264,21262],"class_list":{"0":"post-84391","1":"post","2":"type-post","3":"status-publish","4":"format-standard","5":"has-post-thumbnail","7":"category-izklaide","8":"tag-entertainment","9":"tag-eriks-esenvalds","10":"tag-izklaide","11":"tag-koncertzale-latvija","12":"tag-latvia","13":"tag-latvian","14":"tag-latviesu","15":"tag-latviesu-valoda","16":"tag-latviesuvaloda","17":"tag-latvija","18":"tag-lv","19":"tag-perina-madefa","20":"tag-pirmatskanojums","21":"tag-ziemassvetku-vizijas"},"share_on_mastodon":{"url":"https:\/\/pubeurope.com\/@lv\/115769919967631968","error":""},"_links":{"self":[{"href":"https:\/\/www.europesays.com\/lv\/wp-json\/wp\/v2\/posts\/84391","targetHints":{"allow":["GET"]}}],"collection":[{"href":"https:\/\/www.europesays.com\/lv\/wp-json\/wp\/v2\/posts"}],"about":[{"href":"https:\/\/www.europesays.com\/lv\/wp-json\/wp\/v2\/types\/post"}],"author":[{"embeddable":true,"href":"https:\/\/www.europesays.com\/lv\/wp-json\/wp\/v2\/users\/2"}],"replies":[{"embeddable":true,"href":"https:\/\/www.europesays.com\/lv\/wp-json\/wp\/v2\/comments?post=84391"}],"version-history":[{"count":0,"href":"https:\/\/www.europesays.com\/lv\/wp-json\/wp\/v2\/posts\/84391\/revisions"}],"wp:featuredmedia":[{"embeddable":true,"href":"https:\/\/www.europesays.com\/lv\/wp-json\/wp\/v2\/media\/84195"}],"wp:attachment":[{"href":"https:\/\/www.europesays.com\/lv\/wp-json\/wp\/v2\/media?parent=84391"}],"wp:term":[{"taxonomy":"category","embeddable":true,"href":"https:\/\/www.europesays.com\/lv\/wp-json\/wp\/v2\/categories?post=84391"},{"taxonomy":"post_tag","embeddable":true,"href":"https:\/\/www.europesays.com\/lv\/wp-json\/wp\/v2\/tags?post=84391"}],"curies":[{"name":"wp","href":"https:\/\/api.w.org\/{rel}","templated":true}]}}