{"id":84418,"date":"2025-12-23T17:40:09","date_gmt":"2025-12-23T17:40:09","guid":{"rendered":"https:\/\/www.europesays.com\/lv\/84418\/"},"modified":"2025-12-23T17:40:09","modified_gmt":"2025-12-23T17:40:09","slug":"soks-biatlona-pasaulei-miris-norvegijas-izlases-sportists","status":"publish","type":"post","link":"https:\/\/www.europesays.com\/lv\/84418\/","title":{"rendered":"\u0160oks biatlona pasaulei &#8211; miris Norv\u0113\u0123ijas izlases sportists"},"content":{"rendered":"<p>                                <img decoding=\"async\" src=\"https:\/\/www.europesays.com\/lv\/wp-content\/uploads\/2025\/12\/sivets-bakens-sportazinas-com-750x450.jpeg\"   alt=\"S\u012bverts Gutorms Bakens\" class=\"post-featured-image\"\/><\/p>\n<p>S\u012bverts Gutorms Bakens | Foto: Nordic Focus<\/p>\n<p>Pirmdien It\u0101lij\u0101 27 gadu vecum\u0101 miris Norv\u0113\u0123ijas izlases biatlonists S\u012bverts Gutorms Bakens, v\u0113sta Norv\u0113\u0123ijas raidsabiedr\u012bba NRK.<\/p>\n<p>Bakens tika atrasts miris sav\u0101 viesn\u012bcas istab\u0101, bet vi\u0146a n\u0101ves iemesls \u0161obr\u012bd nav zin\u0101ms.<\/p>\n<p>V\u0113l pag\u0101ju\u0161aj\u0101 ned\u0113\u013c\u0101 Bakens Francij\u0101 start\u0113ja Pasaules kausa posm\u0101, sprint\u0101 izc\u012bnot piekto vietu, iedz\u012b\u0161an\u0101 \u2013 18., bet sacens\u012bb\u0101s ar kop\u0113ju startu vi\u0146\u0161 fini\u0161\u0113ja 20. poz\u012bcij\u0101. P\u0113c tam Bakens ar komandas biedriem dev\u0101s uz treni\u0146nometni augstkaln\u0113.<\/p>\n<p>Savu vien\u012bgo uzvaru Pasaules kausa sacens\u012bb\u0101s vi\u0146\u0161 izc\u012bn\u012bja 2022. gad\u0101 Holmenkollen\u0113, fini\u0161\u0113jot pirmais sacens\u012bb\u0101s ar kop\u0113ju startu. \u0160is pan\u0101kums vi\u0146am deva ar\u012b Mazo krist\u0101la globusu. \u0160ogad Eiropas \u010dempion\u0101t\u0101 Bakens izc\u012bn\u012bja divas zelta meda\u013cas, uzvarot sprint\u0101 un ar\u012b p\u0101ru stafet\u0113.<\/p>\n<blockquote class=\"twitter-tweet\" data-width=\"500\" data-dnt=\"true\">\n<p lang=\"en\" dir=\"ltr\">We are lost for words at the news of Sivert Bakken&#8217;s sudden passing \u2013 our thoughts are with his family, friends, teammates and everyone close to him during this difficult time.<\/p>\n<p>Hvil i fred, Sivert \ud83e\udd0d <a href=\"https:\/\/t.co\/p3x16xjAfO\" rel=\"nofollow\">pic.twitter.com\/p3x16xjAfO<\/a><\/p>\n<p>\u2014 International Biathlon Union (@biathlonworld) <a href=\"https:\/\/twitter.com\/biathlonworld\/status\/2003511324408692795?ref_src=twsrc%5Etfw\" rel=\"nofollow noopener\" target=\"_blank\">December 23, 2025<\/a><\/p><\/blockquote>\n<p>                    <script async src=\"https:\/\/platform.twitter.com\/widgets.js\" charset=\"utf-8\"><\/script><\/p>\n","protected":false},"excerpt":{"rendered":"S\u012bverts Gutorms Bakens | Foto: Nordic Focus Pirmdien It\u0101lij\u0101 27 gadu vecum\u0101 miris Norv\u0113\u0123ijas izlases biatlonists S\u012bverts Gutorms&hellip;\n","protected":false},"author":2,"featured_media":84419,"comment_status":"","ping_status":"","sticky":false,"template":"","format":"standard","meta":{"footnotes":""},"categories":[17],"tags":[35,39,38,36,37,34,40,67],"class_list":{"0":"post-84418","1":"post","2":"type-post","3":"status-publish","4":"format-standard","5":"has-post-thumbnail","7":"category-sports","8":"tag-latvia","9":"tag-latvian","10":"tag-latviesu","11":"tag-latviesu-valoda","12":"tag-latviesuvaloda","13":"tag-latvija","14":"tag-lv","15":"tag-sports"},"share_on_mastodon":{"url":"https:\/\/pubeurope.com\/@lv\/115770112375291956","error":""},"_links":{"self":[{"href":"https:\/\/www.europesays.com\/lv\/wp-json\/wp\/v2\/posts\/84418","targetHints":{"allow":["GET"]}}],"collection":[{"href":"https:\/\/www.europesays.com\/lv\/wp-json\/wp\/v2\/posts"}],"about":[{"href":"https:\/\/www.europesays.com\/lv\/wp-json\/wp\/v2\/types\/post"}],"author":[{"embeddable":true,"href":"https:\/\/www.europesays.com\/lv\/wp-json\/wp\/v2\/users\/2"}],"replies":[{"embeddable":true,"href":"https:\/\/www.europesays.com\/lv\/wp-json\/wp\/v2\/comments?post=84418"}],"version-history":[{"count":0,"href":"https:\/\/www.europesays.com\/lv\/wp-json\/wp\/v2\/posts\/84418\/revisions"}],"wp:featuredmedia":[{"embeddable":true,"href":"https:\/\/www.europesays.com\/lv\/wp-json\/wp\/v2\/media\/84419"}],"wp:attachment":[{"href":"https:\/\/www.europesays.com\/lv\/wp-json\/wp\/v2\/media?parent=84418"}],"wp:term":[{"taxonomy":"category","embeddable":true,"href":"https:\/\/www.europesays.com\/lv\/wp-json\/wp\/v2\/categories?post=84418"},{"taxonomy":"post_tag","embeddable":true,"href":"https:\/\/www.europesays.com\/lv\/wp-json\/wp\/v2\/tags?post=84418"}],"curies":[{"name":"wp","href":"https:\/\/api.w.org\/{rel}","templated":true}]}}