{"id":84420,"date":"2025-12-23T17:46:08","date_gmt":"2025-12-23T17:46:08","guid":{"rendered":"https:\/\/www.europesays.com\/lv\/84420\/"},"modified":"2025-12-23T17:46:08","modified_gmt":"2025-12-23T17:46:08","slug":"viens-no-labakajiem-norvegijas-izlases-biatlonistiem-bakens-atrasts-miris-raksts","status":"publish","type":"post","link":"https:\/\/www.europesays.com\/lv\/84420\/","title":{"rendered":"Viens no lab\u0101kajiem Norv\u0113\u0123ijas izlases biatlonistiem Bakens atrasts miris \/ Raksts"},"content":{"rendered":"<p>Pirmdien It\u0101lij\u0101 27 gadu vecum\u0101 miris Norv\u0113\u0123ijas izlases biatlonists S\u012bverts Gutorms Bakens, v\u0113sta Norv\u0113\u0123ijas raidsabiedr\u012bba NRK.<\/p>\n<p>Bakens tika atrasts miris sav\u0101 viesn\u012bcas istab\u0101, bet vi\u0146a n\u0101ves iemesls \u0161obr\u012bd nav zin\u0101ms. Sportista n\u0101ves apst\u0101k\u013cus izmekl\u0113 It\u0101lijas policija.\u00a0<\/p>\n<p>V\u0113l pag\u0101ju\u0161aj\u0101 ned\u0113\u013c\u0101 Bakens Francij\u0101 start\u0113ja Pasaules kausa posm\u0101, sprint\u0101 izc\u012bnot piekto vietu, iedz\u012b\u0161an\u0101 &#8211; 18., bet sacens\u012bb\u0101s ar kop\u0113ju startu vi\u0146\u0161 fini\u0161\u0113ja 20. poz\u012bcij\u0101. P\u0113c tam Bakens ar komandas biedriem dev\u0101s uz treni\u0146nometni augstkaln\u0113.<\/p>\n<p>Biatlonista gaitas nosl\u0113gu\u0161ais titul\u0113tais norv\u0113\u0123is Johaness Tinjess B\u0113 raksturoja Bakenu k\u0101 vienu no\u00a0Norv\u0113\u0123ijas biatlon\u0101 liel\u0101kajiem talantiem, kas bija alla\u017e smaid\u012bgs un komand\u0101 rad\u012bja lielisku gaisotni.\u00a0<\/p>\n<p>Savu vien\u012bgo uzvaru Pasaules kausa sacens\u012bb\u0101s Bakens izc\u012bn\u012bja 2022. gad\u0101 Holmenkollen\u0113, fini\u0161\u0113jot pirmais sacens\u012bb\u0101s ar kop\u0113ju startu. \u0160is pan\u0101kums vi\u0146am deva ar\u012b Mazo krist\u0101la globusu.<\/p>\n<p>\u0160ogad Eiropas \u010dempion\u0101t\u0101 Bakens izc\u012bn\u012bja divas zelta meda\u013cas, uzvarot sprint\u0101 un ar\u012b p\u0101ru stafet\u0113.<\/p>\n<p>                    Valodas k\u013c\u016bda rakst\u0101?<\/p>\n<p class=\"d-none d-md-block\">Iez\u012bm\u0113jiet tekstu un spiediet Ctrl+Enter, lai nos\u016bt\u012btu labojamo teksta fragmentu redaktoram! Par faktu k\u013c\u016bd\u0101m l\u016bdzam zi\u0146ot e-past\u0101 <a href=\"https:\/\/www.lsm.lv\/cdn-cgi\/l\/email-protection\" class=\"__cf_email__\" data-cfemail=\"20524544414b43494a41604c534d0e4c56\" rel=\"nofollow noopener\" target=\"_blank\">[email\u00a0protected]<\/a>.<\/p>\n<p class=\"d-md-none\">Iez\u012bm\u0113jiet tekstu un spiediet uz Zi\u0146ot par k\u013c\u016bdu pogas, lai nos\u016bt\u012btu labojamo teksta fragmentu redaktoram!<\/p>\n<p>\n                    Zi\u0146ot par k\u013c\u016bdu\n                <\/p>\n","protected":false},"excerpt":{"rendered":"Pirmdien It\u0101lij\u0101 27 gadu vecum\u0101 miris Norv\u0113\u0123ijas izlases biatlonists S\u012bverts Gutorms Bakens, v\u0113sta Norv\u0113\u0123ijas raidsabiedr\u012bba NRK. Bakens tika&hellip;\n","protected":false},"author":2,"featured_media":84421,"comment_status":"","ping_status":"","sticky":false,"template":"","format":"standard","meta":{"footnotes":""},"categories":[17],"tags":[35,39,38,36,37,34,40,67],"class_list":{"0":"post-84420","1":"post","2":"type-post","3":"status-publish","4":"format-standard","5":"has-post-thumbnail","7":"category-sports","8":"tag-latvia","9":"tag-latvian","10":"tag-latviesu","11":"tag-latviesu-valoda","12":"tag-latviesuvaloda","13":"tag-latvija","14":"tag-lv","15":"tag-sports"},"share_on_mastodon":{"url":"https:\/\/pubeurope.com\/@lv\/115770135889500182","error":""},"_links":{"self":[{"href":"https:\/\/www.europesays.com\/lv\/wp-json\/wp\/v2\/posts\/84420","targetHints":{"allow":["GET"]}}],"collection":[{"href":"https:\/\/www.europesays.com\/lv\/wp-json\/wp\/v2\/posts"}],"about":[{"href":"https:\/\/www.europesays.com\/lv\/wp-json\/wp\/v2\/types\/post"}],"author":[{"embeddable":true,"href":"https:\/\/www.europesays.com\/lv\/wp-json\/wp\/v2\/users\/2"}],"replies":[{"embeddable":true,"href":"https:\/\/www.europesays.com\/lv\/wp-json\/wp\/v2\/comments?post=84420"}],"version-history":[{"count":0,"href":"https:\/\/www.europesays.com\/lv\/wp-json\/wp\/v2\/posts\/84420\/revisions"}],"wp:featuredmedia":[{"embeddable":true,"href":"https:\/\/www.europesays.com\/lv\/wp-json\/wp\/v2\/media\/84421"}],"wp:attachment":[{"href":"https:\/\/www.europesays.com\/lv\/wp-json\/wp\/v2\/media?parent=84420"}],"wp:term":[{"taxonomy":"category","embeddable":true,"href":"https:\/\/www.europesays.com\/lv\/wp-json\/wp\/v2\/categories?post=84420"},{"taxonomy":"post_tag","embeddable":true,"href":"https:\/\/www.europesays.com\/lv\/wp-json\/wp\/v2\/tags?post=84420"}],"curies":[{"name":"wp","href":"https:\/\/api.w.org\/{rel}","templated":true}]}}