{"id":84425,"date":"2025-12-23T17:52:08","date_gmt":"2025-12-23T17:52:08","guid":{"rendered":"https:\/\/www.europesays.com\/lv\/84425\/"},"modified":"2025-12-23T17:52:08","modified_gmt":"2025-12-23T17:52:08","slug":"miris-norvegijas-izlases-biatlonists-bakens-tv3-lv","status":"publish","type":"post","link":"https:\/\/www.europesays.com\/lv\/84425\/","title":{"rendered":"Miris Norv\u0113\u0123ijas izlases biatlonists Bakens &#8211; tv3.lv"},"content":{"rendered":"<ol>\n<li><a href=\"https:\/\/news.google.com\/rss\/articles\/CBMihwFBVV95cUxPR052ODJKQU41V2VGVDBsNmhEcTNjRnVEWXdvTFRaYm81aDNPOC1hNFVTM3VpUDEtOG9GVEg4RjdfaXhXVFQ0N3I2YVY5R2xKSHh5aTE0Z3otUEtpdk10eE4zdGlrSWhKem9CU2I2UFhaLTlwNU5KUlY5OTE5eHpPUjhwZTcxeU0?oc=5\" target=\"_blank\" rel=\"nofollow noopener\">Miris Norv\u0113\u0123ijas izlases biatlonists Bakens<\/a>&nbsp;&nbsp;tv3.lv<\/li>\n<li><a href=\"https:\/\/news.google.com\/rss\/articles\/CBMi0AFBVV95cUxOek8zUGFUTVNleVpCYkJaMDFUN0x1YlVDWE5pYWlwbWVXeDZGenQwMnFfQ3dkbmt4WGo0UzRabG9veTRNUUdLR3hOYXRRS0pDMVBrYXdWb2NVdXQzaUNLNDFDeUszTUVKR3p3LXFybGdaYm9oNXVYcE42Z1ptQ19vMm9scm9GLWVLYnpobjlXZ1hVRlR5S0oyNUoxTTBDM3dSaVpjVzdoYjhIa2JQT1d2T093UzRZS0FZcWJQaXdzMW9sMmFMZG5XYm1makNNWDBC?oc=5\" target=\"_blank\" rel=\"nofollow noopener\">Viens no lab\u0101kajiem Norv\u0113\u0123ijas izlases biatlonistiem Bakens atrasts miris \/ Raksts<\/a>&nbsp;&nbsp;LSM<\/li>\n<li><a href=\"https:\/\/news.google.com\/rss\/articles\/CBMilAFBVV95cUxNcFozLXNxREFvM29qVG5NMXdURGVvRldaZi1zSmVqa2ZGSjZkS1JwME9oSXNpaHpDbUQxMFg4Z281ZEEwQWlJRExzZl94SGk5MUp2UkVyWllYd05nQTJlUkFPaHJ6bHpPbGtoNDhsMGZBS1FDRmtzenk2Rjg1Njl3djRybk5JdkFIaUVYVVpqeDVNS1o5?oc=5\" target=\"_blank\" rel=\"nofollow noopener\">27 gadu vecum\u0101 miris Norv\u0113\u0123ijas izlases biatlonists Bakens<\/a>&nbsp;&nbsp;TVNET Sports<\/li>\n<li><a href=\"https:\/\/news.google.com\/rss\/articles\/CBMixAFBVV95cUxQN1ByTjBFdFczLTI4Tm5fOWVySnlXZGNCX2xkNEV2NFpBTWVlc21SRlltdFdMeHlMWk83TzRHMDI5U3dGV2U2Um5Sc1FtdnNHdnk3ZWhRbERLbkZrSm84X1FoME8zYTVDWDIwZ1RZYVJNX3hxOWlaVG1qSEhWcFphRzNWdTZvNkxZeUxJOGVlUmFWMWFFTFJOR19CRGJhSnEtSjA5S3NXRWlWRl9kYmJaSms5Tk5sXzlXM1djckEtanI0WmVE?oc=5\" target=\"_blank\" rel=\"nofollow noopener\">Viesn\u012bcas numuri\u0146\u0101 It\u0101lij\u0101 p\u0113k\u0161\u0146i miris Norv\u0113\u0123ijas izlases biatlonists<\/a>&nbsp;&nbsp;Delfi<\/li>\n<li><a href=\"https:\/\/news.google.com\/rss\/articles\/CBMinwFBVV95cUxNdzJtdzNlRDRwN2JOVHgtc3JmdjhLR1FzSU44UllkYXQyMTVuR0hJSFRrRThQV3hZV3dsSy0xWWZYR3V3bkVIa3lKNmFmV2NPOXJGVTc2NGdUVnVqZ0puVlFkUVExQ3NPN2hmVFNKelljcVVCWlc2aVA4OFJGYUNlVWtYVkxKOVhBUjR1OHBVcExXZ0tkUzBCSGwzVUFEWlU?oc=5\" target=\"_blank\" rel=\"nofollow noopener\">It\u0101lij\u0101 atrasts miris \u0161osezon divas reizes PK posmos se\u0161iniek\u0101 tiku\u0161ais norv\u0113\u0123u biatlonists \u2013 Ziemas sports<\/a>&nbsp;&nbsp;Sportacentrs.com<\/li>\n<\/ol>\n","protected":false},"excerpt":{"rendered":"Miris Norv\u0113\u0123ijas izlases biatlonists Bakens&nbsp;&nbsp;tv3.lv Viens no lab\u0101kajiem Norv\u0113\u0123ijas izlases biatlonistiem Bakens atrasts miris \/ Raksts&nbsp;&nbsp;LSM 27 gadu&hellip;\n","protected":false},"author":2,"featured_media":84426,"comment_status":"","ping_status":"","sticky":false,"template":"","format":"standard","meta":{"footnotes":""},"categories":[17],"tags":[21305,35,39,38,36,37,34,40,67],"class_list":{"0":"post-84425","1":"post","2":"type-post","3":"status-publish","4":"format-standard","5":"has-post-thumbnail","7":"category-sports","8":"tag-biatlonistsbiatlons","9":"tag-latvia","10":"tag-latvian","11":"tag-latviesu","12":"tag-latviesu-valoda","13":"tag-latviesuvaloda","14":"tag-latvija","15":"tag-lv","16":"tag-sports"},"share_on_mastodon":{"url":"https:\/\/pubeurope.com\/@lv\/115770159459036631","error":""},"_links":{"self":[{"href":"https:\/\/www.europesays.com\/lv\/wp-json\/wp\/v2\/posts\/84425","targetHints":{"allow":["GET"]}}],"collection":[{"href":"https:\/\/www.europesays.com\/lv\/wp-json\/wp\/v2\/posts"}],"about":[{"href":"https:\/\/www.europesays.com\/lv\/wp-json\/wp\/v2\/types\/post"}],"author":[{"embeddable":true,"href":"https:\/\/www.europesays.com\/lv\/wp-json\/wp\/v2\/users\/2"}],"replies":[{"embeddable":true,"href":"https:\/\/www.europesays.com\/lv\/wp-json\/wp\/v2\/comments?post=84425"}],"version-history":[{"count":0,"href":"https:\/\/www.europesays.com\/lv\/wp-json\/wp\/v2\/posts\/84425\/revisions"}],"wp:featuredmedia":[{"embeddable":true,"href":"https:\/\/www.europesays.com\/lv\/wp-json\/wp\/v2\/media\/84426"}],"wp:attachment":[{"href":"https:\/\/www.europesays.com\/lv\/wp-json\/wp\/v2\/media?parent=84425"}],"wp:term":[{"taxonomy":"category","embeddable":true,"href":"https:\/\/www.europesays.com\/lv\/wp-json\/wp\/v2\/categories?post=84425"},{"taxonomy":"post_tag","embeddable":true,"href":"https:\/\/www.europesays.com\/lv\/wp-json\/wp\/v2\/tags?post=84425"}],"curies":[{"name":"wp","href":"https:\/\/api.w.org\/{rel}","templated":true}]}}