{"id":84427,"date":"2025-12-23T17:57:16","date_gmt":"2025-12-23T17:57:16","guid":{"rendered":"https:\/\/www.europesays.com\/lv\/84427\/"},"modified":"2025-12-23T17:57:16","modified_gmt":"2025-12-23T17:57:16","slug":"10-000-eiro-netiks-izskerdeti-bet-iegulditi-nakotne","status":"publish","type":"post","link":"https:\/\/www.europesays.com\/lv\/84427\/","title":{"rendered":"10 000 eiro netiks iz\u0161\u0137\u0113rd\u0113ti, bet ieguld\u012bti n\u0101kotn\u0113"},"content":{"rendered":"<p>Lai gan 20 gadus vecais Jur\u0123is Namejs Zvejnieks n\u0101k no profesion\u0101lu kalnu sl\u0113pot\u0101ju \u0123imenes, vi\u0146\u0161 jau agr\u012bni sapratis \u2013 vi\u0146a ce\u013c\u0161 ved nevis kalnu tras\u0113s, bet uz skatuves. Tagad, p\u0113c uzvaras telev\u012bzijas \u0161ova &#8220;<a rel=\"noopener nofollow\" target=\"_blank\" href=\"https:\/\/www.delfi.lv\/temas\/48808157\/x-faktors\" tag-id=\"48808157\">X Faktors<\/a>&#8221; 6. sezon\u0101, jaunais m\u016bzi\u0137is ir ap\u0146\u0113m\u012bbas pilns savu iesp\u0113ju m\u016bzik\u0101 nepalaist v\u0113j\u0101.<\/p>\n<p>Sv\u0113tdien, 14. decembr\u012b, tika noskaidrots \u0161ova &#8220;X Faktors&#8221; 6. sezonas uzvar\u0113t\u0101js. Fin\u0101l\u0101 sacent\u0101s Lotte Egl\u012bte, Dagm\u0101ra Laic\u0101ne un Jur\u0123is Namejs Zvejnieks, un skat\u012bt\u0101ju balsojums bija nep\u0101rprotams \u2013 ar 9884 bals\u012bm uzvaru izc\u012bn\u012bja tie\u0161i Jur\u0123is. Otraj\u0101 viet\u0101 ierindoj\u0101s Lotte Egl\u012bte ar 5003 bals\u012bm, bet tre\u0161aj\u0101 \u2013 Dagm\u0101ra Laic\u0101ne, sa\u0146emot 4449 balsis. L\u012bdz ar uzvaru Jur\u0123is ieguva galveno balvu \u2013 10 000 eiro, k\u0101 ar\u012b rekl\u0101mas raidlaiku radio &#8220;Star FM&#8221; 25 000 eiro v\u0113rt\u012bb\u0101. <\/p>\n<p class=\"m-0\">Seko &#8220;Delfi&#8221; ar\u012b  <a target=\"_blank\" href=\"https:\/\/www.instagram.com\/delfi.lv\/\" rel=\"nofollow noopener\">Instagram<\/a>  un <a target=\"_blank\" href=\"https:\/\/www.youtube.com\/channel\/UCw5foWtcJvAbUm64rv7jwUQ\" rel=\"nofollow noopener\">YouTube<\/a>  profil\u0101 \u2013 pievienojies, lai uzzin\u0101tu svar\u012bg\u0101ko un interesant\u0101ko pirmais!<\/p>\n<p>Publik\u0101cijas saturs vai t\u0101s jebk\u0101da apjoma da\u013ca ir aizsarg\u0101ts autorties\u012bbu objekts Autorties\u012bbu likuma izpratn\u0113, un t\u0101 izmanto\u0161ana bez izdev\u0113ja at\u013caujas ir aizliegta. Vair\u0101k lasi  <a target=\"_blank\" href=\"https:\/\/www.delfi.lv\/noteikumi#autortiesibas\" rel=\"nofollow noopener\">\u0161eit<\/a><script async src=\"\/\/www.instagram.com\/embed.js\"><\/script><\/p>\n","protected":false},"excerpt":{"rendered":"Lai gan 20 gadus vecais Jur\u0123is Namejs Zvejnieks n\u0101k no profesion\u0101lu kalnu sl\u0113pot\u0101ju \u0123imenes, vi\u0146\u0161 jau agr\u012bni sapratis&hellip;\n","protected":false},"author":2,"featured_media":84428,"comment_status":"","ping_status":"","sticky":false,"template":"","format":"standard","meta":{"footnotes":""},"categories":[19],"tags":[89,90,35,39,38,36,37,34,40,13875,1111],"class_list":{"0":"post-84427","1":"post","2":"type-post","3":"status-publish","4":"format-standard","5":"has-post-thumbnail","7":"category-izklaide","8":"tag-entertainment","9":"tag-izklaide","10":"tag-latvia","11":"tag-latvian","12":"tag-latviesu","13":"tag-latviesu-valoda","14":"tag-latviesuvaloda","15":"tag-latvija","16":"tag-lv","17":"tag-reinis-sejans","18":"tag-x-faktors"},"share_on_mastodon":{"url":"https:\/\/pubeurope.com\/@lv\/115770179134877870","error":""},"_links":{"self":[{"href":"https:\/\/www.europesays.com\/lv\/wp-json\/wp\/v2\/posts\/84427","targetHints":{"allow":["GET"]}}],"collection":[{"href":"https:\/\/www.europesays.com\/lv\/wp-json\/wp\/v2\/posts"}],"about":[{"href":"https:\/\/www.europesays.com\/lv\/wp-json\/wp\/v2\/types\/post"}],"author":[{"embeddable":true,"href":"https:\/\/www.europesays.com\/lv\/wp-json\/wp\/v2\/users\/2"}],"replies":[{"embeddable":true,"href":"https:\/\/www.europesays.com\/lv\/wp-json\/wp\/v2\/comments?post=84427"}],"version-history":[{"count":0,"href":"https:\/\/www.europesays.com\/lv\/wp-json\/wp\/v2\/posts\/84427\/revisions"}],"wp:featuredmedia":[{"embeddable":true,"href":"https:\/\/www.europesays.com\/lv\/wp-json\/wp\/v2\/media\/84428"}],"wp:attachment":[{"href":"https:\/\/www.europesays.com\/lv\/wp-json\/wp\/v2\/media?parent=84427"}],"wp:term":[{"taxonomy":"category","embeddable":true,"href":"https:\/\/www.europesays.com\/lv\/wp-json\/wp\/v2\/categories?post=84427"},{"taxonomy":"post_tag","embeddable":true,"href":"https:\/\/www.europesays.com\/lv\/wp-json\/wp\/v2\/tags?post=84427"}],"curies":[{"name":"wp","href":"https:\/\/api.w.org\/{rel}","templated":true}]}}