{"id":84438,"date":"2025-12-23T18:12:08","date_gmt":"2025-12-23T18:12:08","guid":{"rendered":"https:\/\/www.europesays.com\/lv\/84438\/"},"modified":"2025-12-23T18:12:08","modified_gmt":"2025-12-23T18:12:08","slug":"putina-maksimalistiskie-merki-visa-ukraina-un-bijusas-psrs-dala-nav-mainijusies-lente-lv","status":"publish","type":"post","link":"https:\/\/www.europesays.com\/lv\/84438\/","title":{"rendered":"Putina Maksim\u0101listiskie M\u0113r\u0137i \u2013 Visa Ukraina un Biju\u0161\u0101s PSRS Da\u013ca \u2013 Nav Main\u012bju\u0161ies\u00a0\u2014\u00a0Lente.lv"},"content":{"rendered":"<p>ASV Izl\u016bkdienestu Secin\u0101jumi: Nemain\u012bgie Krem\u013ca Amb\u012bcijas<\/p>\n<p>Neskatoties uz notieko\u0161aj\u0101m diplom\u0101tiskaj\u0101m sarun\u0101m, kuru m\u0113r\u0137is ir pan\u0101kt kara izbeig\u0161anu Ukrain\u0101, ASV izl\u016bkdienestu zi\u0146ojumos joproj\u0101m tiek uzsv\u0113rts, ka Krievijas prezidenta Vladimira Putina galvenie m\u0113r\u0137i ir paliku\u0161i nemain\u012bgi. K\u0101 zi\u0146o Latvijas Av\u012bze, se\u0161i avoti, kuri p\u0101rzina \u0161os izl\u016bko\u0161anas secin\u0101jumus, nor\u0101da, ka Putins joproj\u0101m pl\u0101no ie\u0146emt visu Ukrainu un atg\u016bt da\u013cu Eiropas teritoriju, kas v\u0113sturiski pieder\u0113ja Padomju Savien\u012bbai. \u0160\u0101di v\u0113rt\u0113jumi ir \u012bpa\u0161i noz\u012bm\u012bgi laik\u0101, kad jebk\u0101da vieno\u0161an\u0101s noz\u012bm\u0113tu Krievijai kontrol\u0113t iev\u0113rojami maz\u0101ku teritoriju, nek\u0101 t\u0101, iesp\u0113jams, s\u0101kotn\u0113ji v\u0113l\u0113j\u0101s.<\/p>\n<p>\u0160ie jaun\u0101kie izl\u016bko\u0161anas dati, kas, p\u0113c pieejam\u0101s inform\u0101cijas, dat\u0113ti ar septembra beig\u0101m, rada iev\u0113rojamu kontrastu ar retoriku, ko publiski pau\u017e atsevi\u0161\u0137i Rietumu politiskie l\u012bderi, tostarp ASV prezidents Donalds Tramps, kur\u0161 apgalvo, ka Putins izr\u0101d\u012btu interesi konflikta izbeig\u0161an\u0101. \u0160\u0101di secin\u0101jumi ar\u012b tie\u0161\u0101 veid\u0101 nost\u0101jas pretim Putina publiskajiem noliegumiem par draudiem Eiropai.<\/p>\n<p>Kontrasts ar Politisko Retoriku un Putina Izteikumiem<\/p>\n<p>ASV izl\u016bkdienestu v\u0113rt\u0113jumi ir biju\u0161i konsekventi kop\u0161 Krievijas pilna m\u0113roga iebrukuma 2022. gad\u0101 un liel\u0101 m\u0113r\u0101 saskan ar Eiropas izl\u016bkdienestu uzskatiem. Lai gan Putins p\u0113d\u0113j\u0101 laik\u0101 ir izteicis gatav\u012bbu apspriest mieru, piebilstot, ka Krievija nepl\u0101no jaunas \u201c\u012bpa\u0161as milit\u0101r\u0101s oper\u0101cijas\u201d, ja vien pret to izturas ar \u201ccie\u0146u\u201d, izl\u016bko\u0161anas anal\u012bze liecina, ka \u0161ie publiskie pazi\u0146ojumi neietekm\u0113 ilgtermi\u0146a strat\u0113\u0123iskos pl\u0101nus. Krem\u013ca p\u0101rst\u0101vji, koment\u0113jot \u0161os zi\u0146ojumus, nor\u0101d\u012bju\u0161i, ka izl\u016bkdienestu secin\u0101jumi ir k\u013c\u016bdaini un \u201cabsol\u016bti neatbilst paties\u012bbai\u201d, lai gan atzinu\u0161i, ka nezina zi\u0146ojumos min\u0113to avotu ticam\u012bbu.<\/p>\n<p>Interesanti atz\u012bm\u0113t, ka Putina maksim\u0101listiskie m\u0113r\u0137i, kas ietver ne tikai visu Ukrainu, bet ar\u012b da\u013cu Eiropas teritoriju, kas biju\u0161as padomju ietekmes zon\u0101, nav jauna par\u0101d\u012bba. V\u0101cijas \u0100rlietu ministrijas arh\u012bvos atrodam\u0101 inform\u0101cija liecina, ka Putins jau 1994. gad\u0101, b\u016bdams Sanktp\u0113terburgas amatpersona, izteicis amb\u012bcijas par t\u0101du re\u0123ionu k\u0101 Krima un Kazahst\u0101nas zieme\u013ci atg\u016b\u0161anu, saucot tos par \u201cs\u0101kotn\u0113j\u0101m krievu zem\u0113m\u201d.<\/p>\n<p>Iesp\u0113jamie N\u0101kamie So\u013ci un NATO Dro\u0161\u012bba<\/p>\n<p>ASV izl\u016bko\u0161anas dati liecina, ka Putina pl\u0101ni neaprobe\u017eojas tikai ar Ukrainas iek\u013cau\u0161anu. Da\u017ei avoti pat nor\u0101d\u012bju\u0161i uz Krievijas nodomiem papla\u0161in\u0101t ietekmi p\u0101r cit\u0101m biju\u0161\u0101s Padomju Savien\u012bbas teritorij\u0101m, kas pa\u0161laik ir iek\u013cautas NATO dal\u012bbvalst\u012bs. \u0160is br\u012bdin\u0101jums pastiprina ba\u017eas Baltijas valst\u012bs par to, cik nopietni ir j\u0101uztver Krievijas milit\u0101r\u0101 pozicion\u0113\u0161an\u0101s. Piem\u0113ram, nesenie incidenti, kad Krievijas izn\u012bcin\u0101t\u0101ji p\u0101rk\u0101pa Igaunijas gaisa telpu, tiek interpret\u0113ti k\u0101 da\u013ca no Putina sp\u0113les, kuras m\u0113r\u0137is ir p\u0101rbaud\u012bt NATO reakciju.<\/p>\n<p>Miera Sarunu Kontext\u0101<\/p>\n<p>\u0160ie izl\u016bko\u0161anas atkl\u0101jumi notiek paral\u0113li intens\u012bviem diplom\u0101tiskiem centieniem. Tiek zi\u0146ots par sarun\u0101m Berl\u012bn\u0113 starp ASV, Ukrainu un Eiropu par dro\u0161\u012bbas garantij\u0101m Ukrainai. Lai gan da\u017ei avoti min, ka \u0161\u012bs garantijas var\u0113tu b\u016bt saist\u012btas ar Ukrainas piekri\u0161anu atdot teritorijas, citi diplom\u0101ti to noliedz, uzsverot, ka tiek izskat\u012btas alternat\u012bvas, jo Ukrainas prezidents Volodimirs Zelenskis \u0161\u0101du teritori\u0101lu zaud\u0113jumu noraida.<\/p>\n<p>Situ\u0101cija kopum\u0101 atkl\u0101j sare\u017e\u0123\u012btu attiec\u012bbu mezglu: vienlaikus notiek m\u0113\u0123in\u0101jumi mekl\u0113t diplom\u0101tisku izeju, ta\u010du ASV un Eiropas izl\u016bkdienesti pamat\u0101 pie\u0146em, ka Krem\u013ca strat\u0113\u0123iskais ilgtermi\u0146a m\u0113r\u0137is ir fundament\u0101li agres\u012bvs un neietilpst ap\u0161aub\u0101mo robe\u017e\u0101s, kas izteiktas publiskaj\u0101 telp\u0101.<\/p>\n","protected":false},"excerpt":{"rendered":"ASV Izl\u016bkdienestu Secin\u0101jumi: Nemain\u012bgie Krem\u013ca Amb\u012bcijas Neskatoties uz notieko\u0161aj\u0101m diplom\u0101tiskaj\u0101m sarun\u0101m, kuru m\u0113r\u0137is ir pan\u0101kt kara izbeig\u0161anu Ukrain\u0101,&hellip;\n","protected":false},"author":2,"featured_media":84439,"comment_status":"","ping_status":"","sticky":false,"template":"","format":"standard","meta":{"footnotes":""},"categories":[14],"tags":[23,57,21306,28,29,32,33,22,20538,30,31,35,39,38,36,37,34,40,71,20,26,27,3143,24,25,276,54,55,56,21,58],"class_list":{"0":"post-84438","1":"post","2":"type-post","3":"status-publish","4":"format-standard","5":"has-post-thumbnail","7":"category-zinas-no-arvalstim","8":"tag-aktualitates","9":"tag-arvalstim","10":"tag-asv-izlukdienesti","11":"tag-breaking-news","12":"tag-breakingnews","13":"tag-featured-news","14":"tag-featurednews","15":"tag-headlines","16":"tag-krievijas-merki","17":"tag-latest-news","18":"tag-latestnews","19":"tag-latvia","20":"tag-latvian","21":"tag-latviesu","22":"tag-latviesu-valoda","23":"tag-latviesuvaloda","24":"tag-latvija","25":"tag-lv","26":"tag-nato","27":"tag-news","28":"tag-popularakas-zinas","29":"tag-popularakaszinas","30":"tag-putins","31":"tag-top-stories","32":"tag-topstories","33":"tag-ukraina","34":"tag-world","35":"tag-world-news","36":"tag-worldnews","37":"tag-zinas","38":"tag-zinas-no-arvalstim"},"share_on_mastodon":{"url":"https:\/\/pubeurope.com\/@lv\/115770238146567722","error":""},"_links":{"self":[{"href":"https:\/\/www.europesays.com\/lv\/wp-json\/wp\/v2\/posts\/84438","targetHints":{"allow":["GET"]}}],"collection":[{"href":"https:\/\/www.europesays.com\/lv\/wp-json\/wp\/v2\/posts"}],"about":[{"href":"https:\/\/www.europesays.com\/lv\/wp-json\/wp\/v2\/types\/post"}],"author":[{"embeddable":true,"href":"https:\/\/www.europesays.com\/lv\/wp-json\/wp\/v2\/users\/2"}],"replies":[{"embeddable":true,"href":"https:\/\/www.europesays.com\/lv\/wp-json\/wp\/v2\/comments?post=84438"}],"version-history":[{"count":0,"href":"https:\/\/www.europesays.com\/lv\/wp-json\/wp\/v2\/posts\/84438\/revisions"}],"wp:featuredmedia":[{"embeddable":true,"href":"https:\/\/www.europesays.com\/lv\/wp-json\/wp\/v2\/media\/84439"}],"wp:attachment":[{"href":"https:\/\/www.europesays.com\/lv\/wp-json\/wp\/v2\/media?parent=84438"}],"wp:term":[{"taxonomy":"category","embeddable":true,"href":"https:\/\/www.europesays.com\/lv\/wp-json\/wp\/v2\/categories?post=84438"},{"taxonomy":"post_tag","embeddable":true,"href":"https:\/\/www.europesays.com\/lv\/wp-json\/wp\/v2\/tags?post=84438"}],"curies":[{"name":"wp","href":"https:\/\/api.w.org\/{rel}","templated":true}]}}