{"id":84444,"date":"2025-12-23T18:18:08","date_gmt":"2025-12-23T18:18:08","guid":{"rendered":"https:\/\/www.europesays.com\/lv\/84444\/"},"modified":"2025-12-23T18:18:08","modified_gmt":"2025-12-23T18:18:08","slug":"vainigais-aizturets-drosibas-dienesti-izsledz-terorismu-lente-lv","status":"publish","type":"post","link":"https:\/\/www.europesays.com\/lv\/84444\/","title":{"rendered":"Vain\u012bgais Aiztur\u0113ts, Dro\u0161\u012bbas Dienesti Izsl\u0113dz Terorismu\u00a0\u2014\u00a0Lente.lv"},"content":{"rendered":"<p>Sestdienas Vakara Negad\u012bjums Igaunijas Galvaspils\u0113t\u0101<\/p>\n<p>Igaunijas galvaspils\u0113t\u0101 Tallin\u0101 pag\u0101ju\u0161\u0101s sestdienas vakar\u0101 noticis negaid\u012bts un satrauco\u0161s incidents \u2013 tirdzniec\u012bbas centr\u0101 uzspr\u0101gusi atkritumu tvertne, k\u0101 rezult\u0101t\u0101 ievainots viens cilv\u0113ks. K\u0101 zi\u0146o telekan\u0101ls TV3, negad\u012bjums notika lielveikal\u0101 \u201c\u00dclemiste\u201d, kas ir viens no pils\u0113tas liel\u0101kajiem iepirk\u0161an\u0101s centriem. Gl\u0101b\u0161anas dienesti, policija un sapieru vien\u012bbas nekav\u0113joties rea\u0123\u0113ja uz notikumu, kas izsauca ba\u017eas sabiedr\u012bb\u0101, \u012bpa\u0161i tuvojoties sv\u0113tku sezonai.<\/p>\n<p>P\u0113c s\u0101kotn\u0113j\u0101s inform\u0101cijas, spr\u0101dziens nograndis ap pulksten 18:47. Aculiecinieki aprakst\u012bja ska\u013cu bl\u012bk\u0161\u0137i, kas s\u0101kotn\u0113ji da\u017eiem licies k\u0101 k\u0101ds smags priek\u0161mets, kas nokr\u012bt. Tom\u0113r dr\u012bz vien k\u013cuva skaidrs, ka situ\u0101cija ir nopietn\u0101ka, jo notikuma viet\u0101 tika konstat\u0113ts ievainotais.<\/p>\n<p>Cietu\u0161\u0101 St\u0101voklis un Evaku\u0101cijas Pas\u0101kumi<\/p>\n<p>Spr\u0101dziena rezult\u0101t\u0101 traumas guvis tirdzniec\u012bbas centra darbinieks, kur\u0161, k\u0101 zi\u0146ots, atradies net\u0101lu no notikuma vietas \u2013 sadz\u012bves atkritumu tvertnes pie veikala \u201cRimi\u201d vai net\u0101lu no bankom\u0101tiem tirdzniec\u012bbas centra pirmaj\u0101 st\u0101v\u0101. Cietu\u0161ais tika nekav\u0113joties nog\u0101d\u0101ts slimn\u012bc\u0101. Igaunijas amatpersonas apstiprin\u0101ju\u0161as, ka ievainot\u0101 cilv\u0113ka vesel\u012bbas st\u0101voklis nav dz\u012bv\u012bbai b\u012bstams, kas ir mierino\u0161s fakts \u0161aj\u0101 satrauco\u0161aj\u0101 situ\u0101cij\u0101.<\/p>\n<p>Lai nodro\u0161in\u0101tu apmekl\u0113t\u0101ju un darbinieku dro\u0161\u012bbu, tika veikta operat\u012bva visa tirdzniec\u012bbas centra evaku\u0101cija. Evaku\u0113tie cilv\u0113ki tika pagaid\u0101m izvietoti silt\u0101 pils\u0113tas autobus\u0101, kam\u0113r dro\u0161\u012bbas dienesti veica notikuma vietas p\u0101rbaudi. Tallinas m\u0113rs P\u0113teris Raudseps (Peeter Raudsepp) soci\u0101lajos t\u012bklos uzsv\u0113ra, ka dienesti rea\u0123\u0113ju\u0161i \u0101tri un profesion\u0101li, un pils\u0113ta nodro\u0161in\u0101jusi papildu atbalstu centra darbiniekiem.<\/p>\n<p>Dro\u0161\u012bbas Dienestu Pirm\u0101 Versija: Izsl\u0113dz Terorismu<\/p>\n<p>Incidents izrais\u012bja pla\u0161u rezonansi, jo spr\u0101dzieni publisk\u0101s viet\u0101s vienm\u0113r rada sabiedr\u012bb\u0101 ba\u017eas. Tom\u0113r Igaunijas iek\u0161\u0113j\u0101s dro\u0161\u012bbas iest\u0101des, tostarp Igaunijas Dro\u0161\u012bbas policija (KaPo), \u0101tri rea\u0123\u0113ja ar pazi\u0146ojumu, kas sniedza zin\u0101mu skaidr\u012bbu. Gener\u0101ldirektors Margo Pallosons apstiprin\u0101ja, ka nekas neliecina par saist\u012bbu ar terorismu vai ekstr\u0113mismu. Draudu l\u012bmenis valst\u012b netika paaugstin\u0101ts, un izmekl\u0113t\u0101ji notiku\u0161o s\u0101kotn\u0113ji v\u0113rt\u0113ja k\u0101 izol\u0113tu incidentu.<\/p>\n<p>P\u0113c visa centra r\u016bp\u012bgas p\u0101rbaudes, kas notika nakts gait\u0101, nek\u0101di citi apdraud\u0113jumi netika konstat\u0113ti. Jau sv\u0113tdien \u201c\u00dclemiste\u201d tirdzniec\u012bbas centrs ats\u0101ka savu ierasto darbu, lai mazin\u0101tu trauc\u0113jumus iedz\u012bvot\u0101ju ikdien\u0101.<\/p>\n<p>Aiztur\u0113tais un Iesp\u0113jamais Mot\u012bvs: Personiska Atrieb\u012bba<\/p>\n<p>\u0100tr\u0101s policijas r\u012bc\u012bbas rezult\u0101t\u0101 jau sestdienas vakar\u0101 tika aiztur\u0113ta persona, kas tiek tur\u0113ta aizdom\u0101s par spr\u0101dziena sar\u012bko\u0161anu. V\u0113l\u0101k tika preciz\u0113ts, ka aiztur\u0113tais ir 60 gadus vecs v\u012brietis, Tallinas iedz\u012bvot\u0101js, kur\u0161 iepriek\u0161 bijis vair\u0101kk\u0101rt sod\u012bts un nav Igaunijas pilsonis. Izmekl\u0113\u0161anas gaitu koment\u0113ja Igaunijas \u0123ener\u0101lprokurore Astr\u012bda Asi.<\/p>\n<blockquote><p> Ir pamats dom\u0101t, ka nodar\u012bjuma mot\u012bvs bija personiska atrieb\u012bba, kas izriet\u0113ja no iepriek\u0161\u0113j\u0101s saiknes ar \u0161o tirdzniec\u012bbas centru. Bija v\u0113lme nodar\u012bt kait\u0113jumu tirdzniec\u012bbas centram. <\/p><\/blockquote>\n<p>Prokurat\u016bra nor\u0101da, ka galven\u0101 versija ir v\u0113rsta uz personisku motiv\u0101ciju, visticam\u0101k, saist\u012btu ar iepriek\u0161\u0113j\u0101m domstarp\u012bb\u0101m vai konfliktu ar pa\u0161u tirdzniec\u012bbas centra administr\u0101ciju vai \u012bpa\u0161umu. Aizdom\u0101s tur\u0113tais bija izmantojis pa\u0161tais\u012btu spridzekli. Prokurat\u016bra piepras\u012bs tiesai piem\u0113rot apcietin\u0101jumu, kam\u0113r turpin\u0101s vi\u0146a nopratin\u0101\u0161ana un notikuma deta\u013cu noskaidro\u0161ana.<\/p>\n<p>Dro\u0161\u012bbas Pas\u0101kumu Pastiprin\u0101\u0161ana Sv\u0113tku Laik\u0101<\/p>\n<p>Neskatoties uz to, ka spr\u0101dziens tika klasific\u0113ts k\u0101 izol\u0113ts incidents, Igaunijas Policijas un robe\u017esardzes departamenta \u0123ener\u0101ldirektors Egerts Be\u013ci\u010devs atzina, ka \u0161\u0101ds notikums pirms Ziemassv\u0113tkiem rada pamatotas bailes un apjukumu iedz\u012bvot\u0101jos. Lai gan terorisma draudi nav apstiprin\u0101ti, publisk\u0101s telpas dro\u0161\u012bbas saj\u016btas uztur\u0113\u0161anai tika pie\u0146emts l\u0113mums palielin\u0101t policijas patru\u013cu skaitu p\u0101rpild\u012bt\u0101s viet\u0101s sv\u0113tku period\u0101.<\/p>\n<p>Policija ir ar\u012b akt\u012bvi sazin\u0101jusies ar tirdzniec\u012bbas centriem un apsardzes dienestiem vis\u0101 valst\u012b, sniedzot tiem aktu\u0101l\u0101s r\u012bc\u012bbas vadl\u012bnijas dro\u0161\u012bbas situ\u0101cij\u0101m. \u0160\u0101da prevent\u012bva komunik\u0101cija tiek uzskat\u012bta par b\u016btisku, lai mazin\u0101tu sabiedr\u012bbas ba\u017eas un nodro\u0161in\u0101tu mier\u012bgu sv\u0113tku norisi, vienlaikus saglab\u0101jot augstu modr\u012bbu pret potenci\u0101liem, lai ar\u012b izol\u0113tiem, riskiem.<\/p>\n","protected":false},"excerpt":{"rendered":"Sestdienas Vakara Negad\u012bjums Igaunijas Galvaspils\u0113t\u0101 Igaunijas galvaspils\u0113t\u0101 Tallin\u0101 pag\u0101ju\u0161\u0101s sestdienas vakar\u0101 noticis negaid\u012bts un satrauco\u0161s incidents \u2013 tirdzniec\u012bbas&hellip;\n","protected":false},"author":2,"featured_media":84445,"comment_status":"","ping_status":"","sticky":false,"template":"","format":"standard","meta":{"footnotes":""},"categories":[14],"tags":[23,57,28,29,32,33,22,21309,30,31,35,39,38,36,37,34,21307,40,20,21308,26,27,5981,2794,24,25,54,55,56,21,58],"class_list":{"0":"post-84444","1":"post","2":"type-post","3":"status-publish","4":"format-standard","5":"has-post-thumbnail","7":"category-zinas-no-arvalstim","8":"tag-aktualitates","9":"tag-arvalstim","10":"tag-breaking-news","11":"tag-breakingnews","12":"tag-featured-news","13":"tag-featurednews","14":"tag-headlines","15":"tag-ievainots-darbinieks","16":"tag-latest-news","17":"tag-latestnews","18":"tag-latvia","19":"tag-latvian","20":"tag-latviesu","21":"tag-latviesu-valoda","22":"tag-latviesuvaloda","23":"tag-latvija","24":"tag-lielveikals-ulemiste","25":"tag-lv","26":"tag-news","27":"tag-policijas-izmeklesana","28":"tag-popularakas-zinas","29":"tag-popularakaszinas","30":"tag-spradziens","31":"tag-tallina","32":"tag-top-stories","33":"tag-topstories","34":"tag-world","35":"tag-world-news","36":"tag-worldnews","37":"tag-zinas","38":"tag-zinas-no-arvalstim"},"share_on_mastodon":{"url":"https:\/\/pubeurope.com\/@lv\/115770261749794511","error":""},"_links":{"self":[{"href":"https:\/\/www.europesays.com\/lv\/wp-json\/wp\/v2\/posts\/84444","targetHints":{"allow":["GET"]}}],"collection":[{"href":"https:\/\/www.europesays.com\/lv\/wp-json\/wp\/v2\/posts"}],"about":[{"href":"https:\/\/www.europesays.com\/lv\/wp-json\/wp\/v2\/types\/post"}],"author":[{"embeddable":true,"href":"https:\/\/www.europesays.com\/lv\/wp-json\/wp\/v2\/users\/2"}],"replies":[{"embeddable":true,"href":"https:\/\/www.europesays.com\/lv\/wp-json\/wp\/v2\/comments?post=84444"}],"version-history":[{"count":0,"href":"https:\/\/www.europesays.com\/lv\/wp-json\/wp\/v2\/posts\/84444\/revisions"}],"wp:featuredmedia":[{"embeddable":true,"href":"https:\/\/www.europesays.com\/lv\/wp-json\/wp\/v2\/media\/84445"}],"wp:attachment":[{"href":"https:\/\/www.europesays.com\/lv\/wp-json\/wp\/v2\/media?parent=84444"}],"wp:term":[{"taxonomy":"category","embeddable":true,"href":"https:\/\/www.europesays.com\/lv\/wp-json\/wp\/v2\/categories?post=84444"},{"taxonomy":"post_tag","embeddable":true,"href":"https:\/\/www.europesays.com\/lv\/wp-json\/wp\/v2\/tags?post=84444"}],"curies":[{"name":"wp","href":"https:\/\/api.w.org\/{rel}","templated":true}]}}