{"id":84454,"date":"2025-12-23T18:27:08","date_gmt":"2025-12-23T18:27:08","guid":{"rendered":"https:\/\/www.europesays.com\/lv\/84454\/"},"modified":"2025-12-23T18:27:08","modified_gmt":"2025-12-23T18:27:08","slug":"x-faktora-uzvaretajs-jurgis-namejs-zvejnieks-10-000-eiro-ieguldis-nakotne-lente-lv","status":"publish","type":"post","link":"https:\/\/www.europesays.com\/lv\/84454\/","title":{"rendered":"&#8220;X Faktora&#8221; uzvar\u0113t\u0101js Jur\u0123is Namejs Zvejnieks 10 000 eiro ieguld\u012bs n\u0101kotn\u0113\u00a0\u2014\u00a0Lente.lv"},"content":{"rendered":"<p>Jaun\u0101 talanta triumfs: Jur\u0123is Namejs Zvejnieks ieg\u016bst \u201cX Faktora\u201d titulu<\/p>\n<p>Latvijas telev\u012bzijas talantu \u0161ova \u201cX Faktors\u201d sest\u0101s sezonas fin\u0101ls vainagoj\u0101s ar Jur\u0123a Nameja Zvejnieka uzvaru, kas iez\u012bm\u0113ja iev\u0113rojamu pagrieziena punktu vi\u0146a dz\u012bv\u0113 un karjer\u0101. Jaunais m\u016bzi\u0137is, kur\u0161 \u0161ov\u0101 start\u0113ja mentora Rei\u0146a S\u0113j\u0101na komand\u0101, ieguva ne tikai skat\u012bt\u0101ju atzin\u012bbu, bet ar\u012b galveno balvu \u2013 10 000 eiro un rekl\u0101mas laiku radio \u201cStar FM\u201d \u0113ter\u0101 25 000 eiro v\u0113rt\u012bb\u0101. Fin\u0101la notikumi, kas norisin\u0101j\u0101s 14. decembr\u012b, bija pies\u0101tin\u0101ti ar emocij\u0101m un spraig\u0101m sacens\u012bb\u0101m starp tr\u012bs fin\u0101listiem: Lotti Egl\u012bti, Dagm\u0101ru Laic\u0101ni un pa\u0161u Zvejnieku.<\/p>\n<p>Jur\u0123is Namejs Zvejnieks, kur\u0161 \u0161ova laik\u0101 sevi pieteicis ar skatuves v\u0101rdu Namejs, demonstr\u0113ja p\u0101rliecino\u0161u sniegumu, ieskaitot le\u0123end\u0101r\u0101s grupas \u201cQueen\u201d dziesmas \u201cBohemian Rhapsody\u201d interpret\u0101ciju un duetu ar Aiju Andrejevu. Vi\u0146a uzvara superfin\u0101l\u0101 bija iev\u0113rojama, ieg\u016bstot 14 406 balsis, sal\u012bdzinot ar Lottes Egl\u012btes 6 659 bals\u012bm. \u017d\u016brijas locek\u013ci, tostarp Intars Busulis, nov\u0113rt\u0113ja vi\u0146a sniegumu k\u0101 \u201cpr\u012bma numuru\u201d.<\/p>\n<p>No kalnu sniega l\u012bdz skatuves gaismai: Izv\u0113le, kas main\u012bja dz\u012bvi<\/p>\n<p>Lai gan 20 gadus vecais Jur\u0123is Namejs Zvejnieks ir dzimis \u0123imen\u0113, kur\u0101 domin\u0113 kalnu sl\u0113po\u0161anas sports, vi\u0146\u0161 pats jau agr\u0101 vecum\u0101 apzin\u0101j\u0101s, ka vi\u0146a paties\u0101 sirds pieder m\u016bzikai.  Vi\u0146a \u0123imene ir labi paz\u012bstama Latvijas ziemas sporta aprind\u0101s \u2013 t\u0113vs Raivo un m\u0101te Jana, kura ir ar\u012b trenere, ir nodro\u0161in\u0101ju\u0161i, ka visi \u010detri d\u0113li, tostarp tr\u012bsk\u0101rt\u0113jais olimpietis Kristaps Zvejnieks un br\u0101lis Miks, biju\u0161i saist\u012bti ar kalnu sl\u0113po\u0161anu. Pats Jur\u0123is ar\u012b ir piedal\u012bjies sacens\u012bb\u0101s un p\u0101rst\u0101v\u0113jis Latviju.<\/p>\n<blockquote><p> \u201cNo kalnu tras\u0113m l\u012bdz lielajai skatuvei\u201d \u2013 \u0161is ce\u013c\u0161 atspogu\u013co jauno m\u0101kslinieku, kur\u0161 apzin\u0101ti izv\u0113l\u0113jies iet m\u016bzikas virzien\u0101, nevis sekot \u0123imenes sportiskaj\u0101m trad\u012bcij\u0101m.<\/p><\/blockquote>\n<p>Lai gan vi\u0146a dom\u0101\u0161anas briedums un dz\u012bves filozofija atg\u0101dina pieredz\u0113ju\u0161u cilv\u0113ku, Jur\u0123is pats atz\u012bst, ka j\u016btas k\u0101 devi\u0146padsmitgadnieks, kura dz\u012bvesst\u0101sts v\u0113l tikai s\u0101kas. Vi\u0146\u0161 \u0161obr\u012bd ir ar\u012b Latvijas Universit\u0101tes Ekonomikas un soci\u0101lo zin\u0101t\u0146u fakult\u0101tes students.<\/p>\n<p>Principi\u0101ls l\u0113mums par laimestu: Netais\u012bties, bet ieguld\u012bt<\/p>\n<p>Viena no b\u016btisk\u0101kaj\u0101m t\u0113m\u0101m p\u0113c uzvaras ir laim\u0113t\u0101s naudas liktenis. Jur\u0123is Namejs Zvejnieks ir ap\u0146\u0113m\u012bbas pilns ieg\u016btos 10 000 eiro neiz\u0161\u0137\u0113rd\u0113t, bet gan m\u0113r\u0137tiec\u012bgi ieguld\u012bt sav\u0101 muzik\u0101laj\u0101 n\u0101kotn\u0113. \u0160is l\u0113mums atspogu\u013co vi\u0146a nopietno attieksmi pret jauno karjeru, kas j\u0101s\u0101k veidot p\u0113c \u0161ova nosl\u0113guma.<\/p>\n<p>Sarun\u0101 ar medijiem Zvejnieks atkl\u0101ja, ka papildus ieguld\u012bjumam m\u016bzik\u0101, da\u013cu l\u012bdzek\u013cu pl\u0101nots t\u0113r\u0113t nelielam ce\u013cojumam. Vi\u0146\u0161 uzsver, ka p\u0113c \u0161ova ir gatavs akt\u012bvi darboties un kop\u0101 ar savu komandu pl\u0101no tuv\u0101ko n\u0101kotni. \u0160\u012b atbild\u012bg\u0101 pieeja ir svar\u012bga, lai nodro\u0161in\u0101tu ilgtermi\u0146a izaugsmi m\u016bzikas industrij\u0101.<\/p>\n<p>N\u0101kotnes v\u012bzijas: M\u016bzika k\u0101 priorit\u0101te, studijas \u2013 otr\u0101 pl\u0101n\u0101<\/p>\n<p>Jur\u0123is Namejs Zvejnieks (vai Namejs) pau\u017e lielu p\u0101rliec\u012bbu par sav\u0101m sp\u0113j\u0101m m\u016bzik\u0101 un skaidri pau\u017e v\u0113lmi turpin\u0101t iet tie\u0161i \u0161aj\u0101 virzien\u0101. Vi\u0146a debijas singls \u201c\u0100deres\u201d jau ir publiskots, kas iez\u012bm\u0113 profesion\u0101las m\u016bzikas gaitas s\u0101kumu. M\u016bzi\u0137is nor\u0101da, ka \u201cm\u016bzika vienm\u0113r bijis mans sapnis\u201d, un tagad vi\u0146\u0161 j\u016btas \u012bpa\u0161i p\u0101rliecin\u0101ts par sav\u0101m sp\u0113j\u0101m uz skatuves.<\/p>\n<p>Lai gan m\u016bzikas priorit\u0101te ir augsta, Jur\u0123is pl\u0101no pabeigt ar\u012b savas antropolo\u0123ijas studijas Latvijas Universit\u0101t\u0113. \u0160\u0101da divu \u013coti at\u0161\u0137ir\u012bgu jomu \u2013 rado\u0161\u0101s un akad\u0113misk\u0101s \u2013 apvieno\u0161ana prasa sp\u0113ju nezaud\u0113t kontroli, par ko vi\u0146\u0161 run\u0101jis ar\u012b k\u0101d\u0101 no sav\u0101m uzst\u0101\u0161an\u0101s dziesm\u0101m.<\/p>\n<p>Ieguld\u012bjuma strat\u0113\u0123ija un muzik\u0101l\u0101 identit\u0101te<\/p>\n<p>Invest\u012bcijas ieg\u016btaj\u0101 naud\u0101 tiks novirz\u012btas, visticam\u0101k, profesion\u0101lu m\u016bzikas produktu rad\u012b\u0161anai \u2013 ierakstiem, aran\u017eij\u0101m vai iesp\u0113jams, ar\u012b jaunu koncertt\u016bru ietvaru veido\u0161anai. \u0160\u0101di soli ir b\u016btiski, lai talant\u012bgais jaunietis nepazustu aiz \u201cX Faktora\u201d slavas mirk\u013ca.<\/p>\n<p>M\u0101kslinieks sav\u0101 ce\u013c\u0101 ap\u0146emas \u013cauties izaicin\u0101jumiem, jo uzskata, ka bez tiem profesij\u0101 uz priek\u0161u netikt. Vi\u0146a jaunieg\u016bt\u0101 publisk\u0101 atpaz\u012bstam\u012bba un finansi\u0101lais atbalsts sniedz stabilu pamatu, lai Namejs turpin\u0101tu veidot savu unik\u0101lo muzik\u0101lo identit\u0101ti Latvijas izklaides vid\u0113, balstoties uz savu \u201csirsni\u0146as balsi\u201d un degsmi.<\/p>\n","protected":false},"excerpt":{"rendered":"Jaun\u0101 talanta triumfs: Jur\u0123is Namejs Zvejnieks ieg\u016bst \u201cX Faktora\u201d titulu Latvijas telev\u012bzijas talantu \u0161ova \u201cX Faktors\u201d sest\u0101s sezonas&hellip;\n","protected":false},"author":2,"featured_media":84455,"comment_status":"","ping_status":"","sticky":false,"template":"","format":"standard","meta":{"footnotes":""},"categories":[19],"tags":[21314,89,90,18774,35,39,38,36,37,34,40,21313,21312,21315],"class_list":{"0":"post-84454","1":"post","2":"type-post","3":"status-publish","4":"format-standard","5":"has-post-thumbnail","7":"category-izklaide","8":"tag-10-000-eiro-ieguldijums","9":"tag-entertainment","10":"tag-izklaide","11":"tag-jurgis-namejs-zvejnieks","12":"tag-latvia","13":"tag-latvian","14":"tag-latviesu","15":"tag-latviesu-valoda","16":"tag-latviesuvaloda","17":"tag-latvija","18":"tag-lv","19":"tag-namejs-muzika","20":"tag-x-faktors-uzvaretajs","21":"tag-zvejnieku-gimene-sleposana"},"share_on_mastodon":{"url":"https:\/\/pubeurope.com\/@lv\/115770297199918764","error":""},"_links":{"self":[{"href":"https:\/\/www.europesays.com\/lv\/wp-json\/wp\/v2\/posts\/84454","targetHints":{"allow":["GET"]}}],"collection":[{"href":"https:\/\/www.europesays.com\/lv\/wp-json\/wp\/v2\/posts"}],"about":[{"href":"https:\/\/www.europesays.com\/lv\/wp-json\/wp\/v2\/types\/post"}],"author":[{"embeddable":true,"href":"https:\/\/www.europesays.com\/lv\/wp-json\/wp\/v2\/users\/2"}],"replies":[{"embeddable":true,"href":"https:\/\/www.europesays.com\/lv\/wp-json\/wp\/v2\/comments?post=84454"}],"version-history":[{"count":0,"href":"https:\/\/www.europesays.com\/lv\/wp-json\/wp\/v2\/posts\/84454\/revisions"}],"wp:featuredmedia":[{"embeddable":true,"href":"https:\/\/www.europesays.com\/lv\/wp-json\/wp\/v2\/media\/84455"}],"wp:attachment":[{"href":"https:\/\/www.europesays.com\/lv\/wp-json\/wp\/v2\/media?parent=84454"}],"wp:term":[{"taxonomy":"category","embeddable":true,"href":"https:\/\/www.europesays.com\/lv\/wp-json\/wp\/v2\/categories?post=84454"},{"taxonomy":"post_tag","embeddable":true,"href":"https:\/\/www.europesays.com\/lv\/wp-json\/wp\/v2\/tags?post=84454"}],"curies":[{"name":"wp","href":"https:\/\/api.w.org\/{rel}","templated":true}]}}