{"id":84478,"date":"2025-12-23T19:04:10","date_gmt":"2025-12-23T19:04:10","guid":{"rendered":"https:\/\/www.europesays.com\/lv\/84478\/"},"modified":"2025-12-23T19:04:10","modified_gmt":"2025-12-23T19:04:10","slug":"latvijas-bobsleja-izlase-pasaules-kausa-posma-sigulda-kalenda-un-ungurs-ieguva-13-vietu-grantins-18-lente-lv","status":"publish","type":"post","link":"https:\/\/www.europesays.com\/lv\/84478\/","title":{"rendered":"Latvijas Bobsleja Izlase Pasaules Kausa Posm\u0101 Siguld\u0101 \u2013 Kalenda un Ungurs Ieguva 13. Vietu, Granti\u0146\u0161 \u2013 18.\u00a0\u2014\u00a0Lente.lv"},"content":{"rendered":"<p>M\u0101jas Trase Nesniedz Gaid\u012bto Rezult\u0101tu Divnieku Sacens\u012bb\u0101s<\/p>\n<p>Latvijas bobsleja ekip\u0101\u017e\u0101m, kas \u0161oned\u0113\u013c m\u0101j\u0101s, Siguldas tras\u0113, sacent\u0101s IBSF Pasaules kausa posm\u0101, nosl\u0113dz\u0101s ar rezult\u0101tiem \u0101rpus pirm\u0101 desmitnieka. K\u0101 inform\u0113 port\u0101ls jauns.lv, sv\u0113tdienas sacens\u012bb\u0101s v\u012bru divnieku ieskait\u0113 lab\u0101ko rezult\u0101tu sasniedza J\u0113kaba Kalendas un st\u016bm\u0113ja Edgara Ungura duets, izc\u012bnot 13. poz\u012bciju. Tikm\u0113r otra Latvijas ekip\u0101\u017ea, kuru p\u0101rst\u0101v\u0113ja Ren\u0101rs Granti\u0146\u0161 ar Arni Bebri\u0161u, ierindoj\u0101s 18. viet\u0101 starp 25 start\u0113ju\u0161aj\u0101m komand\u0101m.<\/p>\n<p>\u0160is posms bija \u012bpa\u0161i noz\u012bm\u012bgs, jo sportisti \u0161aj\u0101 sezon\u0101 akt\u012bvi c\u012bn\u0101s par ce\u013caz\u012bm\u0113m uz gaid\u0101maj\u0101m 2026. gada Mil\u0101nas un Kort\u012bnas d&#8217;Ampeco olimpiskaj\u0101m sp\u0113l\u0113m. Lai gan m\u0101jas trase parasti sniedz priek\u0161roc\u012bbas, \u0161oreiz Latvijas sportisti nesp\u0113ja piln\u012bb\u0101 izmantot zin\u0101\u0161anas par sare\u017e\u0123\u012bto Siguldas trasi.<\/p>\n<p>Kalendas Ekip\u0101\u017eas K\u0101pums un Kritums Braucienos<\/p>\n<p>J\u0113kaba Kalendas un Edgara Ungura ekip\u0101\u017eai sv\u0113tdienas sacens\u012bbas iez\u012bm\u0113j\u0101s ar liel\u0101m sv\u0101rst\u012bb\u0101m. P\u0113c pirm\u0101 brauciena latvie\u0161i atrad\u0101s iev\u0113rojam\u0101, 8. viet\u0101, kas rad\u012bja cer\u012bbas uz lab\u0101ku fin\u0101la rezult\u0101tu. Tom\u0113r otraj\u0101 nobraucien\u0101 vi\u0146u sniegums iev\u0113rojami pasliktin\u0101j\u0101s, sasniedzot tikai 18. lab\u0101ko laiku. \u0160is rezult\u0101ts summ\u0101 Kalendam un Unguram at\u0146\u0113ma iesp\u0113ju iek\u013c\u016bt lab\u0101ko desmitniek\u0101, beigu beig\u0101s \u013caujot ie\u0146emt 13. vietu ar 1,46 sekun\u017eu starp\u012bbu l\u012bdz uzvar\u0113t\u0101jiem.<\/p>\n<p>J\u0101piebilst, ka sestdien, Kalenda ar Mat\u012bsu Mikni sp\u0113ja sasniegt 7. vietu, kas, k\u0101 atz\u012bm\u0113ts, bija \u0161\u012bs sezonas lab\u0101kais rezult\u0101ts Latvijas v\u012bru ekip\u0101\u017e\u0101m. T\u0101pat sestdien Granti\u0146\u0161 piedz\u012bvoja kritienu otraj\u0101 braucien\u0101, kas b\u016btiski ietekm\u0113ja vi\u0146a galarezult\u0101tu.<\/p>\n<p>Granti\u0146a Stabiliz\u0101cija Un Kop\u0113j\u0101 Konkurence<\/p>\n<p>Ren\u0101rs Granti\u0146\u0161, kur\u0161 ar Arni Bebri\u0161u sv\u0113tdien fini\u0161\u0113ja 18. poz\u012bcij\u0101, otraj\u0101 braucien\u0101 savu laiku uzlaboja par 0,63 sekund\u0113m sal\u012bdzin\u0101jum\u0101 ar pirmo m\u0113\u0123in\u0101jumu. Tom\u0113r divu braucienu summ\u0101 vi\u0146a ekip\u0101\u017ea piek\u0101p\u0101s uzvar\u0113t\u0101jiem par 1,77 sekund\u0113m. Lai gan rezult\u0101ts nav augst\u0101kais, \u0161\u0101dos Pasaules kausa posmos, kur c\u012b\u0146a ir \u012bpa\u0161i s\u012bva, katra poz\u012bcija ir svar\u012bga.<\/p>\n<p>V\u012bru divnieku ieskait\u0113 domin\u0113ja V\u0101cijas sportisti, kuri ie\u0146\u0113ma visas goda vietas. Uzvaru svin\u0113ja Johanness Lohners ar savu ekip\u0101\u017eu, fini\u0161\u0113jot min\u016bt\u0113 un 38,84 sekund\u0113s. Fran\u010desko Fr\u012bdrihs atpalika par 0,53 sekund\u0113m, bet tre\u0161aj\u0101 viet\u0101 ierindoj\u0101s Adams Amm\u016brs, zaud\u0113jot 0,82 sekundes.<\/p>\n<p>Ieskats Junioru Ieskait\u0113 un Sievie\u0161u Debija<\/p>\n<p>Lai gan pieaugu\u0161o konkurenc\u0113 rezult\u0101ti bija \u0101rpus lab\u0101ko godalgoto vietu, junioru ieskait\u0113 Latvijas sportistiem ir pamats g\u016bt pozit\u012bvas atzi\u0146as. J\u0113kabs Kalenda \u0161obr\u012bd kopv\u0113rt\u0113jum\u0101 ie\u0146em 9. vietu, bet Ren\u0101rs Granti\u0146\u0161 \u2013 21. poz\u012bciju. Tom\u0113r junioru ieskait\u0113 latvie\u0161u sportisti atrodas attiec\u012bgi otraj\u0101 un ceturtaj\u0101 viet\u0101, kas nor\u0101da uz potenci\u0101la esam\u012bbu n\u0101kotn\u0113.<\/p>\n<p>T\u0101pat \u0161aj\u0101 Siguldas posm\u0101 notika v\u0113sturisks notikums Latvijas bobslejam, jo Am\u0113lija Kot\u0101ne kop\u0101 ar Just\u012bni B\u0113rzi\u0146u debit\u0113ja IBSF Pasaules kausa izc\u012b\u0146\u0101 sievie\u0161u divnieku sacens\u012bb\u0101s, ie\u0146emot 18. vietu no 19 start\u0113ju\u0161aj\u0101m ekip\u0101\u017e\u0101m. Kot\u0101ne ir pirm\u0101 Latvijas bobslejiste, kas Pasaules kaus\u0101 piedal\u012bjusies kop\u0161 2008. gada. Vi\u0146a iepriek\u0161 debit\u0113ja ar\u012b monobob\u0101, fini\u0161\u0113jot 19. viet\u0101.<\/p>\n<p>N\u0101kamie So\u013ci un Sezonas Perspekt\u012bva<\/p>\n<p>Siguldas posms iez\u012bm\u0113ja 2025. gada sacens\u012bbu kalend\u0101ra nosl\u0113gumu. P\u0113c Jaun\u0101 gada Pasaules kausa sacens\u012bbas turpin\u0101sies V\u0101cij\u0101 \u2013 Vinterberg\u0101, Sanktmoric\u0101 un Altenberg\u0101. Latvijas Bobsleja un Skeletona Feder\u0101cija (LBSF) cer, ka sportisti sp\u0113s izmantot m\u0101j\u0101s ieg\u016bto pieredzi, lai uzlabotu savu sniegumu turpm\u0101kajos starptautiskajos ma\u010dos, \u012bpa\u0161i olimpisk\u0101s kvalifik\u0101cijas kontekst\u0101.<\/p>\n<p>Latvijas izlases galvenais treneris jau iepriek\u0161 atzinis, ka sezonas s\u0101kums nav bijis \u012bpa\u0161i veiksm\u012bgs, tom\u0113r jauno sportistu iesaiste starptautiskaj\u0101 aprit\u0113 ir v\u0113rt\u0113jama k\u0101 noz\u012bm\u012bgs solis.<\/p>\n","protected":false},"excerpt":{"rendered":"M\u0101jas Trase Nesniedz Gaid\u012bto Rezult\u0101tu Divnieku Sacens\u012bb\u0101s Latvijas bobsleja ekip\u0101\u017e\u0101m, kas \u0161oned\u0113\u013c m\u0101j\u0101s, Siguldas tras\u0113, sacent\u0101s IBSF Pasaules&hellip;\n","protected":false},"author":2,"featured_media":84479,"comment_status":"","ping_status":"","sticky":false,"template":"","format":"standard","meta":{"footnotes":""},"categories":[17],"tags":[2158,11555,35,39,38,36,37,34,21322,40,20386,11556,67],"class_list":{"0":"post-84478","1":"post","2":"type-post","3":"status-publish","4":"format-standard","5":"has-post-thumbnail","7":"category-sports","8":"tag-bobslejs","9":"tag-jekabs-kalenda","10":"tag-latvia","11":"tag-latvian","12":"tag-latviesu","13":"tag-latviesu-valoda","14":"tag-latviesuvaloda","15":"tag-latvija","16":"tag-latvijas-bobsleja-izlase","17":"tag-lv","18":"tag-pasaules-kauss-sigulda","19":"tag-renars-grantins","20":"tag-sports"},"share_on_mastodon":{"url":"https:\/\/pubeurope.com\/@lv\/115770442629779657","error":""},"_links":{"self":[{"href":"https:\/\/www.europesays.com\/lv\/wp-json\/wp\/v2\/posts\/84478","targetHints":{"allow":["GET"]}}],"collection":[{"href":"https:\/\/www.europesays.com\/lv\/wp-json\/wp\/v2\/posts"}],"about":[{"href":"https:\/\/www.europesays.com\/lv\/wp-json\/wp\/v2\/types\/post"}],"author":[{"embeddable":true,"href":"https:\/\/www.europesays.com\/lv\/wp-json\/wp\/v2\/users\/2"}],"replies":[{"embeddable":true,"href":"https:\/\/www.europesays.com\/lv\/wp-json\/wp\/v2\/comments?post=84478"}],"version-history":[{"count":0,"href":"https:\/\/www.europesays.com\/lv\/wp-json\/wp\/v2\/posts\/84478\/revisions"}],"wp:featuredmedia":[{"embeddable":true,"href":"https:\/\/www.europesays.com\/lv\/wp-json\/wp\/v2\/media\/84479"}],"wp:attachment":[{"href":"https:\/\/www.europesays.com\/lv\/wp-json\/wp\/v2\/media?parent=84478"}],"wp:term":[{"taxonomy":"category","embeddable":true,"href":"https:\/\/www.europesays.com\/lv\/wp-json\/wp\/v2\/categories?post=84478"},{"taxonomy":"post_tag","embeddable":true,"href":"https:\/\/www.europesays.com\/lv\/wp-json\/wp\/v2\/tags?post=84478"}],"curies":[{"name":"wp","href":"https:\/\/api.w.org\/{rel}","templated":true}]}}