{"id":84542,"date":"2025-12-23T20:30:08","date_gmt":"2025-12-23T20:30:08","guid":{"rendered":"https:\/\/www.europesays.com\/lv\/84542\/"},"modified":"2025-12-23T20:30:08","modified_gmt":"2025-12-23T20:30:08","slug":"latvijas-am-atbalsta-daniju-trampa-vizijai-par-grenlandes-iegusanu-lente-lv","status":"publish","type":"post","link":"https:\/\/www.europesays.com\/lv\/84542\/","title":{"rendered":"Latvijas \u0100M atbalsta D\u0101niju Trampa v\u012bzijai par Grenlandes ieg\u016b\u0161anu\u00a0\u2014\u00a0Lente.lv"},"content":{"rendered":"<p>Latvijas nost\u0101ja teritori\u0101l\u0101s integrit\u0101tes jaut\u0101jum\u0101<\/p>\n<p>Rea\u0123\u0113jot uz ASV prezidenta Donalda Trampa l\u0113mumu iecelt \u012bpa\u0161o s\u016btni Grenlandes jaut\u0101jumos ar m\u0113r\u0137i padar\u012bt \u0161o salu par ASV da\u013cu, Latvijas \u0101rlietu ministre Baiba Bra\u017ee (JV) uzsv\u0113ra, ka teritori\u0101l\u0101s integrit\u0101tes un suverenit\u0101tes principi ir iz\u0161\u0137iro\u0161i, lai nodro\u0161in\u0101tu mieru un stabilit\u0101ti, nov\u0113r\u0161ot karus un konfliktus vis\u0101 pasaul\u0113.<\/p>\n<p>Ministre soci\u0101lajos t\u012bklos pauda nost\u0101ju, ka sabiedrotajiem ir j\u0101saglab\u0101 uztic\u012bba vienam otram un kop\u012bg\u0101m dro\u0161\u012bbas interes\u0113m. T\u0101pat Latvijas \u0101rlietu ministre uzsv\u0113ra, ka jaut\u0101jumus, kas skar Grenlandi, j\u0101lemj D\u0101nijai un pa\u0161ai Grenlandei.<\/p>\n<p>D\u0101nija rea\u0123\u0113 uz Trampa iecelto s\u016btni<\/p>\n<p>Jau zi\u0146ots, ka D\u0101nija nol\u0113musi izsaukt ASV v\u0113stnieku, rea\u0123\u0113jot uz Trampa l\u0113mumu iecelt \u012bpa\u0161o s\u016btni Grenlandes jaut\u0101jumos, k\u0101 to pazi\u0146oja D\u0101nijas \u0101rlietu ministrs Lars L\u0113ke Rasmusens pirmdien.<\/p>\n<p>Sv\u0113tdien D. Tramps bija iec\u0113lis Luizi\u0101nas gubernatoru D\u017eefu Lendriju par \u012bpa\u0161o s\u016btni Grenlandes jaut\u0101jumos. Grenlande ir D\u0101nijas autonom\u0101 teritorija. Pirmdien L. L. Rasmusens kritiz\u0113ja \u0161o soli, aicinot Va\u0161ingtonu cien\u012bt D\u0101nijas suverenit\u0101ti.<\/p>\n<p>Pirmdien Tramps platform\u0101 Truth Social pazi\u0146oja, ka Lendrijs &#8220;izprot, cik svar\u012bga Grenlande ir m\u016bsu nacion\u0101lajai dro\u0161\u012bbai, un c\u012bt\u012bgi aizst\u0101v\u0113s m\u016bsu valsts intereses \u2013 m\u016bsu sabiedroto dro\u0161\u012bbas un izdz\u012bvo\u0161anas, un, protams, visas pasaules interes\u0113s&#8221;.<\/p>\n<p>Atbildot Trampam, Lendrijs platform\u0101 X rakst\u012bja: &#8220;Man ir gods kalpot Jums \u0161aj\u0101 br\u012bvpr\u0101t\u012bgaj\u0101 amat\u0101, lai Grenlande k\u013c\u016btu par da\u013cu no ASV&#8221;.<\/p>\n<p>Kopenh\u0101genas stingr\u0101 atbilde<\/p>\n<p>D\u0101nijas \u0101rlietu ministrs intervij\u0101 telev\u012bzijas kan\u0101lam TV2 nor\u0101d\u012bja, ka \u0161\u012b iecel\u0161ana un l\u012bdz\u012bgi izteikumi ir &#8220;piln\u012bgi nepie\u0146emami&#8221;, un pazi\u0146oja, ka vi\u0146a vad\u012bt\u0101 ministrija tuv\u0101kaj\u0101s dien\u0101s izsauks ASV v\u0113stnieku, lai &#8220;sa\u0146emtu paskaidrojumus&#8221;.<\/p>\n<blockquote><p>&#8220;Kam\u0113r mums D\u0101nij\u0101 past\u0101v karaliste, kas sast\u0101v no D\u0101nijas, F\u0113ru sal\u0101m un Grenlandes, m\u0113s nevaram pie\u0146emt m\u0113\u0123in\u0101jumus apdraud\u0113t m\u016bsu suverenit\u0101ti,&#8221; <\/p><\/blockquote>\n<p>\u2014 uzsv\u0113ra Rasmusens.<\/p>\n<p>Grenlandes un D\u0101nijas vienot\u0101 poz\u012bcija<\/p>\n<p>Grenlandes premjerministrs Jenss-Frederiks N\u012blsens savuk\u0101rt atz\u012bm\u0113ja, ka \u0161\u012b iecel\u0161ana &#8220;nekas nemaina \u0161eit uz vietas&#8221;.<\/p>\n<p>&#8220;M\u0113s pa\u0161i noteiksim savu n\u0101kotni. Grenlande ir m\u016bsu zeme,&#8221; vi\u0146\u0161 rakst\u012bja soci\u0101lo t\u012bklu platform\u0101 Facebook, piebilstot: &#8220;Grenlande pieder Grenlandes iedz\u012bvot\u0101jiem, un teritori\u0101l\u0101 integrit\u0101te ir j\u0101iev\u0113ro&#8221;.<\/p>\n<p>Sabiedrisk\u0101s domas aptauju rezult\u0101ti, kas tika veikti janv\u0101r\u012b, liecina, ka liel\u0101k\u0101 da\u013ca Grenlandes iedz\u012bvot\u0101ju v\u0113las, lai sala k\u013c\u016btu neatkar\u012bga no D\u0101nijas, bet nev\u0113las, lai t\u0101 k\u013c\u016btu par ASV da\u013cu.<\/p>\n<p>Gan D\u0101nijas, gan Grenlandes vad\u012bt\u0101ji vair\u0101kk\u0101rt ir uzsv\u0113ru\u0161i, ka Grenlande nav p\u0101rdo\u0161an\u0101 un ka tie\u0161i vi\u0146i pa\u0161i noteiks savu n\u0101kotni. \u0160\u012b D\u0101nijas sabiedrot\u0101s poz\u012bcija nost\u0101da Latviju solidarit\u0101tes apliecin\u0101jum\u0101 ar Kopenh\u0101genu, nostiprinot principu, ka maz\u0101ku valstu teritori\u0101lais st\u0101voklis nav main\u0101ms viena valsts v\u0113l\u0113\u0161an\u0101s.<\/p>\n","protected":false},"excerpt":{"rendered":"Latvijas nost\u0101ja teritori\u0101l\u0101s integrit\u0101tes jaut\u0101jum\u0101 Rea\u0123\u0113jot uz ASV prezidenta Donalda Trampa l\u0113mumu iecelt \u012bpa\u0161o s\u016btni Grenlandes jaut\u0101jumos ar&hellip;\n","protected":false},"author":2,"featured_media":84543,"comment_status":"","ping_status":"","sticky":false,"template":"","format":"standard","meta":{"footnotes":""},"categories":[14],"tags":[23,57,447,28,29,1418,542,32,33,20878,22,30,31,35,39,38,36,37,34,40,20,26,27,19772,24,25,54,55,56,21,58],"class_list":{"0":"post-84542","1":"post","2":"type-post","3":"status-publish","4":"format-standard","5":"has-post-thumbnail","7":"category-zinas-no-arvalstim","8":"tag-aktualitates","9":"tag-arvalstim","10":"tag-baiba-braze","11":"tag-breaking-news","12":"tag-breakingnews","13":"tag-danija","14":"tag-donalds-tramps","15":"tag-featured-news","16":"tag-featurednews","17":"tag-grenlande","18":"tag-headlines","19":"tag-latest-news","20":"tag-latestnews","21":"tag-latvia","22":"tag-latvian","23":"tag-latviesu","24":"tag-latviesu-valoda","25":"tag-latviesuvaloda","26":"tag-latvija","27":"tag-lv","28":"tag-news","29":"tag-popularakas-zinas","30":"tag-popularakaszinas","31":"tag-teritoriala-integritate","32":"tag-top-stories","33":"tag-topstories","34":"tag-world","35":"tag-world-news","36":"tag-worldnews","37":"tag-zinas","38":"tag-zinas-no-arvalstim"},"share_on_mastodon":{"url":"https:\/\/pubeurope.com\/@lv\/115770780831454121","error":""},"_links":{"self":[{"href":"https:\/\/www.europesays.com\/lv\/wp-json\/wp\/v2\/posts\/84542","targetHints":{"allow":["GET"]}}],"collection":[{"href":"https:\/\/www.europesays.com\/lv\/wp-json\/wp\/v2\/posts"}],"about":[{"href":"https:\/\/www.europesays.com\/lv\/wp-json\/wp\/v2\/types\/post"}],"author":[{"embeddable":true,"href":"https:\/\/www.europesays.com\/lv\/wp-json\/wp\/v2\/users\/2"}],"replies":[{"embeddable":true,"href":"https:\/\/www.europesays.com\/lv\/wp-json\/wp\/v2\/comments?post=84542"}],"version-history":[{"count":0,"href":"https:\/\/www.europesays.com\/lv\/wp-json\/wp\/v2\/posts\/84542\/revisions"}],"wp:featuredmedia":[{"embeddable":true,"href":"https:\/\/www.europesays.com\/lv\/wp-json\/wp\/v2\/media\/84543"}],"wp:attachment":[{"href":"https:\/\/www.europesays.com\/lv\/wp-json\/wp\/v2\/media?parent=84542"}],"wp:term":[{"taxonomy":"category","embeddable":true,"href":"https:\/\/www.europesays.com\/lv\/wp-json\/wp\/v2\/categories?post=84542"},{"taxonomy":"post_tag","embeddable":true,"href":"https:\/\/www.europesays.com\/lv\/wp-json\/wp\/v2\/tags?post=84542"}],"curies":[{"name":"wp","href":"https:\/\/api.w.org\/{rel}","templated":true}]}}