{"id":84560,"date":"2025-12-23T20:54:19","date_gmt":"2025-12-23T20:54:19","guid":{"rendered":"https:\/\/www.europesays.com\/lv\/84560\/"},"modified":"2025-12-23T20:54:19","modified_gmt":"2025-12-23T20:54:19","slug":"mazs-prieks-liela-nozime-nato-vieniba-decembri-iepriecina-bernu-slimnicas-mazos-pacientus-tv3-lv","status":"publish","type":"post","link":"https:\/\/www.europesays.com\/lv\/84560\/","title":{"rendered":"\u201cMazs prieks, liela noz\u012bme!\u201d NATO vien\u012bba decembr\u012b iepriecina B\u0113rnu slimn\u012bcas mazos pacientus &#8211; tv3.lv"},"content":{"rendered":"<ol>\n<li><a href=\"https:\/\/news.google.com\/rss\/articles\/CBMixgFBVV95cUxOZExzLXQxMzFjMUVhN2tzZnJDc0xleXJZOVJlMUZaQ1VhbWRwN0xGWWFKa29ybHhPUVNWbnRreG9ZNDVTWEkzNVoyZmh5ZWRJT3BvVnVCUGlzamhOaWdjV0VqbVlVZC1jdVhwWHBYM2xjdG1VSE5PaGpkdkhHUkxhdGNYUjFzUHZXcG5vckxXNHpnQ2Rzd0JIM013RlZtOWRCdnYycnlULWNWWFNlUFZpV3k0RFhiQzBpMEhKVmlobElMOUdMOXc?oc=5\" target=\"_blank\" rel=\"nofollow noopener\">\u201cMazs prieks, liela noz\u012bme!\u201d NATO vien\u012bba decembr\u012b iepriecina B\u0113rnu slimn\u012bcas mazos pacientus<\/a>&nbsp;&nbsp;tv3.lv<\/li>\n<li><a href=\"https:\/\/news.google.com\/rss\/articles\/CBMi1AFBVV95cUxQT1FiNk14SjRqSFhRaUlrakI0MXhXZXJqTG4wZHZvV2J6V2xvQU85WVo3ZFR0MHhrNjdZS3plSTlBQkdoUENuOUtVWnJycnRQSVpBeGtGOVUtQ25YQVJRNU9MMC1WZlVQTjZSSUlPbkJicDZEbU92WDNyLWNDUVZ4XzVMM0xUckZlX0c3c1M2QnRrXzkwMENwZU1HY1FlZEhNc0lKZ1BOSkxCbUkybzhRb1QxSjd3R2xTQm4wcUJYUFVuczZpdzRURkdaajhyekxfNUNrcQ?oc=5\" target=\"_blank\" rel=\"nofollow noopener\">ASV Tieslietu ministrija publisko jaunus dokumentus Trampa k\u0101dreiz\u0113j\u0101 drauga, pedofila Epst\u012bna liet\u0101<\/a>&nbsp;&nbsp;Jauns.lv<\/li>\n<li><a href=\"https:\/\/news.google.com\/rss\/articles\/CBMisgFBVV95cUxPQkxIZHlVWEp6cl9mUmppMWVkRWp5dHdXZ3o5TjdERmdhYTBjT1l0X3FVd2ctVm9WbHFURmZVX0NCdENjcVlNYkFocFp2U1VHd2hOYnloTk9YS0ZDcHYzZVZhRzNGZ3dzYzludHFUQkR5M1JGOGVLNUdqV0cxa0E5VVRvNmR0bnZacy1taXdXRDlzYXNDY3ByQjhoQS1selVreURiRW42SS1TUzBKZUdreW9B?oc=5\" target=\"_blank\" rel=\"nofollow noopener\">Trampa fotogr\u0101fija atk\u0101rtoti public\u0113ta Epst\u012bna lietas dokumentos<\/a>&nbsp;&nbsp;Delfi<\/li>\n<li><a href=\"https:\/\/news.google.com\/rss\/articles\/CBMipwFBVV95cUxQX1U3di1ZTkcwczlvTXM2Q2pXYnJhWkR4akMtdlhOa2ZmSDlfNnVQNndJRVlBcmxRSTBLOENwczhncllxS29BYmZTcmRrY1Azc2lRSTBJNDZGMGZwX29Mekk5VlU5aTYxekc3YWQzRjVpaDM4VGJxbFdFd0lTcmFZM0xQTjNVRzZtZVpBRi1kNnFoWXN3NExkUHpwRHJ3NWRGaW4wdUFHMA?oc=5\" target=\"_blank\" rel=\"nofollow noopener\">No Epst\u012bna dokumentu b\u0101zes dz\u0113st\u0101 Trampa fotogr\u0101fija atkal redzama publiski<\/a>&nbsp;&nbsp;TVNET<\/li>\n<li><a href=\"https:\/\/news.google.com\/rss\/articles\/CBMixgFBVV95cUxPU05Nc0N6LVdlUkxyT1BWWWpiQjl2cVNkNUNtRk9ZanZYX0RvTkR1emRsVWNsdUhNbVBEaUgzTzEtNUdzbG5taXRxODlvajBuRlptODMtaFZ5cGZqUjJKMjBDRUQ1eGxBV0owTW5WSzdGY2liMUhjVEhOelZNekYxWkUySFROUzJfU1RhaVY0VE05cE82NXNyVzloZTRRV0VoYXhvV0JmbnBPdEd1eGJoemU2WDZBYVROQldEdy1zaDBpZzRQREE?oc=5\" target=\"_blank\" rel=\"nofollow noopener\">\u201cVi\u0146a \u0137ermenis bija aiz\u0137\u0113ries aiz zara.\u201d Klaj\u0101 n\u0101k baisas deta\u013cas par BMW ieg\u0101\u0161anos damb\u012b Panev\u0113\u017e\u0101<\/a>&nbsp;&nbsp;tv3.lv<\/li>\n<\/ol>\n","protected":false},"excerpt":{"rendered":"\u201cMazs prieks, liela noz\u012bme!\u201d NATO vien\u012bba decembr\u012b iepriecina B\u0113rnu slimn\u012bcas mazos pacientus&nbsp;&nbsp;tv3.lv ASV Tieslietu ministrija publisko jaunus dokumentus&hellip;\n","protected":false},"author":2,"featured_media":84561,"comment_status":"","ping_status":"","sticky":false,"template":"","format":"standard","meta":{"footnotes":""},"categories":[14],"tags":[23,57,21333,28,29,32,33,22,30,31,35,39,38,36,37,34,40,20,26,27,24,25,54,55,56,21,58],"class_list":{"0":"post-84560","1":"post","2":"type-post","3":"status-publish","4":"format-standard","5":"has-post-thumbnail","7":"category-zinas-no-arvalstim","8":"tag-aktualitates","9":"tag-arvalstim","10":"tag-bernu-slimnicabkus","11":"tag-breaking-news","12":"tag-breakingnews","13":"tag-featured-news","14":"tag-featurednews","15":"tag-headlines","16":"tag-latest-news","17":"tag-latestnews","18":"tag-latvia","19":"tag-latvian","20":"tag-latviesu","21":"tag-latviesu-valoda","22":"tag-latviesuvaloda","23":"tag-latvija","24":"tag-lv","25":"tag-news","26":"tag-popularakas-zinas","27":"tag-popularakaszinas","28":"tag-top-stories","29":"tag-topstories","30":"tag-world","31":"tag-world-news","32":"tag-worldnews","33":"tag-zinas","34":"tag-zinas-no-arvalstim"},"share_on_mastodon":{"url":"https:\/\/pubeurope.com\/@lv\/115770875112485183","error":""},"_links":{"self":[{"href":"https:\/\/www.europesays.com\/lv\/wp-json\/wp\/v2\/posts\/84560","targetHints":{"allow":["GET"]}}],"collection":[{"href":"https:\/\/www.europesays.com\/lv\/wp-json\/wp\/v2\/posts"}],"about":[{"href":"https:\/\/www.europesays.com\/lv\/wp-json\/wp\/v2\/types\/post"}],"author":[{"embeddable":true,"href":"https:\/\/www.europesays.com\/lv\/wp-json\/wp\/v2\/users\/2"}],"replies":[{"embeddable":true,"href":"https:\/\/www.europesays.com\/lv\/wp-json\/wp\/v2\/comments?post=84560"}],"version-history":[{"count":0,"href":"https:\/\/www.europesays.com\/lv\/wp-json\/wp\/v2\/posts\/84560\/revisions"}],"wp:featuredmedia":[{"embeddable":true,"href":"https:\/\/www.europesays.com\/lv\/wp-json\/wp\/v2\/media\/84561"}],"wp:attachment":[{"href":"https:\/\/www.europesays.com\/lv\/wp-json\/wp\/v2\/media?parent=84560"}],"wp:term":[{"taxonomy":"category","embeddable":true,"href":"https:\/\/www.europesays.com\/lv\/wp-json\/wp\/v2\/categories?post=84560"},{"taxonomy":"post_tag","embeddable":true,"href":"https:\/\/www.europesays.com\/lv\/wp-json\/wp\/v2\/tags?post=84560"}],"curies":[{"name":"wp","href":"https:\/\/api.w.org\/{rel}","templated":true}]}}