{"id":84562,"date":"2025-12-23T21:00:09","date_gmt":"2025-12-23T21:00:09","guid":{"rendered":"https:\/\/www.europesays.com\/lv\/84562\/"},"modified":"2025-12-23T21:00:09","modified_gmt":"2025-12-23T21:00:09","slug":"man-teica-ka-karjera-bus-tikai-resnas-meitenes-lomas","status":"publish","type":"post","link":"https:\/\/www.europesays.com\/lv\/84562\/","title":{"rendered":"man teica, ka karjera b\u016bs tikai \u201cresn\u0101s meitenes\u201d lom\u0101s"},"content":{"rendered":"<p>Aktrise par \u0161o skarbo pieredzi past\u0101st\u012bja raid\u012bjum\u0101 BBC Radio 4 \u201cDesert Island Discs\u201d. Vinsleta, kurai \u0161obr\u012bd ir 50 gadi, atceras, ka b\u0113rn\u012bb\u0101 bijusi \u201cdrukn\u0101ka\u201d. \u201cKad s\u0101ku aktierm\u0101kslu uztvert nopietn\u0101k un man bija b\u0113rnu a\u0123ents, \u013coti spilgti atceros vienu dr\u0101mas skolot\u0101ju, kura man teica: \u201cNu, m\u012b\u013c\u0101, tev b\u016bs karjera, ja vien b\u016bsi gatava samierin\u0101ties ar resn\u0101s meitenes lom\u0101m,\u201d\u201d vi\u0146a st\u0101sta.<\/p>\n","protected":false},"excerpt":{"rendered":"Aktrise par \u0161o skarbo pieredzi past\u0101st\u012bja raid\u012bjum\u0101 BBC Radio 4 \u201cDesert Island Discs\u201d. Vinsleta, kurai \u0161obr\u012bd ir 50&hellip;\n","protected":false},"author":2,"featured_media":84563,"comment_status":"","ping_status":"","sticky":false,"template":"","format":"standard","meta":{"footnotes":""},"categories":[14],"tags":[23,57,28,29,32,33,22,30,31,35,39,38,36,37,34,40,20,26,27,24,25,54,55,56,21,58],"class_list":{"0":"post-84562","1":"post","2":"type-post","3":"status-publish","4":"format-standard","5":"has-post-thumbnail","7":"category-zinas-no-arvalstim","8":"tag-aktualitates","9":"tag-arvalstim","10":"tag-breaking-news","11":"tag-breakingnews","12":"tag-featured-news","13":"tag-featurednews","14":"tag-headlines","15":"tag-latest-news","16":"tag-latestnews","17":"tag-latvia","18":"tag-latvian","19":"tag-latviesu","20":"tag-latviesu-valoda","21":"tag-latviesuvaloda","22":"tag-latvija","23":"tag-lv","24":"tag-news","25":"tag-popularakas-zinas","26":"tag-popularakaszinas","27":"tag-top-stories","28":"tag-topstories","29":"tag-world","30":"tag-world-news","31":"tag-worldnews","32":"tag-zinas","33":"tag-zinas-no-arvalstim"},"share_on_mastodon":{"url":"https:\/\/pubeurope.com\/@lv\/115770898700391553","error":""},"_links":{"self":[{"href":"https:\/\/www.europesays.com\/lv\/wp-json\/wp\/v2\/posts\/84562","targetHints":{"allow":["GET"]}}],"collection":[{"href":"https:\/\/www.europesays.com\/lv\/wp-json\/wp\/v2\/posts"}],"about":[{"href":"https:\/\/www.europesays.com\/lv\/wp-json\/wp\/v2\/types\/post"}],"author":[{"embeddable":true,"href":"https:\/\/www.europesays.com\/lv\/wp-json\/wp\/v2\/users\/2"}],"replies":[{"embeddable":true,"href":"https:\/\/www.europesays.com\/lv\/wp-json\/wp\/v2\/comments?post=84562"}],"version-history":[{"count":0,"href":"https:\/\/www.europesays.com\/lv\/wp-json\/wp\/v2\/posts\/84562\/revisions"}],"wp:featuredmedia":[{"embeddable":true,"href":"https:\/\/www.europesays.com\/lv\/wp-json\/wp\/v2\/media\/84563"}],"wp:attachment":[{"href":"https:\/\/www.europesays.com\/lv\/wp-json\/wp\/v2\/media?parent=84562"}],"wp:term":[{"taxonomy":"category","embeddable":true,"href":"https:\/\/www.europesays.com\/lv\/wp-json\/wp\/v2\/categories?post=84562"},{"taxonomy":"post_tag","embeddable":true,"href":"https:\/\/www.europesays.com\/lv\/wp-json\/wp\/v2\/tags?post=84562"}],"curies":[{"name":"wp","href":"https:\/\/api.w.org\/{rel}","templated":true}]}}