{"id":84566,"date":"2025-12-23T21:12:09","date_gmt":"2025-12-23T21:12:09","guid":{"rendered":"https:\/\/www.europesays.com\/lv\/84566\/"},"modified":"2025-12-23T21:12:09","modified_gmt":"2025-12-23T21:12:09","slug":"ukrainas-armija-atstajusi-siversku-kuru-krievu-okupanti-centas-ienemt-41-menesi","status":"publish","type":"post","link":"https:\/\/www.europesays.com\/lv\/84566\/","title":{"rendered":"Ukrainas armija atst\u0101jusi Siversku, kuru krievu okupanti cent\u0101s ie\u0146emt 41 m\u0113nesi"},"content":{"rendered":"<p>J\u0101piebilst, ka Krievijas atbalst\u012btie separ\u0101tisti pils\u0113tu jau ie\u0146\u0113ma 2014. gada apr\u012bl\u012b, kad vi\u0146i uzs\u0101ka karu Donbasa, bet j\u016blij\u0101 Ukrainas armija vi\u0146us patrieca. Pirms Krievijas pilna m\u0113roga inv\u0101zijas \u0161aj\u0101 pils\u0113t\u0101 dz\u012bvoja nepilni 11 000 iedz\u012bvot\u0101ju, kuru skaits jau 2023. gada j\u016blij\u0101 samazin\u0101j\u0101s l\u012bdz vienam t\u016bkstotim. Jau kara pirmaj\u0101 vasar\u0101 liel\u0101k\u0101 da\u013ca pils\u0113tas \u0113ku bija p\u0101rv\u0113rstas gruve\u0161os, ta\u010du okupantiem neizdev\u0101s pils\u0113tai pietuvoties. \u0160\u0101 gada ruden\u012b krievi ats\u0101ka ofens\u012bvu, bet 11. decembr\u012b Krievijas armijas \u0123ener\u0101l\u0161t\u0101ba priek\u0161nieks Val\u0113rijs Gerasimovs pazi\u0146oja, ka okupanti ir ie\u0146\u0113mu\u0161i pils\u0113tu, ko Ukrainas armija noliedza.<\/p>\n","protected":false},"excerpt":{"rendered":"J\u0101piebilst, ka Krievijas atbalst\u012btie separ\u0101tisti pils\u0113tu jau ie\u0146\u0113ma 2014. gada apr\u012bl\u012b, kad vi\u0146i uzs\u0101ka karu Donbasa, bet j\u016blij\u0101&hellip;\n","protected":false},"author":2,"featured_media":84567,"comment_status":"","ping_status":"","sticky":false,"template":"","format":"standard","meta":{"footnotes":""},"categories":[14],"tags":[23,57,28,29,32,33,22,30,31,35,39,38,36,37,34,40,20,26,27,24,25,54,55,56,21,58],"class_list":{"0":"post-84566","1":"post","2":"type-post","3":"status-publish","4":"format-standard","5":"has-post-thumbnail","7":"category-zinas-no-arvalstim","8":"tag-aktualitates","9":"tag-arvalstim","10":"tag-breaking-news","11":"tag-breakingnews","12":"tag-featured-news","13":"tag-featurednews","14":"tag-headlines","15":"tag-latest-news","16":"tag-latestnews","17":"tag-latvia","18":"tag-latvian","19":"tag-latviesu","20":"tag-latviesu-valoda","21":"tag-latviesuvaloda","22":"tag-latvija","23":"tag-lv","24":"tag-news","25":"tag-popularakas-zinas","26":"tag-popularakaszinas","27":"tag-top-stories","28":"tag-topstories","29":"tag-world","30":"tag-world-news","31":"tag-worldnews","32":"tag-zinas","33":"tag-zinas-no-arvalstim"},"share_on_mastodon":{"url":"https:\/\/pubeurope.com\/@lv\/115770945943181562","error":""},"_links":{"self":[{"href":"https:\/\/www.europesays.com\/lv\/wp-json\/wp\/v2\/posts\/84566","targetHints":{"allow":["GET"]}}],"collection":[{"href":"https:\/\/www.europesays.com\/lv\/wp-json\/wp\/v2\/posts"}],"about":[{"href":"https:\/\/www.europesays.com\/lv\/wp-json\/wp\/v2\/types\/post"}],"author":[{"embeddable":true,"href":"https:\/\/www.europesays.com\/lv\/wp-json\/wp\/v2\/users\/2"}],"replies":[{"embeddable":true,"href":"https:\/\/www.europesays.com\/lv\/wp-json\/wp\/v2\/comments?post=84566"}],"version-history":[{"count":0,"href":"https:\/\/www.europesays.com\/lv\/wp-json\/wp\/v2\/posts\/84566\/revisions"}],"wp:featuredmedia":[{"embeddable":true,"href":"https:\/\/www.europesays.com\/lv\/wp-json\/wp\/v2\/media\/84567"}],"wp:attachment":[{"href":"https:\/\/www.europesays.com\/lv\/wp-json\/wp\/v2\/media?parent=84566"}],"wp:term":[{"taxonomy":"category","embeddable":true,"href":"https:\/\/www.europesays.com\/lv\/wp-json\/wp\/v2\/categories?post=84566"},{"taxonomy":"post_tag","embeddable":true,"href":"https:\/\/www.europesays.com\/lv\/wp-json\/wp\/v2\/tags?post=84566"}],"curies":[{"name":"wp","href":"https:\/\/api.w.org\/{rel}","templated":true}]}}