{"id":84578,"date":"2025-12-23T21:29:07","date_gmt":"2025-12-23T21:29:07","guid":{"rendered":"https:\/\/www.europesays.com\/lv\/84578\/"},"modified":"2025-12-23T21:29:07","modified_gmt":"2025-12-23T21:29:07","slug":"volkswagen-vesture-pirmo-reizi-sledz-razotni-vacija-drezdenes-rupnica-tiks-aptureta-lente-lv","status":"publish","type":"post","link":"https:\/\/www.europesays.com\/lv\/84578\/","title":{"rendered":"Volkswagen v\u0113stur\u0113 pirmo reizi sl\u0113dz ra\u017eotni V\u0101cij\u0101: Drezdenes r\u016bpn\u012bca tiks aptur\u0113ta\u00a0\u2014\u00a0Lente.lv"},"content":{"rendered":"<p>Simbolisks solis V\u0101cijas r\u016bpniec\u012bb\u0101: Volkswagen aptur darb\u012bbu<\/p>\n<p>V\u0101cu autob\u016bves gigants Volkswagen gatavojas ierakst\u012bt sav\u0101 88 gadus ilgaj\u0101 v\u0113stur\u0113 precedentu, pirmo reizi v\u0113stur\u0113 apturot k\u0101du no sav\u0101m ra\u017eotn\u0113m V\u0101cijas teritorij\u0101. S\u0101kot no r\u012btdienas, uz\u0146\u0113mums piln\u012bb\u0101 p\u0101rtrauks automobi\u013cu ra\u017eo\u0161anu sav\u0101 Drezdenes r\u016bpn\u012bc\u0101, kas atrodas Saksijas feder\u0101laj\u0101 zem\u0113.<\/p>\n<p>\u0160is l\u0113mums tiek uztverts k\u0101 izmis\u012bgs solis, kas sekas daudzpus\u0113jam spiedienam, ar kuru Volkswagen sask\u0101ries p\u0113d\u0113jos gados. Ak\u016bta konkurence no \u0136\u012bnas ra\u017eot\u0101jiem, pirc\u0113ju piepras\u012bjuma stagn\u0101cija Eiropas auto tirg\u016b un l\u0113n\u0101kais nek\u0101 gaid\u012bts p\u0101reja uz elektromobi\u013ciem ir b\u016btiski pasliktin\u0101jis koncerna finansi\u0101lo un operat\u012bvo bilanci.<\/p>\n<p>Restrukturiz\u0101cijas pl\u0101ns un darbinieku n\u0101kotne<\/p>\n<p>\u0160\u012b kontekst\u0101 Volkswagen ir pan\u0101cis vieno\u0161anos ar savu r\u016bpn\u012bcu padomi un arodbiedr\u012bb\u0101m par pla\u0161u restrukturiz\u0101cijas pl\u0101nu V\u0101cij\u0101. \u0160is pl\u0101ns paredz atlai\u0161anu, kas skars aptuveni 35 000 darbinieku, k\u0101 ar\u012b ra\u017eo\u0161anas jaudu samazin\u0101\u0161anu vis\u0101 uz\u0146\u0113mum\u0101. Drezdenes r\u016bpn\u012bcas sl\u0113g\u0161ana ir da\u013ca no \u0161\u012bs pla\u0161\u0101k\u0101s restrukturiz\u0101cijas iniciat\u012bvas.<\/p>\n<p>Drezdenes r\u016bpn\u012bcas sl\u0113g\u0161anu veicin\u0101ja zema p\u0101rdo\u0161anas apjoma dinamika, \u012bpa\u0161i kritums \u0136\u012bnas tirg\u016b, stagn\u0101cija Eiropas tirg\u016b un eksporta apjomu bremz\u0113\u0161ana, ko izrais\u012bju\u0161i ASV piem\u0113rotie tarifi. \u0160ie faktori rad\u012bju\u0161i iev\u0113rojamu slogu Volkswagen naudas pl\u016bsmai, turkl\u0101t koncernam tuv\u0101ko piecu gadu laik\u0101 j\u0101finans\u0113 invest\u012bciju programma, kas sasniedz aptuveni 160 miljardus eiro.<\/p>\n<p>Zemais apjoms un simbolisk\u0101 noz\u012bme<\/p>\n<p>Drezdenes r\u016bpn\u012bca, kas savu darb\u012bbu s\u0101ka 2002. gad\u0101, kop\u0161 past\u0101v\u0113\u0161anas laika sara\u017eojusi maz\u0101k nek\u0101 200 000 automobi\u013cu. \u0160\u012b r\u016bpn\u012bca s\u0101kotn\u0113ji tika pozicion\u0113ta k\u0101 Volkswagen tehnolo\u0123iskais \u201cparaugdemonstr\u0113jums\u201d jeb \u201cflagmanis\u201d, demonstr\u0113jot jaun\u0101k\u0101s ra\u017eo\u0161anas metodes.<\/p>\n<p>S\u0101kotn\u0113ji \u0161eit tika mont\u0113ts luksusa sedans Phaeton, v\u0113l\u0101k r\u016bpn\u012bc\u0101 tika p\u0101rcelta ar\u012b elektroauto ID.3 ra\u017eo\u0161ana. Tom\u0113r nevienam no \u0161iem mode\u013ciem neizdev\u0101s sasniegt uz\u0146\u0113muma prognoz\u0113to ietekmi uz glob\u0101lajiem p\u0101rdo\u0161anas r\u0101d\u012bt\u0101jiem. \u0160\u012b r\u016bpn\u012bca atrodas biju\u0161\u0101s V\u0101cijas Demokr\u0101tisk\u0101s Republikas (VDR) teritorij\u0101, un t\u0101s sl\u0113g\u0161ana ir \u012bpa\u0161i j\u016bt\u012bga V\u0101cijas vienot\u012bbas kontekst\u0101.<\/p>\n<p>Anal\u012bti\u0137u v\u0113rt\u0113jums par n\u0101kotnes izaicin\u0101jumiem<\/p>\n<p>Nozares nov\u0113rot\u0101ji Drezdenes r\u016bpn\u012bcas sl\u0113g\u0161anu interpret\u0113 k\u0101 ierobe\u017eotu, ta\u010du simboliski noz\u012bm\u012bgu soliVolkswagen izdz\u012bvo\u0161anas c\u012b\u0146\u0101. \u0160\u012b c\u012b\u0146a notiek struktur\u0101lu probl\u0113mu vid\u0113, kas ietver:<\/p>\n<ul>\n<li>Asu konkurenci no \u0136\u012bnas autora\u017eot\u0101jiem;<\/li>\n<li>Tirdzniec\u012bbas politiku, ko \u012bsteno ASV;<\/li>\n<li>Augstas ener\u0123ijas cenas V\u0101cij\u0101;<\/li>\n<li>Stipru birokr\u0101tiju un pla\u0161as darbinieku ties\u012bbas, kas bie\u017ei vien pal\u0113nina restrukturiz\u0101cijas procesus.<\/li>\n<\/ul>\n<p>\u0160o faktoru kopums piespie\u017e v\u0101cu auto gigantu p\u0101rskat\u012bt savu glob\u0101lo ra\u017eo\u0161anas strat\u0113\u0123iju, fokus\u0113joties uz efektivit\u0101ti un \u0101tr\u0101ku piel\u0101go\u0161anos main\u012bgajai tirgus dinamikai.<\/p>\n","protected":false},"excerpt":{"rendered":"Simbolisks solis V\u0101cijas r\u016bpniec\u012bb\u0101: Volkswagen aptur darb\u012bbu V\u0101cu autob\u016bves gigants Volkswagen gatavojas ierakst\u012bt sav\u0101 88 gadus ilgaj\u0101 v\u0113stur\u0113&hellip;\n","protected":false},"author":2,"featured_media":84579,"comment_status":"","ping_status":"","sticky":false,"template":"","format":"standard","meta":{"footnotes":""},"categories":[16],"tags":[21345,21343,77,76,21342,35,39,38,36,37,34,40,21344,6239],"class_list":{"0":"post-84578","1":"post","2":"type-post","3":"status-publish","4":"format-standard","5":"has-post-thumbnail","7":"category-bizness","8":"tag-auto-nozares-restrukturizacija","9":"tag-autorazosana-vacija","10":"tag-bizness","11":"tag-business","12":"tag-drezdenes-rupnica","13":"tag-latvia","14":"tag-latvian","15":"tag-latviesu","16":"tag-latviesu-valoda","17":"tag-latviesuvaloda","18":"tag-latvija","19":"tag-lv","20":"tag-rupnicas-slegsana","21":"tag-volkswagen"},"share_on_mastodon":{"url":"https:\/\/pubeurope.com\/@lv\/115771012872226824","error":""},"_links":{"self":[{"href":"https:\/\/www.europesays.com\/lv\/wp-json\/wp\/v2\/posts\/84578","targetHints":{"allow":["GET"]}}],"collection":[{"href":"https:\/\/www.europesays.com\/lv\/wp-json\/wp\/v2\/posts"}],"about":[{"href":"https:\/\/www.europesays.com\/lv\/wp-json\/wp\/v2\/types\/post"}],"author":[{"embeddable":true,"href":"https:\/\/www.europesays.com\/lv\/wp-json\/wp\/v2\/users\/2"}],"replies":[{"embeddable":true,"href":"https:\/\/www.europesays.com\/lv\/wp-json\/wp\/v2\/comments?post=84578"}],"version-history":[{"count":0,"href":"https:\/\/www.europesays.com\/lv\/wp-json\/wp\/v2\/posts\/84578\/revisions"}],"wp:featuredmedia":[{"embeddable":true,"href":"https:\/\/www.europesays.com\/lv\/wp-json\/wp\/v2\/media\/84579"}],"wp:attachment":[{"href":"https:\/\/www.europesays.com\/lv\/wp-json\/wp\/v2\/media?parent=84578"}],"wp:term":[{"taxonomy":"category","embeddable":true,"href":"https:\/\/www.europesays.com\/lv\/wp-json\/wp\/v2\/categories?post=84578"},{"taxonomy":"post_tag","embeddable":true,"href":"https:\/\/www.europesays.com\/lv\/wp-json\/wp\/v2\/tags?post=84578"}],"curies":[{"name":"wp","href":"https:\/\/api.w.org\/{rel}","templated":true}]}}