{"id":84594,"date":"2025-12-23T21:51:12","date_gmt":"2025-12-23T21:51:12","guid":{"rendered":"https:\/\/www.europesays.com\/lv\/84594\/"},"modified":"2025-12-23T21:51:12","modified_gmt":"2025-12-23T21:51:12","slug":"ka-slavenibas-piekopj-ziemassvetku-tradicijas-lente-lv-2","status":"publish","type":"post","link":"https:\/\/www.europesays.com\/lv\/84594\/","title":{"rendered":"K\u0101 slaven\u012bbas piekopj Ziemassv\u0113tku trad\u012bcijas\u00a0\u2014\u00a0Lente.lv"},"content":{"rendered":"<p>Ievads: Ne tikai par d\u0101van\u0101m<\/p>\n<p>Ziemassv\u0113tki ir laiks, kad vis\u0101 pasaul\u0113 \u0123imenes pulc\u0113jas kop\u0101, lai baud\u012btu siltumu un \u012bpa\u0161as, p\u0101rbaud\u012btas trad\u012bcijas. Tom\u0113r slaven\u012bbu m\u0101j\u0101s \u0161ie sv\u0113tku ritu\u0101li bie\u017ei vien ieg\u016bst papildu odereju, kas at\u0161\u0137iras no ikdienas. K\u0101 zi\u0146o telekan\u0101ls TV3, da\u017ei sabiedr\u012bb\u0101 zin\u0101mi \u013caudis \u0161ajos sv\u0113tkos izce\u013cas ar negaid\u012btiem paradumiem \u2013 no \u013coti luksusa izpild\u012bjuma l\u012bdz pat vienk\u0101r\u0161\u0101m, ikdieni\u0161\u0137\u0101m izv\u0113l\u0113m, kas k\u013cuvu\u0161as par sv\u0113tku ritu\u0101lu.<\/p>\n<p>Pid\u017eamu kult\u016bra un sv\u0113tku ap\u0123\u0113rbs<\/p>\n<p>Viens no paman\u0101m\u0101kajiem piem\u0113riem, kas regul\u0101ri piesaista sabiedr\u012bbas uzman\u012bbu, ir Karda\u0161janu\u2013D\u017eeneru \u0123imene. Vi\u0146u Ziemassv\u0113tku r\u012bta trad\u012bcija ir t\u0113rpties saska\u0146ot\u0101s pid\u017eam\u0101s. \u0160\u012bs pid\u017eamas bie\u017ei tiek \u012bpa\u0161i pas\u016bt\u012btas no augstas klases z\u012bmoliem vai rad\u012btas sadarb\u012bb\u0101 ar dizaineriem, un to v\u0113rt\u012bba m\u0113dz b\u016bt iespaid\u012bga. \u0160is ritu\u0101ls ir p\u0101rv\u0113rties par gaid\u012btu notikumu soci\u0101lajos t\u012bklos, apliecinot, ka pat visvienk\u0101r\u0161\u0101kais r\u012bta ap\u0123\u0113rbs var k\u013c\u016bt par mediju fenomenu.<\/p>\n<p>Ziemassv\u0113tku malt\u012btes paradoksi<\/p>\n<p>Lai gan var\u0113tu \u0161\u0137ist, ka slaven\u012bbas Ziemassv\u0113tkos bauda tikai izsmalcin\u0101tus, gari gatavotus \u0113dienus, da\u017ei apzin\u0101ti no t\u0101 atsak\u0101s. Piem\u0113ram, dzied\u0101t\u0101ja Kriss Teigena (Chrissy Teigen) un vi\u0146as v\u012brs, m\u016bzi\u0137is D\u017eons Led\u017eends (John Legend), Ziemassv\u0113tku vakar\u0101 bie\u017ei vien lutina sevi ar \u0101tr\u0101s \u0113din\u0101\u0161anas pieg\u0101di. Vi\u0146i jau vair\u0101kus gadus tradicion\u0101li pas\u016bta malt\u012bti no \u201cMcDonald\u2019s\u201d. \u0160\u0101da izv\u0113le ir p\u0101rsteidzo\u0161s kontrasts ar ikdienas kulin\u0101rijas \u0161oviem, ta\u010du \u0123imenei t\u0101 k\u013cuvusi par m\u012b\u013cu un nepiespiestu sv\u0113tku ieradumu.<\/p>\n<p>Ziemassv\u0113tku karalienes aizj\u016bru izklaides<\/p>\n<p>Meraija Kerija (Mariah Carey), kuru bie\u017ei d\u0113v\u0113 par Ziemassv\u0113tku karalieni, pateicoties savai popul\u0101r\u0101kajai Ziemassv\u0113tku dziesmai, svin\u012bbas parasti veic v\u0113rien\u012bgi. Vi\u0146a kop\u0101 ar dv\u012b\u0146iem dodas uz Aspenu. Tur, atkar\u012bb\u0101 no cilv\u0113ku skaita, \u0123imene izmanto zirgu paj\u016bgus. Iet\u012bju\u0161ies silti, vi\u0146i izbauda braucienu pa sniegu zem zvaig\u017e\u0146ot\u0101m debes\u012bm, tradicion\u0101li dzerot karsto kakao. \u0160\u012b trad\u012bcija atkl\u0101j v\u0113lmi p\u0113c klasiskas, pasakainas Ziemassv\u0113tku v\u012bzijas.<\/p>\n<p>Trad\u012bcijas k\u0101 saikne ar kult\u016bru un pag\u0101tni<\/p>\n<p>Kam\u0113r \u0101rzemju slaven\u012bbu trad\u012bcijas m\u0113dz b\u016bt saist\u012btas ar luksusu vai popkult\u016bras elementiem, Latvij\u0101 \u0161aj\u0101 laik\u0101 joproj\u0101m tiek koptas sen\u0101kas, dzi\u013c\u0101kas saknes. M\u016bsu pa\u0161u sv\u0113tku kontekst\u0101 svar\u012bga ir saikne ar senlatvie\u0161u godiem, kad Ziemassv\u0113tki jeb ziemas saulgrie\u017ei bija dienasgaismas uzvaras svin\u012bbas. Lai gan slaven\u012bbu vid\u016b \u0161\u0101das trad\u012bcijas netiek tik pla\u0161i publiskotas, daudzi, t\u0101pat k\u0101 citviet pasaul\u0113, m\u0113\u0123ina saglab\u0101t \u0123imenes siltumu, egl\u012btes rot\u0101\u0161anu, un galvenok\u0101rt \u2013 kop\u012bgas malt\u012btes pie galda. \u0160\u012bs m\u016bsdienu svin\u012bbas atspogu\u013co dualit\u0101ti starp Rietumu ietekmi un viet\u0113jo kult\u016bras kodolu, \u013caujot katrai \u0123imenei, neatkar\u012bgi no t\u0101s publicit\u0101tes l\u012bme\u0146a, rad\u012bt savu unik\u0101lo sv\u0113tku st\u0101stu.<\/p>\n","protected":false},"excerpt":{"rendered":"Ievads: Ne tikai par d\u0101van\u0101m Ziemassv\u0113tki ir laiks, kad vis\u0101 pasaul\u0113 \u0123imenes pulc\u0113jas kop\u0101, lai baud\u012btu siltumu un&hellip;\n","protected":false},"author":2,"featured_media":84577,"comment_status":"","ping_status":"","sticky":false,"template":"","format":"standard","meta":{"footnotes":""},"categories":[19],"tags":[89,90,21340,35,39,38,36,37,34,40,19177,21339,21341,21338],"class_list":{"0":"post-84594","1":"post","2":"type-post","3":"status-publish","4":"format-standard","5":"has-post-thumbnail","7":"category-izklaide","8":"tag-entertainment","9":"tag-izklaide","10":"tag-kardasjanas","11":"tag-latvia","12":"tag-latvian","13":"tag-latviesu","14":"tag-latviesu-valoda","15":"tag-latviesuvaloda","16":"tag-latvija","17":"tag-lv","18":"tag-meraija-kerija","19":"tag-slavenibu-svetki","20":"tag-svetku-paradumi","21":"tag-ziemassvetku-tradicijas"},"share_on_mastodon":{"url":"https:\/\/pubeurope.com\/@lv\/115771099239906179","error":""},"_links":{"self":[{"href":"https:\/\/www.europesays.com\/lv\/wp-json\/wp\/v2\/posts\/84594","targetHints":{"allow":["GET"]}}],"collection":[{"href":"https:\/\/www.europesays.com\/lv\/wp-json\/wp\/v2\/posts"}],"about":[{"href":"https:\/\/www.europesays.com\/lv\/wp-json\/wp\/v2\/types\/post"}],"author":[{"embeddable":true,"href":"https:\/\/www.europesays.com\/lv\/wp-json\/wp\/v2\/users\/2"}],"replies":[{"embeddable":true,"href":"https:\/\/www.europesays.com\/lv\/wp-json\/wp\/v2\/comments?post=84594"}],"version-history":[{"count":0,"href":"https:\/\/www.europesays.com\/lv\/wp-json\/wp\/v2\/posts\/84594\/revisions"}],"wp:featuredmedia":[{"embeddable":true,"href":"https:\/\/www.europesays.com\/lv\/wp-json\/wp\/v2\/media\/84577"}],"wp:attachment":[{"href":"https:\/\/www.europesays.com\/lv\/wp-json\/wp\/v2\/media?parent=84594"}],"wp:term":[{"taxonomy":"category","embeddable":true,"href":"https:\/\/www.europesays.com\/lv\/wp-json\/wp\/v2\/categories?post=84594"},{"taxonomy":"post_tag","embeddable":true,"href":"https:\/\/www.europesays.com\/lv\/wp-json\/wp\/v2\/tags?post=84594"}],"curies":[{"name":"wp","href":"https:\/\/api.w.org\/{rel}","templated":true}]}}