{"id":84600,"date":"2025-12-23T22:15:08","date_gmt":"2025-12-23T22:15:08","guid":{"rendered":"https:\/\/www.europesays.com\/lv\/84600\/"},"modified":"2025-12-23T22:15:08","modified_gmt":"2025-12-23T22:15:08","slug":"2025-gads-latvijas-kultura-personibas-sasniegumi-spilgtakie-notikumi","status":"publish","type":"post","link":"https:\/\/www.europesays.com\/lv\/84600\/","title":{"rendered":"2025. gads Latvijas kult\u016br\u0101: person\u012bbas, sasniegumi, spilgt\u0101kie notikumi"},"content":{"rendered":"<p>Kult\u016bra vispirm\u0101m k\u0101rt\u0101m jau ir cilv\u0113ki, kuri to veido un iemieso. Kult\u016bra ir vi\u0146u veiksmes un izdo\u0161an\u0101s, k\u0101 ar\u012b sastap\u0161an\u0101s ar situ\u0101cij\u0101m kur\u0101s \u0161\u0137iet, ka talants netiek piln\u012bb\u0101 nov\u0113rt\u0113ts. Tiem, kuri \u0161os procesus v\u0113ro no malas (un t\u0101d\u0113j\u0101di ar\u012b ir kult\u016bras l\u012bdzrad\u012bt\u0101ji!), atliek \u0161\u0137etin\u0101t p\u0113c sav\u0101m person\u012bgaj\u0101m m\u0113raukl\u0101m \u2013 kas izdevies un kas ne. \u0160aj\u0101 p\u0101rskat\u0101 pace\u013cosim pa teju jau aizvad\u012bt\u0101, 2025. gada notikumiem Latvijas kult\u016br\u0101. Kas zina, varb\u016bt atkl\u0101sies kas nevi\u013cus gar\u0101m palaists un nepiefiks\u0113ts.<\/p>\n","protected":false},"excerpt":{"rendered":"Kult\u016bra vispirm\u0101m k\u0101rt\u0101m jau ir cilv\u0113ki, kuri to veido un iemieso. Kult\u016bra ir vi\u0146u veiksmes un izdo\u0161an\u0101s, k\u0101&hellip;\n","protected":false},"author":2,"featured_media":84601,"comment_status":"","ping_status":"","sticky":false,"template":"","format":"standard","meta":{"footnotes":""},"categories":[19],"tags":[454,19833,89,19692,6456,21350,90,21352,35,39,38,21349,36,37,34,21348,2123,7251,40,21353,18875,21351,6020],"class_list":{"0":"post-84600","1":"post","2":"type-post","3":"status-publish","4":"format-standard","5":"has-post-thumbnail","7":"category-izklaide","8":"tag-dailes-teatris","9":"tag-darta-danevica","10":"tag-entertainment","11":"tag-germans-ermics","12":"tag-gints-zilbalodis","13":"tag-gramatniecibas-vesture-latvija","14":"tag-izklaide","15":"tag-krists-auznieks","16":"tag-latvia","17":"tag-latvian","18":"tag-latviesu","19":"tag-latviesu-gramatai-500","20":"tag-latviesu-valoda","21":"tag-latviesuvaloda","22":"tag-latvija","23":"tag-latvijas-kino-vesture","24":"tag-latvijas-lellu-teatris","25":"tag-latvijas-nacionala-biblioteka","26":"tag-lv","27":"tag-mareunrols","28":"tag-medijpratiba-un-dezinformacija","29":"tag-olga-tokarcuka","30":"tag-spelmanu-nakts"},"share_on_mastodon":{"url":"https:\/\/pubeurope.com\/@lv\/115771193643063204","error":""},"_links":{"self":[{"href":"https:\/\/www.europesays.com\/lv\/wp-json\/wp\/v2\/posts\/84600","targetHints":{"allow":["GET"]}}],"collection":[{"href":"https:\/\/www.europesays.com\/lv\/wp-json\/wp\/v2\/posts"}],"about":[{"href":"https:\/\/www.europesays.com\/lv\/wp-json\/wp\/v2\/types\/post"}],"author":[{"embeddable":true,"href":"https:\/\/www.europesays.com\/lv\/wp-json\/wp\/v2\/users\/2"}],"replies":[{"embeddable":true,"href":"https:\/\/www.europesays.com\/lv\/wp-json\/wp\/v2\/comments?post=84600"}],"version-history":[{"count":0,"href":"https:\/\/www.europesays.com\/lv\/wp-json\/wp\/v2\/posts\/84600\/revisions"}],"wp:featuredmedia":[{"embeddable":true,"href":"https:\/\/www.europesays.com\/lv\/wp-json\/wp\/v2\/media\/84601"}],"wp:attachment":[{"href":"https:\/\/www.europesays.com\/lv\/wp-json\/wp\/v2\/media?parent=84600"}],"wp:term":[{"taxonomy":"category","embeddable":true,"href":"https:\/\/www.europesays.com\/lv\/wp-json\/wp\/v2\/categories?post=84600"},{"taxonomy":"post_tag","embeddable":true,"href":"https:\/\/www.europesays.com\/lv\/wp-json\/wp\/v2\/tags?post=84600"}],"curies":[{"name":"wp","href":"https:\/\/api.w.org\/{rel}","templated":true}]}}