{"id":84611,"date":"2025-12-23T22:27:08","date_gmt":"2025-12-23T22:27:08","guid":{"rendered":"https:\/\/www.europesays.com\/lv\/84611\/"},"modified":"2025-12-23T22:27:08","modified_gmt":"2025-12-23T22:27:08","slug":"ziemassvetku-horoskops-24-decembrim","status":"publish","type":"post","link":"https:\/\/www.europesays.com\/lv\/84611\/","title":{"rendered":"Ziemassv\u0113tku horoskops \u2013 24. decembrim"},"content":{"rendered":"<p>Dienas horoskops: Ziemassv\u0113tku vakars ienes\u012bs harmoniju un skaistumu. Prat\u012bsi rad\u012bt pat\u012bkamu atmosf\u0113ru un izl\u012bdzin\u0101t emocijas. Vakars b\u016bs maigs un romantisks.<br \/>M\u012blest\u012bba un karjera: Attiec\u012bb\u0101s vald\u012bs maigums un sapratne. Partneris sajut\u012bs tavu sirds mieru. Darb\u0101 \u2013 atp\u016bta. Pan\u0101kumi \u0161odien ir harmonij\u0101.<\/p>\n<p>Dienas horoskops: \u0160is vakars b\u016bs dzi\u013c\u0161 un emocion\u0101ls. Sajut\u012bsi v\u0113lmi p\u0113c paties\u0101m sarun\u0101m un tuv\u012bbas. Neaizver sirdi. Vakars b\u016bs dv\u0113selisks.<br \/>M\u012blest\u012bba un karjera: M\u012blest\u012bb\u0101 vald\u012bs intensit\u0101te un patiesums. Partneris nov\u0113rt\u0113s tavu god\u012bgumu. Darb\u0101 \u2013 pauze. Pan\u0101kumi ir iek\u0161\u0113j\u0101 mier\u0101.<\/p>\n<p>Dienas horoskops: Ziemassv\u0113tku vakars nes\u012bs optimismu un siltu noska\u0146u. Prat\u012bsi uzmundrin\u0101t citus un rad\u012bt gai\u0161u atmosf\u0113ru. Vakars b\u016bs priec\u012bgs.<br \/>M\u012blest\u012bba un karjera: Attiec\u012bb\u0101s vald\u012bs vieglums un smaids. Partneris nov\u0113rt\u0113s tavu pozit\u012bvismu. Darb\u0101 \u2013 br\u012bvdienu saj\u016bta. Pan\u0101kumi ir pateic\u012bb\u0101.<\/p>\n<p>Dienas horoskops: \u0160odien at\u013causi sev b\u016bt mier\u012bg\u0101kam nek\u0101 parasti. Nov\u0113rt\u0113si trad\u012bcijas un klusumu. Vakars sniegs stabilit\u0101ti un siltumu.<br \/>M\u012blest\u012bba un karjera: Attiec\u012bb\u0101s vald\u012bs uztic\u012bba un dro\u0161\u012bba. Partneris sajut\u012bs tavu kl\u0101tb\u016btni. Darb\u0101 \u2013 peln\u012bta atp\u016bta. Pan\u0101kumi ir mier\u0101.<\/p>\n<p>Dienas horoskops: Ziemassv\u0113tku vakar\u0101 b\u016bsi sirsn\u012bgs sav\u0101 unik\u0101laj\u0101 veid\u0101. Prat\u012bsi rad\u012bt \u012bpa\u0161u noska\u0146u. Vakars piem\u0113rots draudz\u012bg\u0101m sarun\u0101m.<br \/>M\u012blest\u012bba un karjera: Attiec\u012bb\u0101s vald\u012bs br\u012bv\u012bba un patiesums. Partneris nov\u0113rt\u0113s tavu atv\u0113rt\u012bbu. Darb\u0101 \u2013 pauze. Pan\u0101kumi ir autentiskum\u0101.<\/p>\n<p>Dienas horoskops: \u0160is vakars b\u016bs k\u0101 balzams dv\u0113selei. Sajut\u012bsi pateic\u012bbu, maigumu un dzi\u013cu mieru. At\u013cauj sev sap\u0146ot. Vakars b\u016bs \u012bpa\u0161i silts.<br \/>M\u012blest\u012bba un karjera: M\u012blest\u012bb\u0101 vald\u012bs emp\u0101tija un beznosac\u012bjuma pie\u0146em\u0161ana. Partneris sajut\u012bs tavu sirsn\u012bbu. Darb\u0101 \u2013 atelpa. Pan\u0101kumi ir m\u012blest\u012bb\u0101.<\/p>\n<p>Lai vis\u0101m zodiaka z\u012bm\u0113m veiksm\u012bga un harmoniska ned\u0113\u013ca!<\/p>\n<p>Teksts rad\u012bts ar m\u0101ksl\u012bg\u0101 intelekta pal\u012bdz\u012bbu un ir redaktora p\u0101rbaud\u012bts.<\/p>\n","protected":false},"excerpt":{"rendered":"Dienas horoskops: Ziemassv\u0113tku vakars ienes\u012bs harmoniju un skaistumu. Prat\u012bsi rad\u012bt pat\u012bkamu atmosf\u0113ru un izl\u012bdzin\u0101t emocijas. Vakars b\u016bs maigs&hellip;\n","protected":false},"author":2,"featured_media":84612,"comment_status":"","ping_status":"","sticky":false,"template":"","format":"standard","meta":{"footnotes":""},"categories":[19],"tags":[89,90,35,39,38,36,37,34,40,15961,9687,15033],"class_list":{"0":"post-84611","1":"post","2":"type-post","3":"status-publish","4":"format-standard","5":"has-post-thumbnail","7":"category-izklaide","8":"tag-entertainment","9":"tag-izklaide","10":"tag-latvia","11":"tag-latvian","12":"tag-latviesu","13":"tag-latviesu-valoda","14":"tag-latviesuvaloda","15":"tag-latvija","16":"tag-lv","17":"tag-ziemas-saulgriezi","18":"tag-ziemassvetki","19":"tag-ziemassvetku-egle"},"share_on_mastodon":{"url":"https:\/\/pubeurope.com\/@lv\/115771240830826175","error":""},"_links":{"self":[{"href":"https:\/\/www.europesays.com\/lv\/wp-json\/wp\/v2\/posts\/84611","targetHints":{"allow":["GET"]}}],"collection":[{"href":"https:\/\/www.europesays.com\/lv\/wp-json\/wp\/v2\/posts"}],"about":[{"href":"https:\/\/www.europesays.com\/lv\/wp-json\/wp\/v2\/types\/post"}],"author":[{"embeddable":true,"href":"https:\/\/www.europesays.com\/lv\/wp-json\/wp\/v2\/users\/2"}],"replies":[{"embeddable":true,"href":"https:\/\/www.europesays.com\/lv\/wp-json\/wp\/v2\/comments?post=84611"}],"version-history":[{"count":0,"href":"https:\/\/www.europesays.com\/lv\/wp-json\/wp\/v2\/posts\/84611\/revisions"}],"wp:featuredmedia":[{"embeddable":true,"href":"https:\/\/www.europesays.com\/lv\/wp-json\/wp\/v2\/media\/84612"}],"wp:attachment":[{"href":"https:\/\/www.europesays.com\/lv\/wp-json\/wp\/v2\/media?parent=84611"}],"wp:term":[{"taxonomy":"category","embeddable":true,"href":"https:\/\/www.europesays.com\/lv\/wp-json\/wp\/v2\/categories?post=84611"},{"taxonomy":"post_tag","embeddable":true,"href":"https:\/\/www.europesays.com\/lv\/wp-json\/wp\/v2\/tags?post=84611"}],"curies":[{"name":"wp","href":"https:\/\/api.w.org\/{rel}","templated":true}]}}