{"id":84627,"date":"2025-12-23T22:52:12","date_gmt":"2025-12-23T22:52:12","guid":{"rendered":"https:\/\/www.europesays.com\/lv\/84627\/"},"modified":"2025-12-23T22:52:12","modified_gmt":"2025-12-23T22:52:12","slug":"latvijas-izlases-vartsardze-strazdina-nakamsezon-speles-zviedrijas-augstakaja-liga","status":"publish","type":"post","link":"https:\/\/www.europesays.com\/lv\/84627\/","title":{"rendered":"Latvijas izlases v\u0101rtsardze Strazdi\u0146a n\u0101kamsezon sp\u0113l\u0113s Zviedrijas augst\u0101kaj\u0101 l\u012bg\u0101"},"content":{"rendered":"<p>Zviedrij\u0101 nacion\u0101lais \u010dempion\u0101ts norisin\u0101s no pavasara l\u012bdz rudenim. Jaun\u0101 kluba rind\u0101s vi\u0146a jau bija p\u0101rbaud\u0113 \u0161\u012b gada novembr\u012b.<\/p>\n<p>18 gadus vec\u0101 Strazdi\u0146a iepriek\u0161\u0113j\u0101 sezon\u0101 bija \u201cRiga\u201d komandas pamatv\u0101rtsardze, v\u0101rtus sarg\u0101jot 23 no 24 sp\u0113l\u0113m. \u0160ajos ma\u010dos vi\u0146a tikai divas reizes ielaida bumbu savos v\u0101rtos.<\/p>\n<p>\u201cJelgavas\u201d audz\u0113kne Strazdi\u0146a aizvad\u012btaj\u0101 sezon\u0101 tika atz\u012bta par Latvijas \u010dempion\u0101ta lab\u0101ko v\u0101rtsardzi. Iepriek\u0161\u0113jos tr\u012bs gadus vi\u0146a \u0161\u0101du apbalvojumu sa\u0146\u0113musi vienreiz augst\u0101kaj\u0101 l\u012bg\u0101 un divreiz p\u0113c sp\u0113ka otraj\u0101 l\u012bg\u0101.<\/p>\n<p>Strazdi\u0146a Latvijas sievie\u0161u futbola izlas\u0113 debit\u0113ja p\u0113rn, un l\u012bdz \u0161im taj\u0101 aizvad\u012bjusi asto\u0146us ma\u010dus.<\/p>\n<p class=\"tv3-fw-500\">Zi\u0146o par k\u013c\u016bdu rakst\u0101<\/p>\n<p class=\"d-md-block d-none\">Iez\u012bm\u0113 k\u013c\u016bdaino tekstu un spied Ctrl+Enter.<\/p>\n<p class=\"d-md-none d-block\">Iez\u012bm\u0113 k\u013c\u016bdaino tekstu un zi\u0146o par to!<\/p>\n","protected":false},"excerpt":{"rendered":"Zviedrij\u0101 nacion\u0101lais \u010dempion\u0101ts norisin\u0101s no pavasara l\u012bdz rudenim. Jaun\u0101 kluba rind\u0101s vi\u0146a jau bija p\u0101rbaud\u0113 \u0161\u012b gada novembr\u012b.&hellip;\n","protected":false},"author":2,"featured_media":84628,"comment_status":"","ping_status":"","sticky":false,"template":"","format":"standard","meta":{"footnotes":""},"categories":[17],"tags":[35,39,38,36,37,34,9836,40,67],"class_list":{"0":"post-84627","1":"post","2":"type-post","3":"status-publish","4":"format-standard","5":"has-post-thumbnail","7":"category-sports","8":"tag-latvia","9":"tag-latvian","10":"tag-latviesu","11":"tag-latviesu-valoda","12":"tag-latviesuvaloda","13":"tag-latvija","14":"tag-latvijas-sieviesu-futbola-izlase","15":"tag-lv","16":"tag-sports"},"share_on_mastodon":{"url":"https:\/\/pubeurope.com\/@lv\/115771339096016815","error":""},"_links":{"self":[{"href":"https:\/\/www.europesays.com\/lv\/wp-json\/wp\/v2\/posts\/84627","targetHints":{"allow":["GET"]}}],"collection":[{"href":"https:\/\/www.europesays.com\/lv\/wp-json\/wp\/v2\/posts"}],"about":[{"href":"https:\/\/www.europesays.com\/lv\/wp-json\/wp\/v2\/types\/post"}],"author":[{"embeddable":true,"href":"https:\/\/www.europesays.com\/lv\/wp-json\/wp\/v2\/users\/2"}],"replies":[{"embeddable":true,"href":"https:\/\/www.europesays.com\/lv\/wp-json\/wp\/v2\/comments?post=84627"}],"version-history":[{"count":0,"href":"https:\/\/www.europesays.com\/lv\/wp-json\/wp\/v2\/posts\/84627\/revisions"}],"wp:featuredmedia":[{"embeddable":true,"href":"https:\/\/www.europesays.com\/lv\/wp-json\/wp\/v2\/media\/84628"}],"wp:attachment":[{"href":"https:\/\/www.europesays.com\/lv\/wp-json\/wp\/v2\/media?parent=84627"}],"wp:term":[{"taxonomy":"category","embeddable":true,"href":"https:\/\/www.europesays.com\/lv\/wp-json\/wp\/v2\/categories?post=84627"},{"taxonomy":"post_tag","embeddable":true,"href":"https:\/\/www.europesays.com\/lv\/wp-json\/wp\/v2\/tags?post=84627"}],"curies":[{"name":"wp","href":"https:\/\/api.w.org\/{rel}","templated":true}]}}