{"id":84637,"date":"2025-12-23T23:09:22","date_gmt":"2025-12-23T23:09:22","guid":{"rendered":"https:\/\/www.europesays.com\/lv\/84637\/"},"modified":"2025-12-23T23:09:22","modified_gmt":"2025-12-23T23:09:22","slug":"divi-berni-vero-zvaigznes-pirms-ziemassvetkiem-lente-lv","status":"publish","type":"post","link":"https:\/\/www.europesays.com\/lv\/84637\/","title":{"rendered":"divi b\u0113rni v\u0113ro zvaigznes pirms Ziemassv\u0113tkiem\u00a0\u2014\u00a0Lente.lv"},"content":{"rendered":"<p>Jauns Banksija darbs par\u0101d\u0101s Lielbrit\u0101nij\u0101<\/p>\n<p>Pasaulslavenais un nosl\u0113pumainais ielas m\u0101kslinieks Banksijs ir apstiprin\u0101jis, ka vi\u0146\u0161 ir atbild\u012bgs par jaunu, nesen London\u0101 par\u0101d\u012bju\u0161os mur\u0101li. K\u0101 inform\u0113 telekan\u0101ls EuroNews, \u0161is darbs, kas tapis laik\u0101 pirms Ziemassv\u0113tkiem, att\u0113lo divus b\u0113rnus, kuri, \u0123\u0113rbu\u0161ies ziemas dr\u0113b\u0113s, gu\u013cot v\u0113ro debesis. Gleznots virs gar\u0101\u017eas, m\u0101kslas darbs par\u0101d\u012bj\u0101s \u0113kas sien\u0101 Beizvoter\u0101, rietumu London\u0101.<\/p>\n<p>Divas identiskas instal\u0101cijas pils\u0113t\u0101<\/p>\n<p>Banksijs sav\u0101 ofici\u0101laj\u0101 Instagram kont\u0101 public\u0113ja divus fotoatt\u0113lus, kuros redzams \u0161is jaunais m\u0101kslas darbs. Interesanti, ka identisks att\u0113ls tika atkl\u0101ts ar\u012b centr\u0101laj\u0101 London\u0101, pie Centre Point tor\u0146a Totenhemas ce\u013c\u0101. Tom\u0113r \u0161o otro versiju slavenais m\u0101kslinieks sav\u0101 soci\u0101lo t\u012bklu profil\u0101 nebija izvietojis.<\/p>\n<p>Ierast\u0101 politisk\u0101 nokr\u0101sa vai soci\u0101lais koment\u0101rs?<\/p>\n<p>Banksija darbi bie\u017ei vien ir politiski asi, sat\u012briski un kritiz\u0113 vald\u012bbas politiku. Tom\u0113r \u0161is jaun\u0101kais zvaig\u017e\u0146u v\u0113rot\u0101ju att\u0113lojums neizskat\u0101s p\u0113c tie\u0161a politiska pazi\u0146ojuma. Tom\u0113r da\u017ei koment\u0113t\u0101ji pie\u013cauj, ka tas var\u0113tu b\u016bt koment\u0101rs par b\u0113rnu bezpajumtniec\u012bbas t\u0113mu.<\/p>\n<p>Iepriek\u0161\u0113jais aktu\u0101lais darbs<\/p>\n<p>Septembr\u012b m\u0101kslinieks izrais\u012bja pla\u0161u rezonansi ar citu mur\u0101li, kur\u0101 bija att\u0113lots tiesnesis, kur\u0161 ar \u0101muru draud\u0113ja neapbru\u0146otam protest\u0113t\u0101jam ar asins \u0161\u013cakst\u0101m notraip\u012btu plak\u0101tu. \u0160is darbs par\u0101d\u012bj\u0101s uz tiesas \u0113kas \u0101rsienas laik\u0101, kad vald\u012bba bija aizliegusi Palestine Action organiz\u0101ciju, un protest\u0113t\u0101ji tika arest\u0113ti. \u0160o iepriek\u0161\u0113jo m\u0101kslas darbu bija paredz\u0113ts \u0101tri aizkl\u0101t, argument\u0113jot ar \u0113kas v\u0113sturisko noz\u012bm\u012bgumu.<\/p>\n","protected":false},"excerpt":{"rendered":"Jauns Banksija darbs par\u0101d\u0101s Lielbrit\u0101nij\u0101 Pasaulslavenais un nosl\u0113pumainais ielas m\u0101kslinieks Banksijs ir apstiprin\u0101jis, ka vi\u0146\u0161 ir atbild\u012bgs par&hellip;\n","protected":false},"author":2,"featured_media":84638,"comment_status":"","ping_status":"","sticky":false,"template":"","format":"standard","meta":{"footnotes":""},"categories":[19],"tags":[21361,89,21362,90,35,39,38,36,37,34,9616,40,21363,9687],"class_list":{"0":"post-84637","1":"post","2":"type-post","3":"status-publish","4":"format-standard","5":"has-post-thumbnail","7":"category-izklaide","8":"tag-banksijs","9":"tag-entertainment","10":"tag-ielas-maksla","11":"tag-izklaide","12":"tag-latvia","13":"tag-latvian","14":"tag-latviesu","15":"tag-latviesu-valoda","16":"tag-latviesuvaloda","17":"tag-latvija","18":"tag-londona","19":"tag-lv","20":"tag-makslas-atklasana","21":"tag-ziemassvetki"},"share_on_mastodon":{"url":"https:\/\/pubeurope.com\/@lv\/115771405922488124","error":""},"_links":{"self":[{"href":"https:\/\/www.europesays.com\/lv\/wp-json\/wp\/v2\/posts\/84637","targetHints":{"allow":["GET"]}}],"collection":[{"href":"https:\/\/www.europesays.com\/lv\/wp-json\/wp\/v2\/posts"}],"about":[{"href":"https:\/\/www.europesays.com\/lv\/wp-json\/wp\/v2\/types\/post"}],"author":[{"embeddable":true,"href":"https:\/\/www.europesays.com\/lv\/wp-json\/wp\/v2\/users\/2"}],"replies":[{"embeddable":true,"href":"https:\/\/www.europesays.com\/lv\/wp-json\/wp\/v2\/comments?post=84637"}],"version-history":[{"count":0,"href":"https:\/\/www.europesays.com\/lv\/wp-json\/wp\/v2\/posts\/84637\/revisions"}],"wp:featuredmedia":[{"embeddable":true,"href":"https:\/\/www.europesays.com\/lv\/wp-json\/wp\/v2\/media\/84638"}],"wp:attachment":[{"href":"https:\/\/www.europesays.com\/lv\/wp-json\/wp\/v2\/media?parent=84637"}],"wp:term":[{"taxonomy":"category","embeddable":true,"href":"https:\/\/www.europesays.com\/lv\/wp-json\/wp\/v2\/categories?post=84637"},{"taxonomy":"post_tag","embeddable":true,"href":"https:\/\/www.europesays.com\/lv\/wp-json\/wp\/v2\/tags?post=84637"}],"curies":[{"name":"wp","href":"https:\/\/api.w.org\/{rel}","templated":true}]}}