{"id":84708,"date":"2025-12-24T02:42:20","date_gmt":"2025-12-24T02:42:20","guid":{"rendered":"https:\/\/www.europesays.com\/lv\/84708\/"},"modified":"2025-12-24T02:42:20","modified_gmt":"2025-12-24T02:42:20","slug":"ko-rudolfs-un-vina-saimes-dara-pec-svetkiem-ziemelbriezu-ikdiena-lapzemes-fermas-lente-lv-2","status":"publish","type":"post","link":"https:\/\/www.europesays.com\/lv\/84708\/","title":{"rendered":"Ko R\u016bdolfs un vi\u0146a saimes dara p\u0113c sv\u0113tkiem? Zieme\u013cbrie\u017eu ikdiena Lapzemes ferm\u0101s\u00a0\u2014\u00a0Lente.lv"},"content":{"rendered":"<p>P\u0113c sv\u0113tku drud\u017ea \u2013 ikdienas ritms<\/p>\n<p>Kam\u0113r Ziemassv\u0113tku vec\u012btis Rovaniemi Lapzem\u0113 (Somij\u0101) da\u017ek\u0101rt atp\u016b\u0161as, bet vi\u0146a neatsveramie pal\u012bdzi \u2013 zieme\u013cbrie\u017ei \u2013 p\u0113c sv\u0113tku skr\u0113jiena atgrie\u017eas pie ierast\u0101s dz\u012bves. K\u0101 zi\u0146o telekan\u0101ls TV3, \u0161is laiks sniedz retu iesp\u0113ju iel\u016bkoties \u0161o stalto zv\u0113ru un vi\u0146u kop\u0113ju ikdien\u0101. Lapzem\u0113, net\u0101lu no Pol\u0101r\u0101 loka, atrodas vietas, kur t\u016bristiem sniedz ieskatu zieme\u013cbrie\u017eu audz\u0113\u0161an\u0101 un kop\u0161an\u0101.<\/p>\n<p>Brie\u017eu bars net\u0101lu no Pol\u0101r\u0101 loka<\/p>\n<p>Vien\u0101 no t\u0101d\u0101m Lapzemes ferm\u0101m, kas izvietojusies aptuveni 25 kilometrus no re\u0123iona galvaspils\u0113tas, mitin\u0101s neliels, bet p\u0101rst\u0101vis bars \u2013 tur m\u012bt ap 30 zieme\u013cbrie\u017eu. \u0160ie dz\u012bvnieki ir cie\u0161i saist\u012bti ar s\u0101mu kult\u016bru un iztiku jau t\u016bksto\u0161iem gadu, nodro\u0161inot gan p\u0101rtiku un ap\u0123\u0113rbu, gan ar\u012b izmanto\u0161anu transport\u0101. Tom\u0113r paties\u012bb\u0101 liel\u0101ko da\u013cu gada zieme\u013cbrie\u017ei Lapzem\u0113 pavada br\u012bvi gan\u012bb\u0101s, baudot svaigu z\u0101li un \u0137\u0113rpjus.<\/p>\n<p>P\u0113c Ziemassv\u0113tkiem \u2013 dabas uztur\u0113\u0161ana<\/p>\n<p>Lai gan Ziemassv\u0113tku laik\u0101 da\u013ca no \u0161iem dz\u012bvniekiem tiek sa\u0146emti Ziemassv\u0113tku vec\u012b\u0161a kaman\u0101m, lai sag\u0101d\u0101tu prieku vis\u0101 pasaul\u0113, p\u0113c sv\u0113tkiem atgrie\u017eas dabiskais cikls. Zieme\u013cbrie\u017eu audz\u0113t\u0101ji nor\u0101da, ka tie\u0161i ziem\u0101 un pavasar\u012b, ganoties un pastr\u0101d\u0101jot ainavas form\u0113\u0161an\u0101, brie\u017ei pal\u012bdz uztur\u0113t Arktikas ekosist\u0113mu. Apgrau\u017eot kr\u016bmus, tie kav\u0113 kokaugu aizaug\u0161anu, t\u0101d\u0113j\u0101di saglab\u0101jot atkl\u0101tas tundras ainavu.<\/p>\n<p>Klimata p\u0101rmai\u0146as un izdz\u012bvo\u0161ana<\/p>\n<p>\u0160obr\u012bd, kad Arktikas re\u0123ions sasilst \u012bpa\u0161i strauji, zieme\u013cbrie\u017eu audz\u0113\u0161ana ir k\u013cuvusi v\u0113l svar\u012bg\u0101ka. Ne tikai t\u016brisma, bet ar\u012b vides aizsardz\u012bbas kontekst\u0101. P\u0113t\u012bjumi liecina, ka zieme\u013cbrie\u017eu gan\u012b\u0161ana var pal\u012bdz\u0113t c\u012bn\u012bties ar klimata p\u0101rmai\u0146u sek\u0101m. Lai gan p\u0113d\u0113jos gados t\u016bristu interese par \u0161o dz\u012bvnieku un Lapzemes burv\u012bbu ir iev\u0113rojami augusi, galvenais izaicin\u0101jums brie\u017eu un s\u0101mu kopien\u0101m joproj\u0101m ir main\u012bgais klimats un pl\u0113s\u0113ji, piem\u0113ram, vilki un l\u0101\u010di.<\/p>\n","protected":false},"excerpt":{"rendered":"P\u0113c sv\u0113tku drud\u017ea \u2013 ikdienas ritms Kam\u0113r Ziemassv\u0113tku vec\u012btis Rovaniemi Lapzem\u0113 (Somij\u0101) da\u017ek\u0101rt atp\u016b\u0161as, bet vi\u0146a neatsveramie pal\u012bdzi&hellip;\n","protected":false},"author":2,"featured_media":84055,"comment_status":"","ping_status":"","sticky":false,"template":"","format":"standard","meta":{"footnotes":""},"categories":[14],"tags":[23,57,28,29,32,33,22,21201,30,31,35,39,38,36,37,34,40,20,26,27,21202,24,25,54,55,56,9687,7473,21203,21,58],"class_list":{"0":"post-84708","1":"post","2":"type-post","3":"status-publish","4":"format-standard","5":"has-post-thumbnail","7":"category-zinas-no-arvalstim","8":"tag-aktualitates","9":"tag-arvalstim","10":"tag-breaking-news","11":"tag-breakingnews","12":"tag-featured-news","13":"tag-featurednews","14":"tag-headlines","15":"tag-lapzeme","16":"tag-latest-news","17":"tag-latestnews","18":"tag-latvia","19":"tag-latvian","20":"tag-latviesu","21":"tag-latviesu-valoda","22":"tag-latviesuvaloda","23":"tag-latvija","24":"tag-lv","25":"tag-news","26":"tag-popularakas-zinas","27":"tag-popularakaszinas","28":"tag-sami","29":"tag-top-stories","30":"tag-topstories","31":"tag-world","32":"tag-world-news","33":"tag-worldnews","34":"tag-ziemassvetki","35":"tag-ziemelbriezi","36":"tag-ziemelbriezu-audzesana","37":"tag-zinas","38":"tag-zinas-no-arvalstim"},"share_on_mastodon":{"url":"https:\/\/pubeurope.com\/@lv\/115772243507303260","error":""},"_links":{"self":[{"href":"https:\/\/www.europesays.com\/lv\/wp-json\/wp\/v2\/posts\/84708","targetHints":{"allow":["GET"]}}],"collection":[{"href":"https:\/\/www.europesays.com\/lv\/wp-json\/wp\/v2\/posts"}],"about":[{"href":"https:\/\/www.europesays.com\/lv\/wp-json\/wp\/v2\/types\/post"}],"author":[{"embeddable":true,"href":"https:\/\/www.europesays.com\/lv\/wp-json\/wp\/v2\/users\/2"}],"replies":[{"embeddable":true,"href":"https:\/\/www.europesays.com\/lv\/wp-json\/wp\/v2\/comments?post=84708"}],"version-history":[{"count":0,"href":"https:\/\/www.europesays.com\/lv\/wp-json\/wp\/v2\/posts\/84708\/revisions"}],"wp:featuredmedia":[{"embeddable":true,"href":"https:\/\/www.europesays.com\/lv\/wp-json\/wp\/v2\/media\/84055"}],"wp:attachment":[{"href":"https:\/\/www.europesays.com\/lv\/wp-json\/wp\/v2\/media?parent=84708"}],"wp:term":[{"taxonomy":"category","embeddable":true,"href":"https:\/\/www.europesays.com\/lv\/wp-json\/wp\/v2\/categories?post=84708"},{"taxonomy":"post_tag","embeddable":true,"href":"https:\/\/www.europesays.com\/lv\/wp-json\/wp\/v2\/tags?post=84708"}],"curies":[{"name":"wp","href":"https:\/\/api.w.org\/{rel}","templated":true}]}}