{"id":84710,"date":"2025-12-24T03:09:12","date_gmt":"2025-12-24T03:09:12","guid":{"rendered":"https:\/\/www.europesays.com\/lv\/84710\/"},"modified":"2025-12-24T03:09:12","modified_gmt":"2025-12-24T03:09:12","slug":"bijusa-nickelodeon-zvaigzne-tailors-ceiss-dzivo-uz-ielas-kalifornija-kolegis-no-filmas-mighty-ducks-piedava-palidzibu-ar-atgusanos","status":"publish","type":"post","link":"https:\/\/www.europesays.com\/lv\/84710\/","title":{"rendered":"Biju\u0161\u0101 \u201cNickelodeon\u201d zvaigzne Tailors \u010ceiss dz\u012bvo uz ielas Kalifornij\u0101; kol\u0113\u0123is no filmas &#8220;Mighty Ducks&#8221; pied\u0101v\u0101 pal\u012bdz\u012bbu ar atg\u016b\u0161anos"},"content":{"rendered":"<p>No slavas l\u012bdz ielas malai: Tailora \u010ceisa drastisk\u0101 dz\u012bves mai\u0146a<\/p>\n<p>Biju\u0161ais b\u0113rnu aktieris Tailors \u010ceiss, kur\u0161 pla\u0161\u0101k paz\u012bstams ar M\u0101rtina Kverlija (Martin Qwerly) lomu kulta seri\u0101l\u0101 \u201cNed\u2019s Declassified School Survival Guide\u201d (\u201cNeda izdz\u012bvo\u0161anas ce\u013cvedis skol\u0101\u201d), non\u0101cis \u0161ok\u0113jo\u0161\u0101s, publiski atkl\u0101t\u0101s bezpajumtnieka dz\u012bves apst\u0101k\u013cos Kalifornij\u0101. \u0160\u012b zi\u0146a izrais\u012bjusi pla\u0161u rezonansi soci\u0101lajos t\u012bklos, jo 36 gadus vecais aktieris, kur\u0161 savulaik bija atpaz\u012bstama telev\u012bzijas seja, tagad tiek man\u012bts uz Riverside iel\u0101m, izskatoties \u0101rk\u0101rt\u012bgi nov\u0101rt\u0101 atst\u0101ts.<\/p>\n<p>Pirm\u0101s ba\u017eas par \u010ceisa likteni s\u0101ka cirkul\u0113t jau \u0161\u012b gada septembr\u012b, kad influencere soci\u0101laj\u0101 t\u012bkl\u0101 TikTok public\u0113ja video, kur\u0101 vi\u0146\u0161 tika iem\u016b\u017ein\u0101ts, s\u0113\u017eot uz ielas. Taj\u0101 br\u012bd\u012b vi\u0146\u0161 pats identific\u0113ja sevi k\u0101 biju\u0161o \u201cNickelodeon\u201d zvaigzni un min\u0113ja, ka \u201caudition\u0113 jaunai filmai\u201d. \u0160\u012b negaid\u012bt\u0101 par\u0101d\u012b\u0161an\u0101s atkl\u0101ja krasu kontrastu starp vi\u0146a agr\u0101kajiem pan\u0101kumiem un pa\u0161reiz\u0113jo existen\u0101li sare\u017e\u0123\u012bto situ\u0101ciju, atkal aktualiz\u0113jot jaut\u0101jumus par b\u0113rnu zvaig\u017e\u0146u likte\u0146iem p\u0113c karjeras norieta.<\/p>\n<p>Kolekt\u012bv\u0101 atbalsta vilnis un atraid\u012bt\u0101 pal\u012bdz\u012bba<\/p>\n<p>Fani, uzzinot par \u010ceisa st\u0101vokli, nekav\u0113joties s\u0101ka r\u012bkoties. Viens no pirmajiem so\u013ciem bija GoFundMe ziedojumu kampa\u0146as izveide, kuras m\u0113r\u0137is bija sniegt finansi\u0101lu atbalstu aktiera atg\u016b\u0161an\u0101s procesam. Kampa\u0146a \u0101tri sav\u0101ca vair\u0101k nek\u0101 1200 ASV dol\u0101ru, tom\u0113r to tika l\u016bgts p\u0101rtraukt. Zi\u0146ojumi, ko izplat\u012bja kampa\u0146as organizatore, cit\u0113jot \u010ceisa m\u0101ti, nor\u0101d\u012bja, ka \u201cTailoram ir nepiecie\u0161ama medic\u012bniska pal\u012bdz\u012bba, nevis nauda. Bet vi\u0146\u0161 to atsak\u0101s.\u201d Tiek zi\u0146ots, ka vi\u0146a m\u0101te ar\u012b min\u0113jusi, ka Tailors nesp\u0113j patst\u0101v\u012bgi p\u0101rvald\u012bt naudu medikamentiem un bie\u017ei pazaud\u0113 telefonus da\u017eu dienu laik\u0101.<\/p>\n<p>K\u0101 zi\u0146o medijs Variety, aktieris apzin\u0101ti atsac\u012bjies no policijas pied\u0101v\u0101t\u0101s pal\u012bdz\u012bbas. Neskatoties uz \u0161o atteikumu, publisk\u0101 uzman\u012bba turpin\u0101ja pieaugt, un rea\u0123\u0113ja ar\u012b citi izklaides industrijas p\u0101rst\u0101vji.<\/p>\n<p>\u201cMighty Ducks\u201d zvaigznes \u0160ona Veisa iejauk\u0161an\u0101s<\/p>\n<p>Viens no ska\u013c\u0101kajiem atbalsta sniedz\u0113jiem k\u013cuvis \u0160ons Veiss (Shaun Weiss), kur\u0161 atveidoja Grega Goldberga lomu popul\u0101raj\u0101 filmas \u201cThe Mighty Ducks\u201d (\u201cVarb\u016b\u0161i d\u016b\u017ei\u201d) fran\u0161\u012bz\u0113. Veiss, kur\u0161 pats publiski dal\u012bjies ar savu c\u012b\u0146u un atvese\u013co\u0161anos no atkar\u012bbas un bezpajumtniec\u012bbas, apstiprin\u0101ja, ka sa\u0146\u0113mis daudzus zi\u0146ojumus par Tailora \u010ceisa situ\u0101ciju.<\/p>\n<blockquote><p>\u201cEsmu sa\u0146\u0113mis daudz zi\u0146ojumu par Tailoru \u010ceisu. Mums ir vieta vi\u0146am detoksik\u0101cijas centr\u0101 un vieta, kur doties ilgtermi\u0146a \u0101rst\u0113\u0161anai,\u201d Veiss dal\u012bj\u0101s sav\u0101 Instagram video.<\/p><\/blockquote>\n<p>Veiss, kur\u0161 2022. gad\u0101 atz\u012bm\u0113ja divus gadus bez atkar\u012bbas, paudis cer\u012bbu pal\u012bdz\u012bbu sniegt pirms sv\u0113tku perioda, uzsverot, ka laiks ir b\u016btisks faktors. Vi\u0146\u0161 gan nor\u0101d\u012bja uz galveno \u0161\u0137\u0113rsli: \u201cViss, kas mums tagad j\u0101dara, ir vi\u0146u atrast. Es neesmu Losand\u017eelos\u0101, vai ar\u012b pats dotos vi\u0146u mekl\u0113t,\u201d sac\u012bja Veiss, aicinot sekot\u0101jus sazin\u0101ties ar vi\u0146u, ja izdosies sarun\u0101t kl\u0101tienes tik\u0161anos ar \u010ceisu, lai var\u0113tu vi\u0146u nog\u0101d\u0101t uz atvese\u013co\u0161an\u0101s centru \u201cEleven 11 Recovery\u201d Sankl\u0113ment\u0113, Kalifornij\u0101.<\/p>\n<p>\u010ceisa karjeras fons un ment\u0101l\u0101s vesel\u012bbas v\u0113sture<\/p>\n<p>Tailors \u010ceiss ieguva atpaz\u012bstam\u012bbu, sp\u0113l\u0113jot Nickelodeon seri\u0101l\u0101 \u201cNed\u2019s Declassified School Survival Guide\u201d, kas tika p\u0101rraid\u012bts no 2004. l\u012bdz 2007. gadam. P\u0113c \u0161\u012b loma vi\u0146a v\u0101rds par\u0101d\u012bj\u0101s ar\u012b seri\u0101l\u0101 \u201cEverybody Hates Chris\u201d un piedal\u012bj\u0101s 2007. gada neatkar\u012bgaj\u0101 film\u0101 \u201cGood Time Max\u201d kop\u0101 ar D\u017eeimsu Franko.<\/p>\n<p>P\u0113c p\u0113d\u0113j\u0101s lomas videosp\u0113l\u0113 \u201cL.A. Noire\u201d 2011. gad\u0101 vi\u0146\u0161 liel\u0101 m\u0113r\u0101 pazuda no publisk\u0101s dz\u012bves. Jau iepriek\u0161, 2015. gad\u0101, internet\u0101 par\u0101d\u012bj\u0101s video, kur\u0101 \u010ceiss run\u0101ja par savu c\u012b\u0146u ar bipol\u0101ro trauc\u0113jumu un emocion\u0101laj\u0101m gr\u016bt\u012bb\u0101m, kas ietekm\u0113ja vi\u0146a dzejas rakst\u012b\u0161anu. Lai gan vi\u0146a biju\u0161ie kol\u0113\u0123i no \u201cNed\u2019s Declassified\u201d \u2013 Devons V\u0113rkhaisers, Daniels K\u0113rtiss L\u012b un Lindlija \u0160ova \u2013 ar\u012b ir paudu\u0161i atbalstu un nor\u0101d\u012bju\u0161i, ka cen\u0161as pal\u012bdz\u0113t, visi nor\u0101da uz to, ka galven\u0101 probl\u0113ma ir pa\u0161a \u010ceisa piekri\u0161ana atbalsta sa\u0146em\u0161anai.<\/p>\n<p>\u0160\u012b situ\u0101cija kalpo k\u0101 sp\u0113c\u012bgs atg\u0101din\u0101jums par spiedienu, ko izj\u016bt b\u0113rnu aktieri, kuriem bie\u017ei vien ir gr\u016bt\u012bbas adapt\u0113ties p\u0113c slavas ap\u0123\u0113rba nome\u0161anas. Kam\u0113r publika pau\u017e ba\u017eas un citi aktieri pied\u0101v\u0101 praktisku pal\u012bdz\u012bbu, galvenais jaut\u0101jums paliek atkl\u0101ts: vai Tailors \u010ceiss pie\u0146ems \u0161o pied\u0101v\u0101to gl\u0101b\u0161anas rievu?<\/p>\n","protected":false},"excerpt":{"rendered":"No slavas l\u012bdz ielas malai: Tailora \u010ceisa drastisk\u0101 dz\u012bves mai\u0146a Biju\u0161ais b\u0113rnu aktieris Tailors \u010ceiss, kur\u0161 pla\u0161\u0101k paz\u012bstams&hellip;\n","protected":false},"author":2,"featured_media":84711,"comment_status":"","ping_status":"","sticky":false,"template":"","format":"standard","meta":{"footnotes":""},"categories":[19],"tags":[14946,89,90,35,39,38,36,37,34,40,21251,21395,21396,21394],"class_list":{"0":"post-84710","1":"post","2":"type-post","3":"status-publish","4":"format-standard","5":"has-post-thumbnail","7":"category-izklaide","8":"tag-bezpajumtnieks","9":"tag-entertainment","10":"tag-izklaide","11":"tag-latvia","12":"tag-latvian","13":"tag-latviesu","14":"tag-latviesu-valoda","15":"tag-latviesuvaloda","16":"tag-latvija","17":"tag-lv","18":"tag-neds-declassified","19":"tag-nickelodeon","20":"tag-sons-veiss","21":"tag-tailors-ceiss"},"share_on_mastodon":{"url":"https:\/\/pubeurope.com\/@lv\/115772349667962172","error":""},"_links":{"self":[{"href":"https:\/\/www.europesays.com\/lv\/wp-json\/wp\/v2\/posts\/84710","targetHints":{"allow":["GET"]}}],"collection":[{"href":"https:\/\/www.europesays.com\/lv\/wp-json\/wp\/v2\/posts"}],"about":[{"href":"https:\/\/www.europesays.com\/lv\/wp-json\/wp\/v2\/types\/post"}],"author":[{"embeddable":true,"href":"https:\/\/www.europesays.com\/lv\/wp-json\/wp\/v2\/users\/2"}],"replies":[{"embeddable":true,"href":"https:\/\/www.europesays.com\/lv\/wp-json\/wp\/v2\/comments?post=84710"}],"version-history":[{"count":0,"href":"https:\/\/www.europesays.com\/lv\/wp-json\/wp\/v2\/posts\/84710\/revisions"}],"wp:featuredmedia":[{"embeddable":true,"href":"https:\/\/www.europesays.com\/lv\/wp-json\/wp\/v2\/media\/84711"}],"wp:attachment":[{"href":"https:\/\/www.europesays.com\/lv\/wp-json\/wp\/v2\/media?parent=84710"}],"wp:term":[{"taxonomy":"category","embeddable":true,"href":"https:\/\/www.europesays.com\/lv\/wp-json\/wp\/v2\/categories?post=84710"},{"taxonomy":"post_tag","embeddable":true,"href":"https:\/\/www.europesays.com\/lv\/wp-json\/wp\/v2\/tags?post=84710"}],"curies":[{"name":"wp","href":"https:\/\/api.w.org\/{rel}","templated":true}]}}