{"id":84742,"date":"2025-12-24T05:09:07","date_gmt":"2025-12-24T05:09:07","guid":{"rendered":"https:\/\/www.europesays.com\/lv\/84742\/"},"modified":"2025-12-24T05:09:07","modified_gmt":"2025-12-24T05:09:07","slug":"rezijai-kalninai-sodien-dzimsanas-diena-apsveic-izcilo-aktrisi-un-rezisori-lente-lv","status":"publish","type":"post","link":"https:\/\/www.europesays.com\/lv\/84742\/","title":{"rendered":"R\u0113zijai Kalni\u0146ai \u0160odien Dzim\u0161anas Diena \u2013 Apsveic Izcilo Aktrisi un Re\u017eisori\u00a0\u2014\u00a0Lente.lv"},"content":{"rendered":"<p>Dzim\u0161anas dienas svin\u012bbas aktrises gaum\u0113<\/p>\n<p>\u0160odien, 24. decembr\u012b, savu dzim\u0161anas dienu svin viena no Latvijas te\u0101tra un kino atpaz\u012bstam\u0101kaj\u0101m person\u012bb\u0101m \u2013 aktrise un re\u017eisore R\u0113zija Kalni\u0146a. K\u0101 inform\u0113 port\u0101ls NRA, \u0161aj\u0101 \u012bpa\u0161aj\u0101 dien\u0101 publiskas ov\u0101cijas un kl\u0101tienes apsveikumi b\u016bs j\u0101atliek l\u012bdz pat Ziemassv\u0113tku sv\u0113tku kulmin\u0101cijai, jo diena paiet citos, priv\u0101t\u0101kos r\u012bkojumos.<\/p>\n<p>R\u0113zija Kalni\u0146a, kas dzimusi 1970. gada 23. decembr\u012b R\u012bg\u0101, ir m\u0101ksliniece ar bag\u0101tu un daudzpus\u012bgu karjeru. Vi\u0146as m\u0101kslinieciskais ce\u013c\u0161 s\u0101k\u0101s jau gados, kad vi\u0146a apzin\u0101j\u0101s savu m\u0101ksliniecisko aicin\u0101jumu, ta\u010du profesion\u0101lo b\u0101zi nostiprin\u0101ja, absolv\u0113jot Latvijas Valsts Konservatorijas Te\u0101tra un kino aktieru fakult\u0101ti 1994. gad\u0101. P\u0113c tam vi\u0146a izgl\u012bt\u012bbu turpin\u0101ja ar\u012b Re\u017eijas noda\u013c\u0101, apliecinot interesi par m\u0101kslas rad\u012b\u0161anas procesu pla\u0161\u0101k\u0101 m\u0113rog\u0101.<\/p>\n<p>Jau kop\u0161 1994. gada R\u0113zija Kalni\u0146a ir Dailes te\u0101tra aktrise, kuras kont\u0101 ir vair\u0101k nek\u0101 piecdesmit noz\u012bm\u012bgu lomu. Vi\u0146as talants ir nov\u0113rt\u0113ts ar vair\u0101k\u0101m presti\u017e\u0101m balv\u0101m, tostarp vair\u0101k\u0101m \u201cSp\u0113lma\u0146u nakts\u201d godalg\u0101m lab\u0101k\u0101s aktrises kategorij\u0101 \u2013 2000., 2004., 2006. un 2008. gad\u0101, k\u0101 ar\u012b k\u0101 lab\u0101k\u0101 jaun\u0101 aktrise 1995. gad\u0101.<\/p>\n<p>M\u0101ksliniecisk\u0101 \u0123imene un sasniegumi<\/p>\n<p>Aktrises profesion\u0101lais pamats sak\u0146ojas m\u0101kslinieku vid\u0113. R\u0113zija Kalni\u0146a dzimusi iev\u0113rojam\u0101 \u0123imen\u0113: vi\u0146as t\u0113vs ir latvie\u0161u komponists Imants Kalni\u0146\u0161, bet m\u0101te \u2013 Latvijas Nacion\u0101l\u0101 te\u0101tra aktrise Helga Dancberga. Vi\u0146ai ir ar\u012b dv\u012b\u0146ubr\u0101lis, m\u0101c\u012bt\u0101js Krists Kalni\u0146\u0161, un vair\u0101ki pusbr\u0101\u013ci un pusm\u0101sas no t\u0113va iepriek\u0161\u0113j\u0101m laul\u012bb\u0101m, tostarp m\u016bzi\u0137is Marts Kristi\u0101ns Kalni\u0146\u0161. \u0160\u0101da m\u0101kslinieciska mantojuma nes\u0113ja Kalni\u0146a sav\u0101 rado\u0161aj\u0101 dz\u012bv\u0113 ir izdevies veiksm\u012bgi apvienot te\u0101tra darbu ar akt\u012bvu darb\u012bbu kino jom\u0101.<\/p>\n<p>Kino cien\u012bt\u0101ji R\u0113ziju Kalni\u0146u paz\u012bst no vair\u0101k\u0101m spilgt\u0101m lom\u0101m gan Latvijas, gan starptautiskos projektos. Par Margitas lomu m\u0101kslas film\u0101 \u201cLab\u0101s rokas\u201d vi\u0146a 2001. gad\u0101 sa\u0146\u0113ma \u201cLiel\u0101 Kristapa\u201d balvu k\u0101 lab\u0101k\u0101 aktrise. Ar\u012b v\u0113l\u0101kos gados vi\u0146a sa\u0146\u0113musi \u0161o augst\u0101ko kino apbalvojumu, piem\u0113ram, par lomu film\u0101 \u201cModris\u201d 2014. gad\u0101. Vi\u0146as filmogr\u0101fij\u0101 minami ar\u012b t\u0101di darbi k\u0101 \u201cBr\u012bv\u012bba\u201d (1991), \u201cSievietes\u201d (1992), \u201cRudolfa zelta\u201d (2010) un filma \u201cBlizzards of Souls\u201d (2019), kur\u0101 vi\u0146a atveidoja m\u0101tes lomu.<\/p>\n<p>Re\u017eisore un izr\u0101\u017eu asistence<\/p>\n<p>Papildus aktrises darbam, R\u0113zija Kalni\u0146a akt\u012bvi iesaist\u012bjusies ar\u012b re\u017eijas praks\u0113. Vi\u0146as izgl\u012bt\u012bba \u0161aj\u0101 jom\u0101 atspogu\u013cojas ar\u012b vi\u0146as darba lauk\u0101. Te\u0101tr\u012b vi\u0146a ne tikai sp\u0113l\u0113, bet ar\u012b asist\u0113jusi re\u017eisoriem veidojot liel\u0101kus uzvedumus. Piem\u0113ram, vi\u0146a bijusi re\u017eisora asistente N. Be\u013cskas re\u017eis\u0113tajai \u201cJumpravas\u201d koncertizr\u0101dei \u201cIzredz\u0113tais\u201d 2007. gad\u0101, k\u0101 ar\u012b piedal\u012bjusies Ziemassv\u0113tku koncertu veido\u0161an\u0101 kop\u0101 ar savu tolaik\u0113jo dz\u012bvesbiedru Valdi Liepi\u0146u.<\/p>\n<p>Aktrises un re\u017eisores rado\u0161ais portfelis ir pla\u0161s, ietverot gan klasiskas lomas, gan m\u016bsdienu dramatur\u0123iju. Dailes te\u0101tr\u012b vi\u0146a piedal\u012bjusies t\u0101d\u0101s izr\u0101d\u0113s k\u0101 \u201cAlvas sieviete\u201d un Vecgada koncertuzvedumos, vienm\u0113r demonstr\u0113jot dzi\u013cu izpratni par t\u0113liem un sp\u0113ju p\u0101rliecin\u0101t publiku.<\/p>\n<p>Personisk\u0101 dz\u012bve un atzi\u0146as<\/p>\n<p>Par sp\u012bti publiskajai atpaz\u012bstam\u012bbai, R\u0113zija Kalni\u0146a ir pietur\u0113jusies pie zin\u0101mas priv\u0101tuma robe\u017eas, lai gan da\u017ek\u0101rt dal\u012bjusies ar saviem dz\u012bves filozofijas aspektiem. Zin\u0101ms, ka aktrise ir bijusi prec\u0113jusies ar aktieri un re\u017eisoru Valdi Liepi\u0146u, bet 2013. gad\u0101 vi\u0146a otrreiz apprec\u0113j\u0101s ar diri\u0123entu Ain\u0101ru Rubi\u0137i. P\u0101ris dz\u012bvo M\u0101rup\u0113.<\/p>\n<p>Aktrise ir atkl\u0101jusi savu person\u012bgo r\u012btu ritu\u0101lu, kas pal\u012bdz vi\u0146ai uztur\u0113t iek\u0161\u0113jo l\u012bdzsvaru. Vi\u0146a atkl\u0101j, ka katru r\u012btu da\u017eas min\u016btes skat\u0101s spogul\u012b un pau\u017e sev m\u012blest\u012bbu, p\u0113c tam \u201csazem\u0113jas\u201d, iziesot bas\u0101m k\u0101j\u0101m \u0101r\u0101 kop\u0101 ar su\u0146iem. \u0160\u012bs prakses m\u0113r\u0137is, k\u0101 vi\u0146a pati atz\u012bst, ir arvien lab\u0101k iepaz\u012bt savu autentiskumu un atteikties no t\u0101, kas vi\u0146u novirza no sevis.<\/p>\n<p>P\u0113d\u0113j\u0101 gada laik\u0101 R\u0113zija Kalni\u0146a atz\u012bst, ka dz\u012bv\u0113 notiku\u0161as b\u016btiskas p\u0101rmai\u0146as, tostarp p\u0113k\u0161\u0146i notikus\u012b aktrises Lilitas Ozoli\u0146as aizie\u0161ana, kas licis p\u0101rskat\u012bt dz\u012bves priorit\u0101tes un koncentr\u0113ties uz darbu, kas sniedz \u201cC vitam\u012bnu gar\u012bg\u0101 noz\u012bm\u0113\u201d.<\/p>\n<p>\u012aslaic\u012bga politisk\u0101 ietekme<\/p>\n<p>Papildus m\u0101kslas aprind\u0101m, R\u0113zija Kalni\u0146a \u012bsu br\u012bdi iesaist\u012bj\u0101s ar\u012b Latvijas politik\u0101. Vi\u0146a tika iev\u0113l\u0113ta M\u0101rupes novada dom\u0113 no Nacion\u0101l\u0101s apvien\u012bbas saraksta. Tom\u0113r \u0161is politiskais solis izr\u0101d\u012bj\u0101s \u012bslaic\u012bgs, un aktrise dr\u012bz p\u0113c iev\u0113l\u0113\u0161anas nolika savu deput\u0101tes mand\u0101tu, atgrie\u017eoties pie savas prim\u0101r\u0101s nodarbo\u0161an\u0101s \u2013 m\u0101kslas.<\/p>\n<p>\u0160odien, sagaidot dzim\u0161anas dienu, R\u0113zija Kalni\u0146a, neskatoties uz pagaid\u0101m atliktajiem kl\u0101tienes sveicieniem, neap\u0161aub\u0101mi tiek sumin\u0101ta no te\u0101tra kol\u0113\u0123iem, skat\u012bt\u0101jiem un kino industrijas p\u0101rst\u0101vjiem par vi\u0146as noz\u012bm\u012bgo ieguld\u012bjumu Latvijas kult\u016bras dz\u012bv\u0113. Vi\u0146as meistar\u012bba un kaisme pret te\u0101tri un kino turpina iedvesmot jaunas paaudzes.<\/p>\n","protected":false},"excerpt":{"rendered":"Dzim\u0161anas dienas svin\u012bbas aktrises gaum\u0113 \u0160odien, 24. decembr\u012b, savu dzim\u0161anas dienu svin viena no Latvijas te\u0101tra un kino&hellip;\n","protected":false},"author":2,"featured_media":84743,"comment_status":"","ping_status":"","sticky":false,"template":"","format":"standard","meta":{"footnotes":""},"categories":[19],"tags":[1740,454,5626,89,6853,90,35,39,38,36,37,34,40,8318],"class_list":{"0":"post-84742","1":"post","2":"type-post","3":"status-publish","4":"format-standard","5":"has-post-thumbnail","7":"category-izklaide","8":"tag-aktrise","9":"tag-dailes-teatris","10":"tag-dzimsanas-diena","11":"tag-entertainment","12":"tag-imants-kalnins","13":"tag-izklaide","14":"tag-latvia","15":"tag-latvian","16":"tag-latviesu","17":"tag-latviesu-valoda","18":"tag-latviesuvaloda","19":"tag-latvija","20":"tag-lv","21":"tag-rezija-kalnina"},"share_on_mastodon":{"url":"https:\/\/pubeurope.com\/@lv\/115772821577651299","error":""},"_links":{"self":[{"href":"https:\/\/www.europesays.com\/lv\/wp-json\/wp\/v2\/posts\/84742","targetHints":{"allow":["GET"]}}],"collection":[{"href":"https:\/\/www.europesays.com\/lv\/wp-json\/wp\/v2\/posts"}],"about":[{"href":"https:\/\/www.europesays.com\/lv\/wp-json\/wp\/v2\/types\/post"}],"author":[{"embeddable":true,"href":"https:\/\/www.europesays.com\/lv\/wp-json\/wp\/v2\/users\/2"}],"replies":[{"embeddable":true,"href":"https:\/\/www.europesays.com\/lv\/wp-json\/wp\/v2\/comments?post=84742"}],"version-history":[{"count":0,"href":"https:\/\/www.europesays.com\/lv\/wp-json\/wp\/v2\/posts\/84742\/revisions"}],"wp:featuredmedia":[{"embeddable":true,"href":"https:\/\/www.europesays.com\/lv\/wp-json\/wp\/v2\/media\/84743"}],"wp:attachment":[{"href":"https:\/\/www.europesays.com\/lv\/wp-json\/wp\/v2\/media?parent=84742"}],"wp:term":[{"taxonomy":"category","embeddable":true,"href":"https:\/\/www.europesays.com\/lv\/wp-json\/wp\/v2\/categories?post=84742"},{"taxonomy":"post_tag","embeddable":true,"href":"https:\/\/www.europesays.com\/lv\/wp-json\/wp\/v2\/tags?post=84742"}],"curies":[{"name":"wp","href":"https:\/\/api.w.org\/{rel}","templated":true}]}}